{"id":1008,"date":"2024-03-11T21:41:04","date_gmt":"2024-03-11T21:41:04","guid":{"rendered":"https:\/\/deportodos.com.ar\/2023\/?p=1008"},"modified":"2024-03-11T21:41:25","modified_gmt":"2024-03-11T21:41:25","slug":"exitoso-cierre-de-la-primera-del-ano","status":"publish","type":"post","link":"https:\/\/deportodos.com.ar\/2023\/exitoso-cierre-de-la-primera-del-ano\/","title":{"rendered":"EXITOSO CIERRE DE LA PRIMERA DEL A\u00d1O"},"content":{"rendered":"\n<p>El bloque de categor\u00edas Competici\u00f3n Especial Entrerriano rompi\u00f3 el hielo de sobremanera con la primer fecha del Campeonato R\u00edo Uruguay Seguros.<\/p>\n\n\n\n<p>Con el acompa\u00f1amiento del clima y el p\u00fablico, que en algunos casos pas\u00f3 la frontera para mirar un espect\u00e1culo de culto del mundo motor.<\/p>\n\n\n\n<p>Gran puesta en escena de Autodromo Concepci\u00f3n del Uruguay y Competici\u00f3n Especial Entrerriano estrenando escenograf\u00eda e indumentaria nueva para la Televisaci\u00f3n en vivo.<\/p>\n\n\n\n<p><strong>CLASE 1 \u00abCANT\u00d3 VICTORIA\u00bb <\/strong><\/p>\n\n\n\n<p>El Garc\u00eda Competici\u00f3n estuvo intratable en la divisional 1.<\/p>\n\n\n\n<p>Victorio Herbel cumpli\u00f3 con su palabra, la premisa era acelerar desde la primer fecha sin pensar en bridas o peso extra y lo cumpli\u00f3.<br>Aventaj\u00f3 ampliamente a sus perseguidores que formaron espectacular pelot\u00f3n a su espalda intercambiando incontable cantidad de veces posiciones.<\/p>\n\n\n\n<p>El piloto de Villaguay, Mart\u00edn Solari se ubic\u00f3 sefundo. El uruguayo F\u00e9lix de la Carrera mantiene su estad\u00eda en el podio gracias al tercer lugar obtenido.<\/p>\n\n\n\n<p>Debut de \u00faltimo momento: el piloto porte\u00f1o Pablo Chimento, que llega a una bien nutrida Clase 1, logrando acercarse muy bien en pruebas libres.<\/p>\n\n\n\n<p>Copa Seniors<\/p>\n\n\n\n<p>El montevideano Diego Howard revirti\u00f3 una clasificaci\u00f3n adversa para llevarse su primer triufo de lado Argento.<\/p>\n\n\n\n<p><strong>CLASE 2 CUMPLIO CON LA PRIMERA<\/strong><\/p>\n\n\n\n<p>Di\u00f3 inicio de manera oficial el primer campeonato de clase 2.<\/p>\n\n\n\n<p>Con autos que lograron un gran ritmo de carrera y mostraron el potencial que tiene como clase ante la inminente llegada de autos.<\/p>\n\n\n\n<p>Estefano Kunzi gan\u00f3 la carrera final dando vuelta el resultado de la serie. Posterg\u00f3 al concordiense Agust\u00edn Roncaglione al segundo lugar llev\u00e1ndose los laureles a Paran\u00e1.<br>Fu\u00e9 tercero Lucas Corval\u00e1n.<\/p>\n\n\n\n<p><strong>CLASE 2 CHAPA DE CAMPEON<\/strong><\/p>\n\n\n\n<p>Franco Morend no recibi\u00f3 resistencia y justific\u00f3 el numero que carga sobre los laterales. Llev\u00e1ndose para el dato la primer pole de su carrera<\/p>\n\n\n\n<p>El uruguayo Francisco Freitas que mucho trabaj\u00f3 con su equipo en la pretemporada se ubic\u00f3 segundo, mientras que el bovrilense Joaqu\u00edn Pereyra puso al Fiat Uno en la tercera ubicaci\u00f3n.<\/p>\n\n\n\n<p>La categor\u00eda por excelencia de autos de turismo en la provincia destac\u00f3 un excelente parque de maquinas.<\/p>\n\n\n\n<p>-Copa Seniors:<\/p>\n\n\n\n<p>Emotivo regreso triunfal para el hist\u00f3rico Am\u00edlcar Sigot. Que fu\u00e9 protagonista con su VW Gol a la espera del debut de su auto de nueva generaci\u00f3n.<br><\/p>\n\n\n\n<p><strong>EL 6 CILINDROS RUGI\u00d3 EN LA HISTORICA<\/strong><\/p>\n\n\n\n<p>Positivo arranque para TC Pista Entrerriano donde pudo verse m\u00e1quinas trabajadas al detalle.<\/p>\n\n\n\n<p>El joven Juan Pablo Torreta prevaleci\u00f3 en la carrera final sacando buena ventaja a los gualeguaychenses Martin Fiorotto y Cristian Zanandrea.<\/p>\n","protected":false},"excerpt":{"rendered":"<p>El bloque de categor\u00edas Competici\u00f3n Especial Entrerriano rompi\u00f3 el hielo de sobremanera con la primer&#8230;<\/p>\n","protected":false},"author":2,"featured_media":1009,"comment_status":"open","ping_status":"open","sticky":false,"template":"","format":"standard","meta":{"footnotes":""},"categories":[6],"tags":[],"class_list":["post-1008","post","type-post","status-publish","format-standard","has-post-thumbnail","hentry","category-automovilismo"],"featured_image_urls":{"full":["https:\/\/deportodos.com.ar\/2023\/wp-content\/uploads\/2024\/03\/IMG-20240311-WA0014.jpg",1599,1066,false],"thumbnail":["https:\/\/deportodos.com.ar\/2023\/wp-content\/uploads\/2024\/03\/IMG-20240311-WA0014-150x150.jpg",150,150,true],"medium":["https:\/\/deportodos.com.ar\/2023\/wp-content\/uploads\/2024\/03\/IMG-20240311-WA0014-300x200.jpg",300,200,true],"medium_large":["https:\/\/deportodos.com.ar\/2023\/wp-content\/uploads\/2024\/03\/IMG-20240311-WA0014-768x512.jpg",640,427,true],"large":["https:\/\/deportodos.com.ar\/2023\/wp-content\/uploads\/2024\/03\/IMG-20240311-WA0014-1024x683.jpg",640,427,true],"1536x1536":["https:\/\/deportodos.com.ar\/2023\/wp-content\/uploads\/2024\/03\/IMG-20240311-WA0014-1536x1024.jpg",1536,1024,true],"2048x2048":["https:\/\/deportodos.com.ar\/2023\/wp-content\/uploads\/2024\/03\/IMG-20240311-WA0014.jpg",1599,1066,false],"covernews-featured":["https:\/\/deportodos.com.ar\/2023\/wp-content\/uploads\/2024\/03\/IMG-20240311-WA0014-1024x683.jpg",1024,683,true],"covernews-medium":["https:\/\/deportodos.com.ar\/2023\/wp-content\/uploads\/2024\/03\/IMG-20240311-WA0014-540x340.jpg",540,340,true]},"author_info":{"display_name":"c2530142","author_link":"https:\/\/deportodos.com.ar\/2023\/author\/c2530142\/"},"category_info":"<a href=\"https:\/\/deportodos.com.ar\/2023\/category\/automovilismo\/\" rel=\"category tag\">Automovilismo<\/a>","tag_info":"Automovilismo","comment_count":"0","_links":{"self":[{"href":"https:\/\/deportodos.com.ar\/2023\/wp-json\/wp\/v2\/posts\/1008","targetHints":{"allow":["GET"]}}],"collection":[{"href":"https:\/\/deportodos.com.ar\/2023\/wp-json\/wp\/v2\/posts"}],"about":[{"href":"https:\/\/deportodos.com.ar\/2023\/wp-json\/wp\/v2\/types\/post"}],"author":[{"embeddable":true,"href":"https:\/\/deportodos.com.ar\/2023\/wp-json\/wp\/v2\/users\/2"}],"replies":[{"embeddable":true,"href":"https:\/\/deportodos.com.ar\/2023\/wp-json\/wp\/v2\/comments?post=1008"}],"version-history":[{"count":1,"href":"https:\/\/deportodos.com.ar\/2023\/wp-json\/wp\/v2\/posts\/1008\/revisions"}],"predecessor-version":[{"id":1010,"href":"https:\/\/deportodos.com.ar\/2023\/wp-json\/wp\/v2\/posts\/1008\/revisions\/1010"}],"wp:featuredmedia":[{"embeddable":true,"href":"https:\/\/deportodos.com.ar\/2023\/wp-json\/wp\/v2\/media\/1009"}],"wp:attachment":[{"href":"https:\/\/deportodos.com.ar\/2023\/wp-json\/wp\/v2\/media?parent=1008"}],"wp:term":[{"taxonomy":"category","embeddable":true,"href":"https:\/\/deportodos.com.ar\/2023\/wp-json\/wp\/v2\/categories?post=1008"},{"taxonomy":"post_tag","embeddable":true,"href":"https:\/\/deportodos.com.ar\/2023\/wp-json\/wp\/v2\/tags?post=1008"}],"curies":[{"name":"wp","href":"https:\/\/api.w.org\/{rel}","templated":true}]}}