{"id":1032,"date":"2024-03-15T00:14:00","date_gmt":"2024-03-15T00:14:00","guid":{"rendered":"https:\/\/deportodos.com.ar\/2023\/?p=1032"},"modified":"2024-03-15T00:14:01","modified_gmt":"2024-03-15T00:14:01","slug":"cuatro-entrerrianos-estaran-entre-los-46-pilotos-del-tc-en-viedma","status":"publish","type":"post","link":"https:\/\/deportodos.com.ar\/2023\/cuatro-entrerrianos-estaran-entre-los-46-pilotos-del-tc-en-viedma\/","title":{"rendered":"CUATRO ENTRERRIANOS ESTAR\u00c1N ENTRE LOS 46 PILOTOS DEL TC EN VIEDMA"},"content":{"rendered":"\n<p>Cuatro entrerrianos se anotaron para disputar la segunda fecha del Turismo Carretera, que tendr\u00e1 como escenario la ciudad de Viedma, R\u00edo Negro. El \u00faltimo campe\u00f3n Mariano Werner (Ford Mustang), el uruguayense Nicol\u00e1s Bonelli (Ford), el ramirense Ayrton Londero (Ford) y el paranaense Agust\u00edn Mart\u00ednez (Ford) estar\u00e1n del viernes al domingo entre los 46 protagonistas.<\/p>\n\n\n\n<p>Los cuatro repetir\u00e1n respecto de la primera cita en El Calafate, y la misma cifra de nuevos inscriptos habr\u00e1 en la ciudad rionegrina. En esta oportunidad regresar\u00e1n Mart\u00edn V\u00e1zquez, Diego De Carlo, Mat\u00edas Jalaf y Juan Garbelino.<\/p>\n\n\n\n<p>Entre los presentes estar\u00e1n Juan Cruz Benvenuti y Sebastian Abella. Recordemos que ambos no fueron de la partida en la primera final porque sus autos sufrieron fuertes da\u00f1os luego de despistes que tuvieron.<\/p>\n\n\n\n<p><strong>Los anotados<\/strong><\/p>\n\n\n\n<figure class=\"wp-block-table\"><table><tbody><tr><td>Nro.<\/td><td>Piloto<\/td><td>Nro.<\/td><td>&nbsp;<\/td><\/tr><tr><td>1<\/td><td><strong>Werner, Mariano<\/strong><\/td><td>83<\/td><td>Ardusso, Facundo<\/td><\/tr><tr><td>68<\/td><td>Santero, Juli\u00e1n<\/td><td>22<\/td><td>Ebarl\u00edn, Juan Jos\u00e9<\/td><\/tr><tr><td>3<\/td><td>Todino, Germ\u00e1n<\/td><td>177<\/td><td><strong>Londero, Ayrton<\/strong><\/td><\/tr><tr><td>6<\/td><td>Lambiris, Mauricio<\/td><td>122<\/td><td>Jakos, Andr\u00e9s<\/td><\/tr><tr><td>4<\/td><td>Castellano, Jonatan<\/td><td>157<\/td><td>De Benedictis , Juan B.<\/td><\/tr><tr><td>7<\/td><td>Landa, Marcos<\/td><td>197<\/td><td>Quijada, Marcos<\/td><\/tr><tr><td>5<\/td><td>Mangoni, Santiago<\/td><td>34<\/td><td>Spataro, Emiliano<\/td><\/tr><tr><td>231<\/td><td>Urcera, Jos\u00e9 Manuel<\/td><td>75<\/td><td>Alaux, Sergio<\/td><\/tr><tr><td>9<\/td><td>Trucco, Juan Mart\u00edn<\/td><td>38<\/td><td>Cotignola, Nicol\u00e1s<\/td><\/tr><tr><td>10<\/td><td>Aguirre, Valent\u00edn<\/td><td>161<\/td><td>Candela, Kevin<\/td><\/tr><tr><td>12<\/td><td>Mazzacane, Gast\u00f3n<\/td><td>123<\/td><td>V\u00e1zquez, Mart\u00edn<\/td><\/tr><tr><td>11<\/td><td>Ledesma, Christian<\/td><td>77<\/td><td>Carinelli, Augusto<\/td><\/tr><tr><td>13<\/td><td>Catal\u00e1n Magni, Juan Tom\u00e1s<\/td><td>114<\/td><td>Ferrante, Gast\u00f3n<\/td><\/tr><tr><td>127<\/td><td>Agrelo, Marcelo<\/td><td>47<\/td><td>Fontana, Norberto<\/td><\/tr><tr><td>88<\/td><td>Trosset, Nicol\u00e1s<\/td><td>115<\/td><td>De Carlo, Diego<\/td><\/tr><tr><td>63<\/td><td><strong>Bonelli, Nicol\u00e1s<\/strong><\/td><td>53<\/td><td>Iribarne, Federico<\/td><\/tr><tr><td>23<\/td><td>Gini, Esteban<\/td><td>134<\/td><td>Jalaf, Mat\u00edas<\/td><\/tr><tr><td>19<\/td><td>Ciantini, Diego<\/td><td>107<\/td><td>Mart\u00ednez, Tob\u00edas<\/td><\/tr><tr><td>21<\/td><td>Fritzler, Otto<\/td><td>111<\/td><td>Garbelino, Juan<\/td><\/tr><tr><td>96<\/td><td>Benvenuti, Juan Cruz<\/td><td>95<\/td><td><strong>Mart\u00ednez, Agust\u00edn<\/strong><\/td><\/tr><tr><td>85<\/td><td>Risatti, Ricardo<\/td><td>94<\/td><td>De La Iglesia, Lautaro<\/td><\/tr><tr><td>121<\/td><td>Craparo, Elio<\/td><td>71<\/td><td>Abella, Sebasti\u00e1n<\/td><\/tr><tr><td>172<\/td><td>\u00c1lvarez, Santiago<\/td><td>79<\/td><td>Chapur, Facundo<\/td><\/tr><\/tbody><\/table><\/figure>\n\n\n\n<blockquote class=\"wp-block-quote is-layout-flow wp-block-quote-is-layout-flow\">\n<p><\/p>\n<cite>www.analisisdigital.com.ar<\/cite><\/blockquote>\n","protected":false},"excerpt":{"rendered":"<p>Cuatro entrerrianos se anotaron para disputar la segunda fecha del Turismo Carretera, que tendr\u00e1 como&#8230;<\/p>\n","protected":false},"author":2,"featured_media":1033,"comment_status":"open","ping_status":"open","sticky":false,"template":"","format":"standard","meta":{"footnotes":""},"categories":[6],"tags":[],"class_list":["post-1032","post","type-post","status-publish","format-standard","has-post-thumbnail","hentry","category-automovilismo"],"featured_image_urls":{"full":["https:\/\/deportodos.com.ar\/2023\/wp-content\/uploads\/2024\/03\/66375.jpg",450,300,false],"thumbnail":["https:\/\/deportodos.com.ar\/2023\/wp-content\/uploads\/2024\/03\/66375-150x150.jpg",150,150,true],"medium":["https:\/\/deportodos.com.ar\/2023\/wp-content\/uploads\/2024\/03\/66375-300x200.jpg",300,200,true],"medium_large":["https:\/\/deportodos.com.ar\/2023\/wp-content\/uploads\/2024\/03\/66375.jpg",450,300,false],"large":["https:\/\/deportodos.com.ar\/2023\/wp-content\/uploads\/2024\/03\/66375.jpg",450,300,false],"1536x1536":["https:\/\/deportodos.com.ar\/2023\/wp-content\/uploads\/2024\/03\/66375.jpg",450,300,false],"2048x2048":["https:\/\/deportodos.com.ar\/2023\/wp-content\/uploads\/2024\/03\/66375.jpg",450,300,false],"covernews-featured":["https:\/\/deportodos.com.ar\/2023\/wp-content\/uploads\/2024\/03\/66375.jpg",450,300,false],"covernews-medium":["https:\/\/deportodos.com.ar\/2023\/wp-content\/uploads\/2024\/03\/66375.jpg",450,300,false]},"author_info":{"display_name":"c2530142","author_link":"https:\/\/deportodos.com.ar\/2023\/author\/c2530142\/"},"category_info":"<a href=\"https:\/\/deportodos.com.ar\/2023\/category\/automovilismo\/\" rel=\"category tag\">Automovilismo<\/a>","tag_info":"Automovilismo","comment_count":"0","_links":{"self":[{"href":"https:\/\/deportodos.com.ar\/2023\/wp-json\/wp\/v2\/posts\/1032","targetHints":{"allow":["GET"]}}],"collection":[{"href":"https:\/\/deportodos.com.ar\/2023\/wp-json\/wp\/v2\/posts"}],"about":[{"href":"https:\/\/deportodos.com.ar\/2023\/wp-json\/wp\/v2\/types\/post"}],"author":[{"embeddable":true,"href":"https:\/\/deportodos.com.ar\/2023\/wp-json\/wp\/v2\/users\/2"}],"replies":[{"embeddable":true,"href":"https:\/\/deportodos.com.ar\/2023\/wp-json\/wp\/v2\/comments?post=1032"}],"version-history":[{"count":1,"href":"https:\/\/deportodos.com.ar\/2023\/wp-json\/wp\/v2\/posts\/1032\/revisions"}],"predecessor-version":[{"id":1034,"href":"https:\/\/deportodos.com.ar\/2023\/wp-json\/wp\/v2\/posts\/1032\/revisions\/1034"}],"wp:featuredmedia":[{"embeddable":true,"href":"https:\/\/deportodos.com.ar\/2023\/wp-json\/wp\/v2\/media\/1033"}],"wp:attachment":[{"href":"https:\/\/deportodos.com.ar\/2023\/wp-json\/wp\/v2\/media?parent=1032"}],"wp:term":[{"taxonomy":"category","embeddable":true,"href":"https:\/\/deportodos.com.ar\/2023\/wp-json\/wp\/v2\/categories?post=1032"},{"taxonomy":"post_tag","embeddable":true,"href":"https:\/\/deportodos.com.ar\/2023\/wp-json\/wp\/v2\/tags?post=1032"}],"curies":[{"name":"wp","href":"https:\/\/api.w.org\/{rel}","templated":true}]}}