{"id":1040,"date":"2024-03-15T15:53:58","date_gmt":"2024-03-15T15:53:58","guid":{"rendered":"https:\/\/deportodos.com.ar\/2023\/?p=1040"},"modified":"2024-03-15T15:53:58","modified_gmt":"2024-03-15T15:53:58","slug":"copa-entre-rios-2024-3","status":"publish","type":"post","link":"https:\/\/deportodos.com.ar\/2023\/copa-entre-rios-2024-3\/","title":{"rendered":"COPA ENTRE R\u00cdOS 2024"},"content":{"rendered":"\n<p>El torneo de clubes m\u00e1s importante de la provincia, que cuenta con el apoyo de la Comisi\u00f3n Administradora del R\u00edo Uruguay y el Banco de Entre R\u00edos, ingresa en etapa de definiciones.<\/p>\n\n\n\n<p>Este fin de semana se ponen en marcha las llaves de octavos en la Copa Entre R\u00edos \u201cArgentina Campe\u00f3n del Mundo\u201d.<\/p>\n\n\n\n<p>Con el desarrollo de los juegos de ida, las ocho series tendr\u00e1n sus primeros noventa minutos de disputa, en una jornada que se desarrollar\u00e1 de manera completa durante la jornada del domingo.<\/p>\n\n\n\n<p>Abarcando gran parte del territorio provincial, en esta oportunidad habr\u00e1 acci\u00f3n en Concepci\u00f3n del Uruguay, San Jos\u00e9, Concordia, Colonia El\u00eda, Basavilbaso, Oro Verde, Paran\u00e1 y La Paz.<\/p>\n\n\n\n<p>Con la esperanza de que el factor clim\u00e1tico acompa\u00f1e, la provincia se apronta para vivir una nueva jornada cargada de emociones.<\/p>\n\n\n\n<p>La programaci\u00f3n de la jornada ha quedado dispuesta de la siguiente manera:<\/p>\n\n\n\n<p><em>Zona Costa del Uruguay<\/em><\/p>\n\n\n\n<p><strong>Gimnasia (CdU) \u2013 Juventud Urdinarrain<\/strong><\/p>\n\n\n\n<p>Domingo 17\/3 \u2013 20 hs. Cancha de Gimnasia<\/p>\n\n\n\n<hr class=\"wp-block-separator has-alpha-channel-opacity\"\/>\n\n\n\n<p><strong>San Jos\u00e9 \u2013 Gualeguay Central<\/strong><\/p>\n\n\n\n<p>Domingo 17\/3 \u2013 17 hs. Cancha de San Jos\u00e9<\/p>\n\n\n\n<hr class=\"wp-block-separator has-alpha-channel-opacity\"\/>\n\n\n\n<p><strong>Victoria (Cdia.) \u2013 Deportivo Urdinarrain<\/strong><\/p>\n\n\n\n<p>Domingo 17\/3 \u2013 20 hs. Cancha Municipal<\/p>\n\n\n\n<hr class=\"wp-block-separator has-alpha-channel-opacity\"\/>\n\n\n\n<p><strong>Atl\u00e9tico Colonia El\u00eda \u2013 Central Entrerriano (Gch\u00fa.)<\/strong><\/p>\n\n\n\n<p>Domingo 17\/3 \u2013 17.30 hs. Cancha de Atl\u00e9tico Colonia El\u00eda<\/p>\n\n\n\n<hr class=\"wp-block-separator has-alpha-channel-opacity\"\/>\n\n\n\n<p><strong>Pe\u00f1arol (BB) \u2013 Atl\u00e9tico Diamantino<\/strong><\/p>\n\n\n\n<p>Domingo 17\/3 \u2013 17 hs. Cancha de Pe\u00f1arol<\/p>\n\n\n\n<hr class=\"wp-block-separator has-alpha-channel-opacity\"\/>\n\n\n\n<p><strong>Atl\u00e9tico Oro Verde \u2013 Pe\u00f1arol (Paran\u00e1)<\/strong><\/p>\n\n\n\n<p>Domingo 17\/3 \u2013 17 hs. Cancha de Atl\u00e9tico Oro Verde<\/p>\n\n\n\n<hr class=\"wp-block-separator has-alpha-channel-opacity\"\/>\n\n\n\n<p><strong>Ministerio (Paran\u00e1) \u2013 Malvinas (LP)<\/strong><\/p>\n\n\n\n<p>Domingo 17\/3 \u2013 17 hs. Cancha de Ministerio<\/p>\n\n\n\n<hr class=\"wp-block-separator has-alpha-channel-opacity\"\/>\n\n\n\n<p><strong>Caball\u00fa (LP) \u2013 Independiente (VdR)<\/strong><\/p>\n\n\n\n<p>Domingo 17\/3 \u2013 17.10 hs. Cancha de Patronato<\/p>\n\n\n\n<hr class=\"wp-block-separator has-alpha-channel-opacity\"\/>\n\n\n\n<p>Fotograf\u00eda: Facebook Radio Gualeguay LT 38 AM 1520<\/p>\n\n\n\n<blockquote class=\"wp-block-quote is-layout-flow wp-block-quote-is-layout-flow\">\n<p><\/p>\n<cite>www.federacionentrerrianadefutbol.org.ar<\/cite><\/blockquote>\n","protected":false},"excerpt":{"rendered":"<p>El torneo de clubes m\u00e1s importante de la provincia, que cuenta con el apoyo de&#8230;<\/p>\n","protected":false},"author":2,"featured_media":1041,"comment_status":"open","ping_status":"open","sticky":false,"template":"","format":"standard","meta":{"footnotes":""},"categories":[36],"tags":[],"class_list":["post-1040","post","type-post","status-publish","format-standard","has-post-thumbnail","hentry","category-futbol"],"featured_image_urls":{"full":["https:\/\/deportodos.com.ar\/2023\/wp-content\/uploads\/2024\/03\/FB_IMG_1710517832927.jpg",1080,1350,false],"thumbnail":["https:\/\/deportodos.com.ar\/2023\/wp-content\/uploads\/2024\/03\/FB_IMG_1710517832927-150x150.jpg",150,150,true],"medium":["https:\/\/deportodos.com.ar\/2023\/wp-content\/uploads\/2024\/03\/FB_IMG_1710517832927-240x300.jpg",240,300,true],"medium_large":["https:\/\/deportodos.com.ar\/2023\/wp-content\/uploads\/2024\/03\/FB_IMG_1710517832927-768x960.jpg",640,800,true],"large":["https:\/\/deportodos.com.ar\/2023\/wp-content\/uploads\/2024\/03\/FB_IMG_1710517832927-819x1024.jpg",640,800,true],"1536x1536":["https:\/\/deportodos.com.ar\/2023\/wp-content\/uploads\/2024\/03\/FB_IMG_1710517832927.jpg",1080,1350,false],"2048x2048":["https:\/\/deportodos.com.ar\/2023\/wp-content\/uploads\/2024\/03\/FB_IMG_1710517832927.jpg",1080,1350,false],"covernews-featured":["https:\/\/deportodos.com.ar\/2023\/wp-content\/uploads\/2024\/03\/FB_IMG_1710517832927-1024x1280.jpg",1024,1280,true],"covernews-medium":["https:\/\/deportodos.com.ar\/2023\/wp-content\/uploads\/2024\/03\/FB_IMG_1710517832927-540x340.jpg",540,340,true]},"author_info":{"display_name":"c2530142","author_link":"https:\/\/deportodos.com.ar\/2023\/author\/c2530142\/"},"category_info":"<a href=\"https:\/\/deportodos.com.ar\/2023\/category\/futbol\/\" rel=\"category tag\">Futbol<\/a>","tag_info":"Futbol","comment_count":"0","_links":{"self":[{"href":"https:\/\/deportodos.com.ar\/2023\/wp-json\/wp\/v2\/posts\/1040","targetHints":{"allow":["GET"]}}],"collection":[{"href":"https:\/\/deportodos.com.ar\/2023\/wp-json\/wp\/v2\/posts"}],"about":[{"href":"https:\/\/deportodos.com.ar\/2023\/wp-json\/wp\/v2\/types\/post"}],"author":[{"embeddable":true,"href":"https:\/\/deportodos.com.ar\/2023\/wp-json\/wp\/v2\/users\/2"}],"replies":[{"embeddable":true,"href":"https:\/\/deportodos.com.ar\/2023\/wp-json\/wp\/v2\/comments?post=1040"}],"version-history":[{"count":1,"href":"https:\/\/deportodos.com.ar\/2023\/wp-json\/wp\/v2\/posts\/1040\/revisions"}],"predecessor-version":[{"id":1042,"href":"https:\/\/deportodos.com.ar\/2023\/wp-json\/wp\/v2\/posts\/1040\/revisions\/1042"}],"wp:featuredmedia":[{"embeddable":true,"href":"https:\/\/deportodos.com.ar\/2023\/wp-json\/wp\/v2\/media\/1041"}],"wp:attachment":[{"href":"https:\/\/deportodos.com.ar\/2023\/wp-json\/wp\/v2\/media?parent=1040"}],"wp:term":[{"taxonomy":"category","embeddable":true,"href":"https:\/\/deportodos.com.ar\/2023\/wp-json\/wp\/v2\/categories?post=1040"},{"taxonomy":"post_tag","embeddable":true,"href":"https:\/\/deportodos.com.ar\/2023\/wp-json\/wp\/v2\/tags?post=1040"}],"curies":[{"name":"wp","href":"https:\/\/api.w.org\/{rel}","templated":true}]}}