{"id":1043,"date":"2024-03-15T22:08:55","date_gmt":"2024-03-15T22:08:55","guid":{"rendered":"https:\/\/deportodos.com.ar\/2023\/?p=1043"},"modified":"2024-03-15T22:08:56","modified_gmt":"2024-03-15T22:08:56","slug":"dos-concordienses-definen-la-gran-final-del-triatlon-jeep-en-concordia","status":"publish","type":"post","link":"https:\/\/deportodos.com.ar\/2023\/dos-concordienses-definen-la-gran-final-del-triatlon-jeep-en-concordia\/","title":{"rendered":"DOS CONCORDIENSES DEFINEN LA GRAN FINAL DEL TRIATL\u00d3N JEEP EN CONCORDIA"},"content":{"rendered":"\n<p>En Pen\u00ednsula Soler del Lago Salto Grande se realizar\u00e1 la sexta y \u00faltima fecha del Circuito Provincial de Triatl\u00f3n Jeep, que se correr\u00e1 en una distancia sprint, es decir 750 metros de nataci\u00f3n, 20 kil\u00f3metros de ciclismo y 5 de pedestrismo.<\/p>\n\n\n\n<p>Gran expectativa ha generado esta fecha, que se a denominado \u201cla gran final\u201d , puesto que tambi\u00e9n se estar\u00e1 definiendo el t\u00edtulo entre los varones, y la disputa ser\u00e1 entre los concordienses Alejandro Ricagno y Federico \u00c1lvarez, mientras que en damas ya se coron\u00f3 campeona en la fecha anterior, la concordiense Mar\u00eda Constanza Ricagno.<\/p>\n\n\n\n<p>Con respecto a esta definici\u00f3n por el t\u00edtulo entre los varones, cabe destacar que de ganar Ricagno, y sin importar la diferencia con \u00c1lvarez, se coronar\u00eda como nuevo campe\u00f3n, y de ganar \u00c1lvarez, \u00e9ste debe obtener una diferencia m\u00ednima de 28 segundos con respecto a Ricagno, para poder lograr el t\u00edtulo de esta temporada.<\/p>\n\n\n\n<p>Se espera adem\u00e1s la definici\u00f3n en todo el resto de categor\u00edas de este circuito que ha resultado muy exitoso en la presente temporada, y que llega as\u00ed a su desenlace en un epicentro que es un cl\u00e1sico, como lo es el Lago Salto Grande y que tan bien se presta para todo este tipo de competencias.<\/p>\n\n\n\n<p>Esta temporada, comenz\u00f3 en noviembre del a\u00f1o pasado aen Concordia, luego se traslad\u00f3 a Federaci\u00f3n y las fechas siguientes fueron en Victoria, La Paz y Santa Ana, para culminar nuevamente en la capital del citrus. Por otro lado, se est\u00e1n generando contactos para que este circuito visite nuevas sedes en la pr\u00f3xima temporada.<\/p>\n\n\n\n<p>Cabe destacar que luego de la carrera, se llevar\u00e1 a cabo en Playa Las Palmeras el almuerzo coronaci\u00f3n del campeonato, con la entrega de premios a todos los puestos de todas las categor\u00edas y tambi\u00e9n habr\u00e1 atractivos sorteos. entre todos los que terminen el certamen.<\/p>\n\n\n\n<p>Por \u00faltimo, cabe destacar que este jueves a las 20.30 se llevar\u00e1 a cabo una presentaci\u00f3n de la competencia en el Centro de Informaci\u00f3n Tur\u00edstica.<\/p>\n\n\n\n<p>Esta gran final cuenta con el acompa\u00f1amiento de la Subsecretaria de Deportes y tambi\u00e9n se destaca el apoyo de la Codesal.<\/p>\n\n\n\n<blockquote class=\"wp-block-quote is-layout-flow wp-block-quote-is-layout-flow\">\n<p><\/p>\n<cite>Www.diarioriouruguay.com.ar<\/cite><\/blockquote>\n","protected":false},"excerpt":{"rendered":"<p>En Pen\u00ednsula Soler del Lago Salto Grande se realizar\u00e1 la sexta y \u00faltima fecha del&#8230;<\/p>\n","protected":false},"author":2,"featured_media":1044,"comment_status":"open","ping_status":"open","sticky":false,"template":"","format":"standard","meta":{"footnotes":""},"categories":[33],"tags":[],"class_list":["post-1043","post","type-post","status-publish","format-standard","has-post-thumbnail","hentry","category-triatlon"],"featured_image_urls":{"full":["https:\/\/deportodos.com.ar\/2023\/wp-content\/uploads\/2024\/03\/FB_IMG_1710525067279.jpg",1080,928,false],"thumbnail":["https:\/\/deportodos.com.ar\/2023\/wp-content\/uploads\/2024\/03\/FB_IMG_1710525067279-150x150.jpg",150,150,true],"medium":["https:\/\/deportodos.com.ar\/2023\/wp-content\/uploads\/2024\/03\/FB_IMG_1710525067279-300x258.jpg",300,258,true],"medium_large":["https:\/\/deportodos.com.ar\/2023\/wp-content\/uploads\/2024\/03\/FB_IMG_1710525067279-768x660.jpg",640,550,true],"large":["https:\/\/deportodos.com.ar\/2023\/wp-content\/uploads\/2024\/03\/FB_IMG_1710525067279-1024x880.jpg",640,550,true],"1536x1536":["https:\/\/deportodos.com.ar\/2023\/wp-content\/uploads\/2024\/03\/FB_IMG_1710525067279.jpg",1080,928,false],"2048x2048":["https:\/\/deportodos.com.ar\/2023\/wp-content\/uploads\/2024\/03\/FB_IMG_1710525067279.jpg",1080,928,false],"covernews-featured":["https:\/\/deportodos.com.ar\/2023\/wp-content\/uploads\/2024\/03\/FB_IMG_1710525067279-1024x880.jpg",1024,880,true],"covernews-medium":["https:\/\/deportodos.com.ar\/2023\/wp-content\/uploads\/2024\/03\/FB_IMG_1710525067279-540x340.jpg",540,340,true]},"author_info":{"display_name":"c2530142","author_link":"https:\/\/deportodos.com.ar\/2023\/author\/c2530142\/"},"category_info":"<a href=\"https:\/\/deportodos.com.ar\/2023\/category\/triatlon\/\" rel=\"category tag\">Triatlon<\/a>","tag_info":"Triatlon","comment_count":"0","_links":{"self":[{"href":"https:\/\/deportodos.com.ar\/2023\/wp-json\/wp\/v2\/posts\/1043","targetHints":{"allow":["GET"]}}],"collection":[{"href":"https:\/\/deportodos.com.ar\/2023\/wp-json\/wp\/v2\/posts"}],"about":[{"href":"https:\/\/deportodos.com.ar\/2023\/wp-json\/wp\/v2\/types\/post"}],"author":[{"embeddable":true,"href":"https:\/\/deportodos.com.ar\/2023\/wp-json\/wp\/v2\/users\/2"}],"replies":[{"embeddable":true,"href":"https:\/\/deportodos.com.ar\/2023\/wp-json\/wp\/v2\/comments?post=1043"}],"version-history":[{"count":1,"href":"https:\/\/deportodos.com.ar\/2023\/wp-json\/wp\/v2\/posts\/1043\/revisions"}],"predecessor-version":[{"id":1045,"href":"https:\/\/deportodos.com.ar\/2023\/wp-json\/wp\/v2\/posts\/1043\/revisions\/1045"}],"wp:featuredmedia":[{"embeddable":true,"href":"https:\/\/deportodos.com.ar\/2023\/wp-json\/wp\/v2\/media\/1044"}],"wp:attachment":[{"href":"https:\/\/deportodos.com.ar\/2023\/wp-json\/wp\/v2\/media?parent=1043"}],"wp:term":[{"taxonomy":"category","embeddable":true,"href":"https:\/\/deportodos.com.ar\/2023\/wp-json\/wp\/v2\/categories?post=1043"},{"taxonomy":"post_tag","embeddable":true,"href":"https:\/\/deportodos.com.ar\/2023\/wp-json\/wp\/v2\/tags?post=1043"}],"curies":[{"name":"wp","href":"https:\/\/api.w.org\/{rel}","templated":true}]}}