{"id":106,"date":"2023-10-12T20:39:27","date_gmt":"2023-10-12T20:39:27","guid":{"rendered":"https:\/\/deportodos.com.ar\/2023\/?p=106"},"modified":"2023-10-12T20:39:27","modified_gmt":"2023-10-12T20:39:27","slug":"el-tn-llega-a-el-calafate","status":"publish","type":"post","link":"https:\/\/deportodos.com.ar\/2023\/el-tn-llega-a-el-calafate\/","title":{"rendered":"EL TN LLEGA A EL CALAFATE"},"content":{"rendered":"\n<p>El Turismo Nacional se presenta este fin de semana por primera vez en el aut\u00f3dromo de El Calafate para lo que ser\u00e1 la und\u00e9cima y pen\u00faltima fecha de la temporada 2023. Sin embargo, en la Clase 3 habr\u00e1 dos bajas sensibles para la competencia que se llevar\u00e1 a cabo en el trazado santacruce\u00f1o.<br>Una de las escuadras que no deber\u00e1 ausentarse de forma obligada es el Arana Ingenier\u00eda Sport. La formaci\u00f3n que dirige Pablo Arana sufri\u00f3 la baja de Antonino Garc\u00eda, quien luego de la \u00faltima cita en La Pampa dej\u00f3 de contar con la motorizaci\u00f3n de Esteban Pou. Al no encontrar un preparador disponible, el rionegrino debe dejar pasar la competencia.<br>Otro de los equipos que tom\u00f3 una determinaci\u00f3n similar fue la escuder\u00eda de Lucas Vicino. El mendocino opt\u00f3 por no presentarse en el Sur argentino y apuntar todos sus ca\u00f1ones al Gran Premio Coronaci\u00f3n, que tendr\u00e1 lugar el fin de semana del 19 de noviembre.<br>En la clase 2 no hay mayores novedades, y los pilotos entrerrianos tomar\u00e1n parte de la fecha, tal como lo han venido haciendo en el resto del a\u00f1o.<\/p>\n","protected":false},"excerpt":{"rendered":"<p>El Turismo Nacional se presenta este fin de semana por primera vez en el aut\u00f3dromo&#8230;<\/p>\n","protected":false},"author":2,"featured_media":107,"comment_status":"open","ping_status":"open","sticky":false,"template":"","format":"standard","meta":{"footnotes":""},"categories":[6],"tags":[],"class_list":["post-106","post","type-post","status-publish","format-standard","has-post-thumbnail","hentry","category-automovilismo"],"featured_image_urls":{"full":["https:\/\/deportodos.com.ar\/2023\/wp-content\/uploads\/2023\/10\/IMG-20231012-WA0036.jpg",1200,640,false],"thumbnail":["https:\/\/deportodos.com.ar\/2023\/wp-content\/uploads\/2023\/10\/IMG-20231012-WA0036-150x150.jpg",150,150,true],"medium":["https:\/\/deportodos.com.ar\/2023\/wp-content\/uploads\/2023\/10\/IMG-20231012-WA0036-300x160.jpg",300,160,true],"medium_large":["https:\/\/deportodos.com.ar\/2023\/wp-content\/uploads\/2023\/10\/IMG-20231012-WA0036-768x410.jpg",640,342,true],"large":["https:\/\/deportodos.com.ar\/2023\/wp-content\/uploads\/2023\/10\/IMG-20231012-WA0036-1024x546.jpg",640,341,true],"1536x1536":["https:\/\/deportodos.com.ar\/2023\/wp-content\/uploads\/2023\/10\/IMG-20231012-WA0036.jpg",1200,640,false],"2048x2048":["https:\/\/deportodos.com.ar\/2023\/wp-content\/uploads\/2023\/10\/IMG-20231012-WA0036.jpg",1200,640,false],"covernews-featured":["https:\/\/deportodos.com.ar\/2023\/wp-content\/uploads\/2023\/10\/IMG-20231012-WA0036-1024x546.jpg",1024,546,true],"covernews-medium":["https:\/\/deportodos.com.ar\/2023\/wp-content\/uploads\/2023\/10\/IMG-20231012-WA0036-540x340.jpg",540,340,true]},"author_info":{"display_name":"c2530142","author_link":"https:\/\/deportodos.com.ar\/2023\/author\/c2530142\/"},"category_info":"<a href=\"https:\/\/deportodos.com.ar\/2023\/category\/automovilismo\/\" rel=\"category tag\">Automovilismo<\/a>","tag_info":"Automovilismo","comment_count":"0","_links":{"self":[{"href":"https:\/\/deportodos.com.ar\/2023\/wp-json\/wp\/v2\/posts\/106","targetHints":{"allow":["GET"]}}],"collection":[{"href":"https:\/\/deportodos.com.ar\/2023\/wp-json\/wp\/v2\/posts"}],"about":[{"href":"https:\/\/deportodos.com.ar\/2023\/wp-json\/wp\/v2\/types\/post"}],"author":[{"embeddable":true,"href":"https:\/\/deportodos.com.ar\/2023\/wp-json\/wp\/v2\/users\/2"}],"replies":[{"embeddable":true,"href":"https:\/\/deportodos.com.ar\/2023\/wp-json\/wp\/v2\/comments?post=106"}],"version-history":[{"count":1,"href":"https:\/\/deportodos.com.ar\/2023\/wp-json\/wp\/v2\/posts\/106\/revisions"}],"predecessor-version":[{"id":108,"href":"https:\/\/deportodos.com.ar\/2023\/wp-json\/wp\/v2\/posts\/106\/revisions\/108"}],"wp:featuredmedia":[{"embeddable":true,"href":"https:\/\/deportodos.com.ar\/2023\/wp-json\/wp\/v2\/media\/107"}],"wp:attachment":[{"href":"https:\/\/deportodos.com.ar\/2023\/wp-json\/wp\/v2\/media?parent=106"}],"wp:term":[{"taxonomy":"category","embeddable":true,"href":"https:\/\/deportodos.com.ar\/2023\/wp-json\/wp\/v2\/categories?post=106"},{"taxonomy":"post_tag","embeddable":true,"href":"https:\/\/deportodos.com.ar\/2023\/wp-json\/wp\/v2\/tags?post=106"}],"curies":[{"name":"wp","href":"https:\/\/api.w.org\/{rel}","templated":true}]}}