{"id":1061,"date":"2024-03-18T02:37:53","date_gmt":"2024-03-18T02:37:53","guid":{"rendered":"https:\/\/deportodos.com.ar\/2023\/?p=1061"},"modified":"2024-03-18T02:37:58","modified_gmt":"2024-03-18T02:37:58","slug":"patronato-no-jugo-bien-y-termino-igualando-ante-guemes-de-local","status":"publish","type":"post","link":"https:\/\/deportodos.com.ar\/2023\/patronato-no-jugo-bien-y-termino-igualando-ante-guemes-de-local\/","title":{"rendered":"PATRONATO NO JUG\u00d3 BIEN Y TERMIN\u00d3 IGUALANDO ANTE G\u00dcEMES DE LOCAL"},"content":{"rendered":"\n<p><strong>Patronato empat\u00f3 este domingo 0 a 0 ante G\u00fcemes de Santiago del Estero en uno de los encuentros correspondiente a la s\u00e9ptima fecha del campeonato de la Primera Nacional, Zona A. El pobre encuentro se desarroll\u00f3 en el estadio Presb\u00edtero Bartolom\u00e9 Grella bajo el arbitraje de Fabrizio Llobet.<\/strong><\/p>\n\n\n\n<p>El\u00a0<em>Rojinegro\u00a0<\/em>busca recuperarse despu\u00e9s de la derrota que sufri\u00f3 siete d\u00edas atr\u00e1s en Mar del Plata a manos de Alvarado. En la Costa Atl\u00e1ntica el elenco de barrio Villa Sarmiento registr\u00f3 su segunda ca\u00edda seguida en calidad de visitante. A su vez fue el tercer juego consecutivo en el que comenz\u00f3 debajo en el marcador.<\/p>\n\n\n\n<p>Los primeros minutos fueron parejos, pero la chance m\u00e1s clara estuvo en los pies de Arnaldo Gonz\u00e1lez. Luego de una buena acci\u00f3n colectiva, el\u00a0<em>Pitu\u00a0<\/em>no tuvo punter\u00eda para poner el primero de Patronato.<\/p>\n\n\n\n<p>Con el correr de los minutos, la visita se anim\u00f3 y subi\u00f3 metros en el terreno de juego. Al&nbsp;<em>Rojinegro&nbsp;<\/em>le costaba una enormidad ser profundo y generar peligro.<\/p>\n\n\n\n<p>Por momentos, los equipos se prestaban la pelota. En ese contexto, G\u00fcemes pareci\u00f3 tener m\u00e1s paciencia en la ofensiva. El equipo de Walter Perazzo no encontraba la forma de romper con el cerrojo defensivo de su rival.<\/p>\n\n\n\n<p>Cerca del final del primer tiempo, se despert\u00f3 Patronato y Franco Coronel estuvo cerca de marcar pero el disparo del delantero termin\u00f3 pegando en el palo.<\/p>\n\n\n\n<p>La respuesta del equipo santiague\u00f1o no se hizo esperar y Claudio Vega sac\u00f3 un fuerte remate que Julio Salv\u00e1 despej\u00f3 con esfuerzo. Fue lo \u00faltimo de un primer tiempo muy pobre en el Grella.<\/p>\n\n\n\n<p>En el complemento, Walter Perazzo decidi\u00f3 sacar a Juan Barinaga para meter a Ezequiel Gonz\u00e1lez. De arranque, Patronato tuvo el primero en un cabezazo de Diego Mart\u00ednez que el arquero Juan Mendonca logr\u00f3 despejar sobre la l\u00ednea.<\/p>\n\n\n\n<p>Despu\u00e9s, el partido volvi\u00f3 a caer en un pozo. Reci\u00e9n pasados los 20&#8242;, el local volvi\u00f3 a inquietar con un cabezazo del ingresado Alejo Mir\u00f3 que termin\u00f3 pegando en el travesa\u00f1o. El encuentro volvi\u00f3 a ganar en emociones, porque segundos despu\u00e9s se lo perdi\u00f3 Vega para G\u00fcemes.<\/p>\n\n\n\n<p>En los minutos finales, Perazzo busc\u00f3 aire en el banco de suplentes y cambi\u00f3 a los dos hombres de punta. Claro que el panorama no cambi\u00f3 y Patronato sigui\u00f3 con un andar cansino.<\/p>\n\n\n\n<p>La visita tuvo el triunfo en los pies de Milton G\u00e9rez, pero en dos tiempos Salv\u00e1 se qued\u00f3 con el grito de gol. En tanto, el&nbsp;<em>Santo&nbsp;<\/em>tambi\u00e9n tuvo la suya con una mediavuelta de Emanuel Maciel que Mendonca sac\u00f3 al c\u00f3rner.<\/p>\n\n\n\n<p>No hubo tiempo para m\u00e1s. El 0 a 0 le qued\u00f3 perfecto a un pobre partido.<\/p>\n\n\n\n<h3 class=\"wp-block-heading\">S\u00edntesis<\/h3>\n\n\n\n<p><strong>Patronato (0):<\/strong>&nbsp;Julio Salv\u00e1; Gonzalo As\u00eds, Brayam Sosa, Mart\u00edn Ferreyra, Diego Mart\u00ednez; Juan Barinaga (46&#8242; E. Gonz\u00e1lez), Gustavo Turraca (84&#8242; A. Picco), Emanuel Maciel, Arnaldo Gonz\u00e1lez (60&#8242; A. Mir\u00f3); Jos\u00e9 Valencia (79&#8242; Meynier), Franco Coronel (79&#8242; S. Malimberni). DT: Walter Perazzo.<\/p>\n\n\n\n<p><strong>G\u00fcemes (0):<\/strong>&nbsp;Juan Mendonca; Cristian Broggi, Walter Ju\u00e1rez, Mat\u00edas Escudero, Ramiro R\u00edos; Lautaro Belleggia (82&#8242; D. Veliz), Emiliano Griffa, Sebasti\u00e1n Carruega (88&#8242; F. Torres), Miton G\u00e9rez; Claudio Vega, Emanuel Mercado (65&#8242; G. Alarc\u00f3n). DT: Walter Marchessi.<\/p>\n\n\n\n<p>\u00c1rbitro: Fabrizio Llobet. Estadio: Presb\u00edtero Grella.<\/p>\n\n\n\n<blockquote class=\"wp-block-quote is-layout-flow wp-block-quote-is-layout-flow\">\n<p><\/p>\n<cite>www.unoentrerios.com.ar<\/cite><\/blockquote>\n","protected":false},"excerpt":{"rendered":"<p>Patronato empat\u00f3 este domingo 0 a 0 ante G\u00fcemes de Santiago del Estero en uno&#8230;<\/p>\n","protected":false},"author":2,"featured_media":1062,"comment_status":"open","ping_status":"open","sticky":false,"template":"","format":"standard","meta":{"footnotes":""},"categories":[36],"tags":[],"class_list":["post-1061","post","type-post","status-publish","format-standard","has-post-thumbnail","hentry","category-futbol"],"featured_image_urls":{"full":["https:\/\/deportodos.com.ar\/2023\/wp-content\/uploads\/2024\/03\/patronato-guemes-3jpg.jpg",642,361,false],"thumbnail":["https:\/\/deportodos.com.ar\/2023\/wp-content\/uploads\/2024\/03\/patronato-guemes-3jpg-150x150.jpg",150,150,true],"medium":["https:\/\/deportodos.com.ar\/2023\/wp-content\/uploads\/2024\/03\/patronato-guemes-3jpg-300x169.jpg",300,169,true],"medium_large":["https:\/\/deportodos.com.ar\/2023\/wp-content\/uploads\/2024\/03\/patronato-guemes-3jpg.jpg",640,360,false],"large":["https:\/\/deportodos.com.ar\/2023\/wp-content\/uploads\/2024\/03\/patronato-guemes-3jpg.jpg",640,360,false],"1536x1536":["https:\/\/deportodos.com.ar\/2023\/wp-content\/uploads\/2024\/03\/patronato-guemes-3jpg.jpg",642,361,false],"2048x2048":["https:\/\/deportodos.com.ar\/2023\/wp-content\/uploads\/2024\/03\/patronato-guemes-3jpg.jpg",642,361,false],"covernews-featured":["https:\/\/deportodos.com.ar\/2023\/wp-content\/uploads\/2024\/03\/patronato-guemes-3jpg.jpg",642,361,false],"covernews-medium":["https:\/\/deportodos.com.ar\/2023\/wp-content\/uploads\/2024\/03\/patronato-guemes-3jpg-540x340.jpg",540,340,true]},"author_info":{"display_name":"c2530142","author_link":"https:\/\/deportodos.com.ar\/2023\/author\/c2530142\/"},"category_info":"<a href=\"https:\/\/deportodos.com.ar\/2023\/category\/futbol\/\" rel=\"category tag\">Futbol<\/a>","tag_info":"Futbol","comment_count":"0","_links":{"self":[{"href":"https:\/\/deportodos.com.ar\/2023\/wp-json\/wp\/v2\/posts\/1061","targetHints":{"allow":["GET"]}}],"collection":[{"href":"https:\/\/deportodos.com.ar\/2023\/wp-json\/wp\/v2\/posts"}],"about":[{"href":"https:\/\/deportodos.com.ar\/2023\/wp-json\/wp\/v2\/types\/post"}],"author":[{"embeddable":true,"href":"https:\/\/deportodos.com.ar\/2023\/wp-json\/wp\/v2\/users\/2"}],"replies":[{"embeddable":true,"href":"https:\/\/deportodos.com.ar\/2023\/wp-json\/wp\/v2\/comments?post=1061"}],"version-history":[{"count":1,"href":"https:\/\/deportodos.com.ar\/2023\/wp-json\/wp\/v2\/posts\/1061\/revisions"}],"predecessor-version":[{"id":1063,"href":"https:\/\/deportodos.com.ar\/2023\/wp-json\/wp\/v2\/posts\/1061\/revisions\/1063"}],"wp:featuredmedia":[{"embeddable":true,"href":"https:\/\/deportodos.com.ar\/2023\/wp-json\/wp\/v2\/media\/1062"}],"wp:attachment":[{"href":"https:\/\/deportodos.com.ar\/2023\/wp-json\/wp\/v2\/media?parent=1061"}],"wp:term":[{"taxonomy":"category","embeddable":true,"href":"https:\/\/deportodos.com.ar\/2023\/wp-json\/wp\/v2\/categories?post=1061"},{"taxonomy":"post_tag","embeddable":true,"href":"https:\/\/deportodos.com.ar\/2023\/wp-json\/wp\/v2\/tags?post=1061"}],"curies":[{"name":"wp","href":"https:\/\/api.w.org\/{rel}","templated":true}]}}