{"id":1071,"date":"2024-03-18T16:39:33","date_gmt":"2024-03-18T16:39:33","guid":{"rendered":"https:\/\/deportodos.com.ar\/2023\/?p=1071"},"modified":"2024-03-18T16:39:34","modified_gmt":"2024-03-18T16:39:34","slug":"con-un-gran-marco-se-desarrollo-la-3-edicion-de-la-carrera-nocturna","status":"publish","type":"post","link":"https:\/\/deportodos.com.ar\/2023\/con-un-gran-marco-se-desarrollo-la-3-edicion-de-la-carrera-nocturna\/","title":{"rendered":"CON UN GRAN MARCO, SE DESARROLL\u00d3 LA 3\u00b0 EDICI\u00d3N DE LA CARRERA NOCTURNA"},"content":{"rendered":"\n<h4 class=\"wp-block-heading\">Miles de corredores profesionales y aficionados de Paran\u00e1 y otras ciudades se lucieron en los recorridos de 10k y 4k competitiva y 4k recreativa. El circuito tuvo como escenarios el Thompson y la costanera de Paran\u00e1. La intendenta Rosario Romero acompa\u00f1\u00f3 la premiaci\u00f3n de la competici\u00f3n que fue organizada por la Municipalidad.<\/h4>\n\n\n\n<p>\u201cDesde la municipalidad estamos muy contentos porque sabemos que ejercitar el cuerpo, fomentar las buenas pr\u00e1cticas deportivas alimenta tambi\u00e9n el esp\u00edritu, y los atletas que nos prestigian con su presencia. Agradecemos el apoyo de las distintas empresas que han colaborado para que esto se realice\u201d, valor\u00f3 la presidenta municipal de Paran\u00e1, Rosario Romero.&nbsp;<\/p>\n\n\n\n<p>El secretario de Gobierno y Coordinaci\u00f3n de Gabinete, Santiago Halle, destac\u00f3: \u201cHemos trabajado arduamente para la realizaci\u00f3n de esta nueva propuesta de la Municipalidad para que much\u00edsimos deportistas y amantes de la vida sana de la ciudad y de numerosas localidades se puedan sumar para participar\u201d.&nbsp;&nbsp;<\/p>\n\n\n\n<p>El subsecretario de Deportes, Juan Arbitelli, expres\u00f3: \u201cconsideramos que es un \u00e9xito tur\u00edstico y deportivo, el clima estuvo de nuestro lado en esta ocasi\u00f3n y ha venido mucha gente de diferentes localidades\u201d.&nbsp;<\/p>\n\n\n\n<p><strong><br>Competidores destacaron la organizaci\u00f3n<\/strong><\/p>\n\n\n\n<p>Juli\u00e1n Molina, ganador de la categor\u00eda 10K Varones, manifest\u00f3 la alegr\u00eda de poder competir y valor\u00f3 la organizaci\u00f3n: \u201cLa verdad que fue buen\u00edsimo todo, bien organizados los circuitos de 4 y de 10 kil\u00f3metros, es bueno que se haga una carrera en la ciudad\u201d.<\/p>\n\n\n\n<p>Patricia Ponce, ganadora de 10k Mujeres, dijo: \u201cEstoy muy agradecida por los paranaenses, siempre vengo a correr, muy linda la organizaci\u00f3n y la atenci\u00f3n en todo momento\u201d.<\/p>\n\n\n\n<p>Lucrecia Godoy, primera en 4k Mujeres, valor\u00f3: \u201cEs un sue\u00f1o haber podido ganar en esta carrera me enorgullece. La experiencia fue muy linda\u201d.&nbsp;<\/p>\n\n\n\n<p>Estuvieron presentes funcionarios, concejales, vecinos y familiares de los competidores.&nbsp;<\/p>\n\n\n\n<p><strong><br>Todos los ganadores<\/strong><\/p>\n\n\n\n<p><strong>Clasificaci\u00f3n categor\u00edas 10 k<\/strong><\/p>\n\n\n\n<p>-Mujeres -24: 1-Borgetto, Gianelli, 2-Jacobi, Luciana, 3-Ram\u00edrez, Abril.<br>-Mujeres 25\/34: 1- Alarc\u00f3n, Yamila; 2-Petrona, Mar\u00eda Sol; 3-Dassetto, Valentina.<br>-Mujeres 35\/44: 1-Afure, Claudia; 2- Arduino, Janet; 3-Noguera, Teresita Margarita.<br>-Mujeres 45\/54: 1-Ponce, Patricia Isabel; 2- Lazzarini, Andrea; 3- Mart\u00ednez, Sandra.<br>&#8211; Mujeres 55\/64: 1- Actis Alesina, Poema; 2-Schaefer, Mar\u00eda F\u00e1tima; 3- Vetgara, Cristina M\u00f3nica.<br>-Mujeres +65:&nbsp; 1-Echea, Ramona Estela; 2-Pazo, Graciela Amanda.<\/p>\n\n\n\n<p>-Varones -24: 1- Nievas, Didier; 2-Carussi, Lautaro; 3-Bonomi, Gabriel.<br>-Varones 25\/34: 1- Molina, Juli\u00e1n; 2- Maydana, F\u00e9lix; 3- Esp\u00edndola, Juan Esteban.<br>-Varones 35\/44: 1-Roseta, Adri\u00e1n; 2-Tauma, Mario; 3-Friedrich, Fernando.<br>-Varones 45\/54: 1-Cantero, Pedro Ismael; 2-L\u00f3pez, Cristian Federico; 3- Pereyra, Juan Marcelo.<br>-Varones 55\/64: 1-Bonfietti, Hugo Alberto;&nbsp; 2- Gambla, Daniel Antonio; 3- Almir\u00f3n, Rub\u00e9n Horacio.<br>-Varones +65: 1- Galetto, Roberto Luis; 2- G\u00f3mez, Ra\u00fal; 3-Lischet, Marcelo.<\/p>\n\n\n\n<p><strong><br>Clasificaci\u00f3n categor\u00edas 4 km<\/strong><\/p>\n\n\n\n<p>Varones: 1- Acosta, Pedro; 2- Carussi, Ra\u00fal; 3- Molina, Valentino; 4- Pereyra; 5- Godoy, Nicol\u00e1s.<\/p>\n\n\n\n<p>Mujeres: 1- Godoy, Lucrecia; 2- Ortega, Nadia, 3- Carussi, Lorena; 4- Loubier, Alejandra;, 5- Rosales, Julieta.<a href=\"https:\/\/telegram.me\/share\/url?text=Con%20un%20gran%20marco%2C%20se%20desarroll%C3%B3%20la%203%C2%B0edici%C3%B3n%20de%20la%20Carrera%20Nocturna%20de%20Paran%C3%A1&amp;url=https:\/\/www.parana.gob.ar\/noticias\/con-un-gran-marco-se-desarrollo-la-3edicion-de-la-carrera-nocturna-de-parana\" target=\"_blank\" rel=\"noreferrer noopener\"><\/a><\/p>\n","protected":false},"excerpt":{"rendered":"<p>Miles de corredores profesionales y aficionados de Paran\u00e1 y otras ciudades se lucieron en los&#8230;<\/p>\n","protected":false},"author":2,"featured_media":1072,"comment_status":"open","ping_status":"open","sticky":false,"template":"","format":"standard","meta":{"footnotes":""},"categories":[5],"tags":[],"class_list":["post-1071","post","type-post","status-publish","format-standard","has-post-thumbnail","hentry","category-atletismo"],"featured_image_urls":{"full":["https:\/\/deportodos.com.ar\/2023\/wp-content\/uploads\/2024\/03\/80f450f4497bffdd6bd0bfa6584a3673.jpg",760,427,false],"thumbnail":["https:\/\/deportodos.com.ar\/2023\/wp-content\/uploads\/2024\/03\/80f450f4497bffdd6bd0bfa6584a3673-150x150.jpg",150,150,true],"medium":["https:\/\/deportodos.com.ar\/2023\/wp-content\/uploads\/2024\/03\/80f450f4497bffdd6bd0bfa6584a3673-300x169.jpg",300,169,true],"medium_large":["https:\/\/deportodos.com.ar\/2023\/wp-content\/uploads\/2024\/03\/80f450f4497bffdd6bd0bfa6584a3673.jpg",640,360,false],"large":["https:\/\/deportodos.com.ar\/2023\/wp-content\/uploads\/2024\/03\/80f450f4497bffdd6bd0bfa6584a3673.jpg",640,360,false],"1536x1536":["https:\/\/deportodos.com.ar\/2023\/wp-content\/uploads\/2024\/03\/80f450f4497bffdd6bd0bfa6584a3673.jpg",760,427,false],"2048x2048":["https:\/\/deportodos.com.ar\/2023\/wp-content\/uploads\/2024\/03\/80f450f4497bffdd6bd0bfa6584a3673.jpg",760,427,false],"covernews-featured":["https:\/\/deportodos.com.ar\/2023\/wp-content\/uploads\/2024\/03\/80f450f4497bffdd6bd0bfa6584a3673.jpg",760,427,false],"covernews-medium":["https:\/\/deportodos.com.ar\/2023\/wp-content\/uploads\/2024\/03\/80f450f4497bffdd6bd0bfa6584a3673-540x340.jpg",540,340,true]},"author_info":{"display_name":"c2530142","author_link":"https:\/\/deportodos.com.ar\/2023\/author\/c2530142\/"},"category_info":"<a href=\"https:\/\/deportodos.com.ar\/2023\/category\/atletismo\/\" rel=\"category tag\">Atletismo<\/a>","tag_info":"Atletismo","comment_count":"0","_links":{"self":[{"href":"https:\/\/deportodos.com.ar\/2023\/wp-json\/wp\/v2\/posts\/1071","targetHints":{"allow":["GET"]}}],"collection":[{"href":"https:\/\/deportodos.com.ar\/2023\/wp-json\/wp\/v2\/posts"}],"about":[{"href":"https:\/\/deportodos.com.ar\/2023\/wp-json\/wp\/v2\/types\/post"}],"author":[{"embeddable":true,"href":"https:\/\/deportodos.com.ar\/2023\/wp-json\/wp\/v2\/users\/2"}],"replies":[{"embeddable":true,"href":"https:\/\/deportodos.com.ar\/2023\/wp-json\/wp\/v2\/comments?post=1071"}],"version-history":[{"count":1,"href":"https:\/\/deportodos.com.ar\/2023\/wp-json\/wp\/v2\/posts\/1071\/revisions"}],"predecessor-version":[{"id":1073,"href":"https:\/\/deportodos.com.ar\/2023\/wp-json\/wp\/v2\/posts\/1071\/revisions\/1073"}],"wp:featuredmedia":[{"embeddable":true,"href":"https:\/\/deportodos.com.ar\/2023\/wp-json\/wp\/v2\/media\/1072"}],"wp:attachment":[{"href":"https:\/\/deportodos.com.ar\/2023\/wp-json\/wp\/v2\/media?parent=1071"}],"wp:term":[{"taxonomy":"category","embeddable":true,"href":"https:\/\/deportodos.com.ar\/2023\/wp-json\/wp\/v2\/categories?post=1071"},{"taxonomy":"post_tag","embeddable":true,"href":"https:\/\/deportodos.com.ar\/2023\/wp-json\/wp\/v2\/tags?post=1071"}],"curies":[{"name":"wp","href":"https:\/\/api.w.org\/{rel}","templated":true}]}}