{"id":109,"date":"2023-10-14T18:35:21","date_gmt":"2023-10-14T18:35:21","guid":{"rendered":"https:\/\/deportodos.com.ar\/2023\/?p=109"},"modified":"2023-10-14T18:35:21","modified_gmt":"2023-10-14T18:35:21","slug":"el-regreso-de-la-top-race","status":"publish","type":"post","link":"https:\/\/deportodos.com.ar\/2023\/el-regreso-de-la-top-race\/","title":{"rendered":"EL REGRESO DE LA TOP RACE"},"content":{"rendered":"\n<p>El aut\u00f3dromo Ciudad de Paran\u00e1 est\u00e1 recibiendo este fin de semana a la d\u00e9cima fecha de la temporada del Top Race, luego de dos a\u00f1os de ausencia, y ya est\u00e1n los horarios confirmados. Este s\u00e1bado la actividad comenz\u00f3 temprano, donde Jos\u00e9 Malbr\u00e1n fue el m\u00e1s r\u00e1pido en los entrenamientos libres de la Top Race Series, que fue la que inici\u00f3 el ruido de motores en el aut\u00f3dromo capitalino.<br>En el trazado emplazado en Sauce Montrull est\u00e1n presentes las tres divisionales: Top Race V6, Top Race Series y Top Race Junior. Y la cita marca el regreso de la categor\u00eda desde el 17 de enero de 2021, cuando Diego Azar con un Chevrolet Cruze (Azar Motorsport) se llev\u00f3 la victoria. Segundo fue Franco Girolami con un Mercedes-Benz cerrando el \u201c1-2\u201d del equipo AMS y tercero Mat\u00edas Rossi con un Toyota Camry (Toyota Gazoo Racing).<br>Ese mismo fin de semana, se present\u00f3 el Top Race Series que desarroll\u00f3 dos finales en las que Facundo Aldrighetti con un Mercedes-Benz (JLS Motorsport-Corsi Sport) result\u00f3 ser el ganador mientras que, en la categor\u00eda menor, el Top Race Junior, Thomas Micheloud repiti\u00f3 victoria en las dos carreras con un Mercedes-Benz (LFB Racing Team).<br>Despu\u00e9s de dos a\u00f1os, el Top Race volver\u00e1 al Club de Volantes Entrerrianos para desarrollar el 10\u00ba cap\u00edtulo de un Campeonato Argentino 2023 que lo tienen como l\u00edder a \u201cJosito\u201d Di Palma (Octanos Competici\u00f3n) con 284 puntos.<br>La actividad de este s\u00e1bado se cierra con la Final de Top Race Junior a las 18 y la de este domingo arranca con la carrera 2 de la misma categor\u00eda, para dar paso a las 10.25 a la carrera de Top Race Series y por \u00faltimo la Final de la Top Race V6 a las 11.25.<br>En la imagen: Jos\u00e9 Malbr\u00e1n, el m\u00e1s r\u00e1pido en la primera actividad de este s\u00e1bado.<\/p>\n","protected":false},"excerpt":{"rendered":"<p>El aut\u00f3dromo Ciudad de Paran\u00e1 est\u00e1 recibiendo este fin de semana a la d\u00e9cima fecha&#8230;<\/p>\n","protected":false},"author":2,"featured_media":110,"comment_status":"open","ping_status":"open","sticky":false,"template":"","format":"standard","meta":{"footnotes":""},"categories":[6],"tags":[],"class_list":["post-109","post","type-post","status-publish","format-standard","has-post-thumbnail","hentry","category-automovilismo"],"featured_image_urls":{"full":["https:\/\/deportodos.com.ar\/2023\/wp-content\/uploads\/2023\/10\/IMG-20231014-WA0020.jpg",1059,877,false],"thumbnail":["https:\/\/deportodos.com.ar\/2023\/wp-content\/uploads\/2023\/10\/IMG-20231014-WA0020-150x150.jpg",150,150,true],"medium":["https:\/\/deportodos.com.ar\/2023\/wp-content\/uploads\/2023\/10\/IMG-20231014-WA0020-300x248.jpg",300,248,true],"medium_large":["https:\/\/deportodos.com.ar\/2023\/wp-content\/uploads\/2023\/10\/IMG-20231014-WA0020-768x636.jpg",640,530,true],"large":["https:\/\/deportodos.com.ar\/2023\/wp-content\/uploads\/2023\/10\/IMG-20231014-WA0020-1024x848.jpg",640,530,true],"1536x1536":["https:\/\/deportodos.com.ar\/2023\/wp-content\/uploads\/2023\/10\/IMG-20231014-WA0020.jpg",1059,877,false],"2048x2048":["https:\/\/deportodos.com.ar\/2023\/wp-content\/uploads\/2023\/10\/IMG-20231014-WA0020.jpg",1059,877,false],"covernews-featured":["https:\/\/deportodos.com.ar\/2023\/wp-content\/uploads\/2023\/10\/IMG-20231014-WA0020-1024x848.jpg",1024,848,true],"covernews-medium":["https:\/\/deportodos.com.ar\/2023\/wp-content\/uploads\/2023\/10\/IMG-20231014-WA0020-540x340.jpg",540,340,true]},"author_info":{"display_name":"c2530142","author_link":"https:\/\/deportodos.com.ar\/2023\/author\/c2530142\/"},"category_info":"<a href=\"https:\/\/deportodos.com.ar\/2023\/category\/automovilismo\/\" rel=\"category tag\">Automovilismo<\/a>","tag_info":"Automovilismo","comment_count":"0","_links":{"self":[{"href":"https:\/\/deportodos.com.ar\/2023\/wp-json\/wp\/v2\/posts\/109","targetHints":{"allow":["GET"]}}],"collection":[{"href":"https:\/\/deportodos.com.ar\/2023\/wp-json\/wp\/v2\/posts"}],"about":[{"href":"https:\/\/deportodos.com.ar\/2023\/wp-json\/wp\/v2\/types\/post"}],"author":[{"embeddable":true,"href":"https:\/\/deportodos.com.ar\/2023\/wp-json\/wp\/v2\/users\/2"}],"replies":[{"embeddable":true,"href":"https:\/\/deportodos.com.ar\/2023\/wp-json\/wp\/v2\/comments?post=109"}],"version-history":[{"count":1,"href":"https:\/\/deportodos.com.ar\/2023\/wp-json\/wp\/v2\/posts\/109\/revisions"}],"predecessor-version":[{"id":111,"href":"https:\/\/deportodos.com.ar\/2023\/wp-json\/wp\/v2\/posts\/109\/revisions\/111"}],"wp:featuredmedia":[{"embeddable":true,"href":"https:\/\/deportodos.com.ar\/2023\/wp-json\/wp\/v2\/media\/110"}],"wp:attachment":[{"href":"https:\/\/deportodos.com.ar\/2023\/wp-json\/wp\/v2\/media?parent=109"}],"wp:term":[{"taxonomy":"category","embeddable":true,"href":"https:\/\/deportodos.com.ar\/2023\/wp-json\/wp\/v2\/categories?post=109"},{"taxonomy":"post_tag","embeddable":true,"href":"https:\/\/deportodos.com.ar\/2023\/wp-json\/wp\/v2\/tags?post=109"}],"curies":[{"name":"wp","href":"https:\/\/api.w.org\/{rel}","templated":true}]}}