{"id":1100,"date":"2024-03-22T20:43:14","date_gmt":"2024-03-22T20:43:14","guid":{"rendered":"https:\/\/deportodos.com.ar\/2023\/?p=1100"},"modified":"2024-03-22T20:43:14","modified_gmt":"2024-03-22T20:43:14","slug":"abren-los-octavos","status":"publish","type":"post","link":"https:\/\/deportodos.com.ar\/2023\/abren-los-octavos\/","title":{"rendered":"ABREN LOS OCTAVOS"},"content":{"rendered":"\n<p>Luego de que el pasado fin de semana se suspendiera toda la actividad, debido a las intensas precipitaciones registradas en todo el territorio entrerriano, el torneo de clubes m\u00e1s importante de la provincia, que cuenta con el apoyo de la Comisi\u00f3n Administradora del R\u00edo Uruguay y el Banco de Entre R\u00edos, vuelve a tener acci\u00f3n.<\/p>\n\n\n\n<p>Este fin de semana se ponen en marcha las llaves de octavos en la Copa Entre R\u00edos \u201cArgentina Campe\u00f3n del Mundo\u201d, con lo cual el torneo ingresa en etapa de definiciones.<\/p>\n\n\n\n<p>Con el desarrollo de los juegos de ida, las ocho series tendr\u00e1n sus primeros noventa minutos de disputa, en una jornada que se desarrollar\u00e1 de manera completa durante la jornada del domingo.<\/p>\n\n\n\n<p>Abarcando gran parte del territorio provincial, en esta oportunidad habr\u00e1 acci\u00f3n en Concepci\u00f3n del Uruguay, San Jos\u00e9, Concordia, Colonia El\u00eda, Basavilbaso, Oro Verde, Paran\u00e1 y La Paz.<\/p>\n\n\n\n<p>De esta manera, la provincia se apronta para vivir una nueva jornada cargada de emociones.<\/p>\n\n\n\n<p>La programaci\u00f3n de la jornada ha quedado dispuesta de la siguiente manera:<\/p>\n\n\n\n<p><strong>Gimnasia (CdU) \u2013 Juventud Urdinarrain<\/strong><\/p>\n\n\n\n<p>Domingo 24\/3 \u2013 20 hs. Cancha de Gimnasia<\/p>\n\n\n\n<hr class=\"wp-block-separator has-alpha-channel-opacity\"\/>\n\n\n\n<p><strong>San Jos\u00e9 \u2013 Gualeguay Central<\/strong><\/p>\n\n\n\n<p>Domingo 24\/3 \u2013 17 hs. Cancha de San Jos\u00e9<\/p>\n\n\n\n<hr class=\"wp-block-separator has-alpha-channel-opacity\"\/>\n\n\n\n<p><strong>Victoria (Cdia.) \u2013 Deportivo Urdinarrain<\/strong><\/p>\n\n\n\n<p>Domingo 24\/3 \u2013 20 hs. Cancha Municipal<\/p>\n\n\n\n<hr class=\"wp-block-separator has-alpha-channel-opacity\"\/>\n\n\n\n<p><strong>Atl\u00e9tico Colonia El\u00eda \u2013 Central Entrerriano (Gch\u00fa.)<\/strong><\/p>\n\n\n\n<p>Domingo 24\/3 \u2013 17.30 hs. Cancha de Atl\u00e9tico Colonia El\u00eda<\/p>\n\n\n\n<hr class=\"wp-block-separator has-alpha-channel-opacity\"\/>\n\n\n\n<p><strong>Pe\u00f1arol (BB) \u2013 Atl\u00e9tico Diamantino<\/strong><\/p>\n\n\n\n<p>Domingo 17\/3 \u2013 17 hs. Cancha de Pe\u00f1arol<\/p>\n\n\n\n<hr class=\"wp-block-separator has-alpha-channel-opacity\"\/>\n\n\n\n<p><strong>Atl\u00e9tico Oro Verde \u2013 Pe\u00f1arol (Paran\u00e1)<\/strong><\/p>\n\n\n\n<p>Domingo 24\/3 \u2013 17 hs. Cancha de Atl\u00e9tico Oro Verde<\/p>\n\n\n\n<hr class=\"wp-block-separator has-alpha-channel-opacity\"\/>\n\n\n\n<p><strong>Ministerio (Paran\u00e1) \u2013 Malvinas (LP)<\/strong><\/p>\n\n\n\n<p>Domingo 24\/3 \u2013 17 hs. Cancha de Ministerio<\/p>\n\n\n\n<hr class=\"wp-block-separator has-alpha-channel-opacity\"\/>\n\n\n\n<p><strong>Caball\u00fa (LP) \u2013 Independiente (VdR)<\/strong><\/p>\n\n\n\n<p>Domingo 24\/3 \u2013 17.10 hs. Cancha de Patronato<\/p>\n\n\n\n<blockquote class=\"wp-block-quote is-layout-flow wp-block-quote-is-layout-flow\">\n<p><\/p>\n<cite>www.federacionentrerrianadefutbol.org.ar<\/cite><\/blockquote>\n","protected":false},"excerpt":{"rendered":"<p>Luego de que el pasado fin de semana se suspendiera toda la actividad, debido a&#8230;<\/p>\n","protected":false},"author":2,"featured_media":1101,"comment_status":"open","ping_status":"open","sticky":false,"template":"","format":"standard","meta":{"footnotes":""},"categories":[36],"tags":[],"class_list":["post-1100","post","type-post","status-publish","format-standard","has-post-thumbnail","hentry","category-futbol"],"featured_image_urls":{"full":["https:\/\/deportodos.com.ar\/2023\/wp-content\/uploads\/2024\/03\/Screenshot_20240322_174117_Facebook-e1711140186427.jpg",999,632,false],"thumbnail":["https:\/\/deportodos.com.ar\/2023\/wp-content\/uploads\/2024\/03\/Screenshot_20240322_174117_Facebook-e1711140186427-150x150.jpg",150,150,true],"medium":["https:\/\/deportodos.com.ar\/2023\/wp-content\/uploads\/2024\/03\/Screenshot_20240322_174117_Facebook-e1711140186427-300x190.jpg",300,190,true],"medium_large":["https:\/\/deportodos.com.ar\/2023\/wp-content\/uploads\/2024\/03\/Screenshot_20240322_174117_Facebook-e1711140186427-768x486.jpg",640,405,true],"large":["https:\/\/deportodos.com.ar\/2023\/wp-content\/uploads\/2024\/03\/Screenshot_20240322_174117_Facebook-527x1024.jpg",527,1024,true],"1536x1536":["https:\/\/deportodos.com.ar\/2023\/wp-content\/uploads\/2024\/03\/Screenshot_20240322_174117_Facebook-791x1536.jpg",791,1536,true],"2048x2048":["https:\/\/deportodos.com.ar\/2023\/wp-content\/uploads\/2024\/03\/Screenshot_20240322_174117_Facebook-1055x2048.jpg",1055,2048,true],"covernews-featured":["https:\/\/deportodos.com.ar\/2023\/wp-content\/uploads\/2024\/03\/Screenshot_20240322_174117_Facebook-1024x1988.jpg",1024,1988,true],"covernews-medium":["https:\/\/deportodos.com.ar\/2023\/wp-content\/uploads\/2024\/03\/Screenshot_20240322_174117_Facebook-e1711140186427-540x340.jpg",540,340,true]},"author_info":{"display_name":"c2530142","author_link":"https:\/\/deportodos.com.ar\/2023\/author\/c2530142\/"},"category_info":"<a href=\"https:\/\/deportodos.com.ar\/2023\/category\/futbol\/\" rel=\"category tag\">Futbol<\/a>","tag_info":"Futbol","comment_count":"0","_links":{"self":[{"href":"https:\/\/deportodos.com.ar\/2023\/wp-json\/wp\/v2\/posts\/1100","targetHints":{"allow":["GET"]}}],"collection":[{"href":"https:\/\/deportodos.com.ar\/2023\/wp-json\/wp\/v2\/posts"}],"about":[{"href":"https:\/\/deportodos.com.ar\/2023\/wp-json\/wp\/v2\/types\/post"}],"author":[{"embeddable":true,"href":"https:\/\/deportodos.com.ar\/2023\/wp-json\/wp\/v2\/users\/2"}],"replies":[{"embeddable":true,"href":"https:\/\/deportodos.com.ar\/2023\/wp-json\/wp\/v2\/comments?post=1100"}],"version-history":[{"count":1,"href":"https:\/\/deportodos.com.ar\/2023\/wp-json\/wp\/v2\/posts\/1100\/revisions"}],"predecessor-version":[{"id":1102,"href":"https:\/\/deportodos.com.ar\/2023\/wp-json\/wp\/v2\/posts\/1100\/revisions\/1102"}],"wp:featuredmedia":[{"embeddable":true,"href":"https:\/\/deportodos.com.ar\/2023\/wp-json\/wp\/v2\/media\/1101"}],"wp:attachment":[{"href":"https:\/\/deportodos.com.ar\/2023\/wp-json\/wp\/v2\/media?parent=1100"}],"wp:term":[{"taxonomy":"category","embeddable":true,"href":"https:\/\/deportodos.com.ar\/2023\/wp-json\/wp\/v2\/categories?post=1100"},{"taxonomy":"post_tag","embeddable":true,"href":"https:\/\/deportodos.com.ar\/2023\/wp-json\/wp\/v2\/tags?post=1100"}],"curies":[{"name":"wp","href":"https:\/\/api.w.org\/{rel}","templated":true}]}}