{"id":1117,"date":"2024-03-28T03:02:50","date_gmt":"2024-03-28T03:02:50","guid":{"rendered":"https:\/\/deportodos.com.ar\/2023\/?p=1117"},"modified":"2024-03-28T03:02:52","modified_gmt":"2024-03-28T03:02:52","slug":"tiempo-de-definiciones","status":"publish","type":"post","link":"https:\/\/deportodos.com.ar\/2023\/tiempo-de-definiciones\/","title":{"rendered":"TIEMPO DE DEFINICIONES"},"content":{"rendered":"\n<p>Este fin de semana se disputar\u00e1n los encuentros revanchas en cada una de las series de octavos de final en la Copa Entre R\u00edos \u201cArgentina Campe\u00f3n del Mundo\u201d.<\/p>\n\n\n\n<p>En esta oportunidad, los ocho encuentros conformar\u00e1n el segundo cap\u00edtulo de las diferentes llaves eliminatorias con la que los equipos buscar\u00e1n su clasificaci\u00f3n a la cuarta etapa de la competencia.<\/p>\n\n\n\n<p>A diferencia de lo ocurrido en los juegos de ida, esta vez la actividad estar\u00e1 desdoblada en dos d\u00edas. El s\u00e1bado, se disputar\u00e1n juegos en Villa del Rosario y Paran\u00e1, mientras que en la jornada del domingo se desarrollar\u00e1n los seis encuentros restantes.<\/p>\n\n\n\n<p>En este sentido, las ciudades de Urdinarrain, Gualeguay, Gualeguaych\u00fa, Diamante y La Paz tambi\u00e9n ser\u00e1n testigos del d\u00e9cimo cap\u00edtulo de la competencia de clubes m\u00e1s importante que tiene nuestra provincia.<\/p>\n\n\n\n<p>De esta manera, el cronograma de juegos ha quedado establecido del siguiente modo:<\/p>\n\n\n\n<p><strong>Juventud Urdinarrain (0) \u2013 Gimnasia (CdU)<\/strong>&nbsp;(2)<\/p>\n\n\n\n<p>Domingo 31\/3 \u2013 20.30 hs. Cancha de Juventud Urdinarrain<\/p>\n\n\n\n<hr class=\"wp-block-separator has-alpha-channel-opacity\"\/>\n\n\n\n<p><strong>Gualeguay Central (1) \u2013 San Jos\u00e9 (1)<\/strong><\/p>\n\n\n\n<p>Domingo 31\/3 \u2013 17 hs. Cancha de Gualeguay Central<\/p>\n\n\n\n<hr class=\"wp-block-separator has-alpha-channel-opacity\"\/>\n\n\n\n<p><strong>Deportivo Urdinarrain (0) \u2013 Victoria (Cdia.) (1)<\/strong><\/p>\n\n\n\n<p>Domingo 31\/3 \u2013 16.30 hs. Cancha de Deportivo Urdinarrain<\/p>\n\n\n\n<hr class=\"wp-block-separator has-alpha-channel-opacity\"\/>\n\n\n\n<p><strong>Central Entrerriano (Gch\u00fa.)(4) \u2013 Atl\u00e9tico Colonia El\u00eda (1)<\/strong><\/p>\n\n\n\n<p>Domingo 31\/3 \u2013 17 hs. Cancha de Central Entrerriano<\/p>\n\n\n\n<hr class=\"wp-block-separator has-alpha-channel-opacity\"\/>\n\n\n\n<p><strong>Atl\u00e9tico Diamantino (1) \u2013 Pe\u00f1arol (BB) (1)<\/strong><\/p>\n\n\n\n<p>Domingo 31\/3 \u2013 17 hs. Cancha de Atl\u00e9tico Diamantino<\/p>\n\n\n\n<hr class=\"wp-block-separator has-alpha-channel-opacity\"\/>\n\n\n\n<p><strong>Pe\u00f1arol (Paran\u00e1)(0) \u2013 Atl\u00e9tico Oro Verde (0)<\/strong><\/p>\n\n\n\n<p>S\u00e1bado 30\/3 \u2013 18 hs. Cancha de Pe\u00f1arol<\/p>\n\n\n\n<hr class=\"wp-block-separator has-alpha-channel-opacity\"\/>\n\n\n\n<p><strong>Malvinas (LP)(1) \u2013 Ministerio (Paran\u00e1)(2)<\/strong><\/p>\n\n\n\n<p>Domingo 31\/3 \u2013 17 hs. Cancha de Patronato<\/p>\n\n\n\n<hr class=\"wp-block-separator has-alpha-channel-opacity\"\/>\n\n\n\n<p><strong>Independiente (VdR)(3) \u2013<\/strong>&nbsp;<strong>Caball\u00fa (LP) (0)<\/strong><\/p>\n\n\n\n<p>S\u00e1bado 30\/3 \u2013 20 hs. Cancha de Independiente<\/p>\n\n\n\n<blockquote class=\"wp-block-quote is-layout-flow wp-block-quote-is-layout-flow\">\n<p><\/p>\n<\/blockquote>\n\n\n\n<figure class=\"wp-block-image size-large is-resized\"><a href=\"https:\/\/deportodos.com.ar\/2023\/wp-content\/uploads\/2024\/03\/1000103398.png\"><img fetchpriority=\"high\" decoding=\"async\" width=\"819\" height=\"1024\" src=\"https:\/\/deportodos.com.ar\/2023\/wp-content\/uploads\/2024\/03\/1000103398-819x1024.png\" alt=\"\" class=\"wp-image-1118\" style=\"width:840px;height:auto\" srcset=\"https:\/\/deportodos.com.ar\/2023\/wp-content\/uploads\/2024\/03\/1000103398-819x1024.png 819w, https:\/\/deportodos.com.ar\/2023\/wp-content\/uploads\/2024\/03\/1000103398-240x300.png 240w, https:\/\/deportodos.com.ar\/2023\/wp-content\/uploads\/2024\/03\/1000103398-768x960.png 768w, https:\/\/deportodos.com.ar\/2023\/wp-content\/uploads\/2024\/03\/1000103398-1024x1280.png 1024w, https:\/\/deportodos.com.ar\/2023\/wp-content\/uploads\/2024\/03\/1000103398.png 1080w\" sizes=\"(max-width: 819px) 100vw, 819px\" \/><\/a><\/figure>\n\n\n\n<blockquote class=\"wp-block-quote is-layout-flow wp-block-quote-is-layout-flow\">\n<p><\/p>\n<cite>www.federacionentrerrianadefutbol.org.ar<\/cite><\/blockquote>\n","protected":false},"excerpt":{"rendered":"<p>Este fin de semana se disputar\u00e1n los encuentros revanchas en cada una de las series&#8230;<\/p>\n","protected":false},"author":2,"featured_media":1119,"comment_status":"open","ping_status":"open","sticky":false,"template":"","format":"standard","meta":{"footnotes":""},"categories":[36],"tags":[],"class_list":["post-1117","post","type-post","status-publish","format-standard","has-post-thumbnail","hentry","category-futbol"],"featured_image_urls":{"full":["https:\/\/deportodos.com.ar\/2023\/wp-content\/uploads\/2024\/03\/FEF-12-1.png",600,380,false],"thumbnail":["https:\/\/deportodos.com.ar\/2023\/wp-content\/uploads\/2024\/03\/FEF-12-1-150x150.png",150,150,true],"medium":["https:\/\/deportodos.com.ar\/2023\/wp-content\/uploads\/2024\/03\/FEF-12-1-300x190.png",300,190,true],"medium_large":["https:\/\/deportodos.com.ar\/2023\/wp-content\/uploads\/2024\/03\/FEF-12-1.png",600,380,false],"large":["https:\/\/deportodos.com.ar\/2023\/wp-content\/uploads\/2024\/03\/FEF-12-1.png",600,380,false],"1536x1536":["https:\/\/deportodos.com.ar\/2023\/wp-content\/uploads\/2024\/03\/FEF-12-1.png",600,380,false],"2048x2048":["https:\/\/deportodos.com.ar\/2023\/wp-content\/uploads\/2024\/03\/FEF-12-1.png",600,380,false],"covernews-featured":["https:\/\/deportodos.com.ar\/2023\/wp-content\/uploads\/2024\/03\/FEF-12-1.png",600,380,false],"covernews-medium":["https:\/\/deportodos.com.ar\/2023\/wp-content\/uploads\/2024\/03\/FEF-12-1-540x340.png",540,340,true]},"author_info":{"display_name":"c2530142","author_link":"https:\/\/deportodos.com.ar\/2023\/author\/c2530142\/"},"category_info":"<a href=\"https:\/\/deportodos.com.ar\/2023\/category\/futbol\/\" rel=\"category tag\">Futbol<\/a>","tag_info":"Futbol","comment_count":"0","_links":{"self":[{"href":"https:\/\/deportodos.com.ar\/2023\/wp-json\/wp\/v2\/posts\/1117","targetHints":{"allow":["GET"]}}],"collection":[{"href":"https:\/\/deportodos.com.ar\/2023\/wp-json\/wp\/v2\/posts"}],"about":[{"href":"https:\/\/deportodos.com.ar\/2023\/wp-json\/wp\/v2\/types\/post"}],"author":[{"embeddable":true,"href":"https:\/\/deportodos.com.ar\/2023\/wp-json\/wp\/v2\/users\/2"}],"replies":[{"embeddable":true,"href":"https:\/\/deportodos.com.ar\/2023\/wp-json\/wp\/v2\/comments?post=1117"}],"version-history":[{"count":1,"href":"https:\/\/deportodos.com.ar\/2023\/wp-json\/wp\/v2\/posts\/1117\/revisions"}],"predecessor-version":[{"id":1120,"href":"https:\/\/deportodos.com.ar\/2023\/wp-json\/wp\/v2\/posts\/1117\/revisions\/1120"}],"wp:featuredmedia":[{"embeddable":true,"href":"https:\/\/deportodos.com.ar\/2023\/wp-json\/wp\/v2\/media\/1119"}],"wp:attachment":[{"href":"https:\/\/deportodos.com.ar\/2023\/wp-json\/wp\/v2\/media?parent=1117"}],"wp:term":[{"taxonomy":"category","embeddable":true,"href":"https:\/\/deportodos.com.ar\/2023\/wp-json\/wp\/v2\/categories?post=1117"},{"taxonomy":"post_tag","embeddable":true,"href":"https:\/\/deportodos.com.ar\/2023\/wp-json\/wp\/v2\/tags?post=1117"}],"curies":[{"name":"wp","href":"https:\/\/api.w.org\/{rel}","templated":true}]}}