{"id":1162,"date":"2024-04-03T02:17:57","date_gmt":"2024-04-03T02:17:57","guid":{"rendered":"https:\/\/deportodos.com.ar\/2023\/?p=1162"},"modified":"2024-04-03T02:17:59","modified_gmt":"2024-04-03T02:17:59","slug":"cuadro-casi-completo","status":"publish","type":"post","link":"https:\/\/deportodos.com.ar\/2023\/cuadro-casi-completo\/","title":{"rendered":"CUADRO CASI COMPLETO"},"content":{"rendered":"\n<p>En la jornada de hoy se disputaron tres juegos correspondientes a las revanchas de Octavos de Final en la Copa Entre R\u00edos \u201cArgentina Campe\u00f3n del Mundo\u201d.<\/p>\n\n\n\n<p>De esta manera, siete de los ocho equipos que conformar\u00e1n las llaves de Cuartos ya se aseguraron su clasificaci\u00f3n. El pr\u00f3ximo jueves, se definir\u00e1 en La Paz el \u00faltimo cupo, cuando Malvinas reciba a Ministerio de Paran\u00e1.<\/p>\n\n\n\n<p>La jornada, que en principio deb\u00eda disputarse entre s\u00e1bado y domingo, sufri\u00f3 las consecuencias de la abundante lluvia ca\u00edda en varios puntos de nuestra provincia, por lo que algunos de los juegos terminaron desarroll\u00e1ndose tambi\u00e9n entre el lunes y el martes.<\/p>\n\n\n\n<p>De las siete clasificaciones, Gimnasia de Concepci\u00f3n del Uruguay, San Jos\u00e9 y Victoria de Concordia las consiguieron como visitantes, en tanto que Central Entrerriano de Gualeguaych\u00fa, Atl\u00e9tico Diamantino, Pe\u00f1arol de Paran\u00e1 e Independiente de Villa del Rosario aseguraron su pasaje a la pr\u00f3xima instancia de la competencia en sus respectivas local\u00edas.<\/p>\n\n\n\n<p>En los encuentros disputados se anotaron un total de diecinueve goles, promediando 2,71 por juego.<\/p>\n\n\n\n<p>Entre los datos curiosos de esta fase, se desprende lo que ser\u00e1 la reedici\u00f3n de la \u00faltima final de la Supercopa, esta vez en Cuartos de Final. Con la clasificaci\u00f3n de Gimnasia y San Jos\u00e9, ambos equipos volver\u00e1n a verse las caras, esta vez por un lugar en semifinales.<\/p>\n\n\n\n<p>Por otra parte, el Lobo uruguayense no ser\u00e1 el \u00fanico equipo que intentar\u00e1 defender la corona, ya que entre los clasificados, hay otro que ya conoce lo que es quedarse con la Gloria Entrerriana en dos oportunidades: Atl\u00e9tico Diamantino obtuvo los torneos de 1991 y 1992\/93.<\/p>\n\n\n\n<p>En s\u00edntesis, los resultados de las diferentes jornadas de disputa fueron los siguientes:<\/p>\n\n\n\n<p>Juventud Urdinarrain 3 (3) \u2013&nbsp;<strong>Gimnasia (CdU)<\/strong>&nbsp;2 (4)<\/p>\n\n\n\n<p><em>Brian Migueles, Agust\u00edn Grisnejo y Blas Acevedo (JU)<\/em><\/p>\n\n\n\n<p><em>Juan Manuel G\u00f3mez y Santino Ventos (G)<\/em><\/p>\n\n\n\n<hr class=\"wp-block-separator has-alpha-channel-opacity\"\/>\n\n\n\n<p>Gualeguay Central 2 (3) \u2013&nbsp;<strong>San Jos\u00e9<\/strong>&nbsp;2 (3) *SJ se impuso 4 a 2 en los Penales.<\/p>\n\n\n\n<p><em>Marcos Campostrini y Enzo Basualdo (GC) \u2013 Penales: Facundo Recalde y Diego G\u00e1lligo.<\/em><\/p>\n\n\n\n<p><em>Sergio Rodr\u00edguez y Gonzalo Villamayor (SJ) \u2013 Penales: Daniel Tournour, Mart\u00edn Rodr\u00edguez, Gonzalo Villamayor y Gonzalo Combet.<\/em><\/p>\n\n\n\n<hr class=\"wp-block-separator has-alpha-channel-opacity\"\/>\n\n\n\n<p>Deportivo Urdinarrain 0 (0) \u2013&nbsp;<strong>Victoria (Cdia.)<\/strong>&nbsp;1 (2)<\/p>\n\n\n\n<p><em>Bruno Olivieri (V)<\/em><\/p>\n\n\n\n<hr class=\"wp-block-separator has-alpha-channel-opacity\"\/>\n\n\n\n<p><strong>Central Entrerriano (Gch\u00fa.)<\/strong>&nbsp;3 (7) \u2013 Atl\u00e9tico Colonia El\u00eda 0 (1)<\/p>\n\n\n\n<p><em>Jonathan Campoamor, David Ferreira y Mirko Bulay (CE)<\/em><\/p>\n\n\n\n<hr class=\"wp-block-separator has-alpha-channel-opacity\"\/>\n\n\n\n<p><strong>Atl\u00e9tico Diamantino<\/strong>&nbsp;1 (2) \u2013 Pe\u00f1arol (BB) 0 (1)<\/p>\n\n\n\n<p><em>Mat\u00edas Mart\u00ednez (AD)<\/em><\/p>\n\n\n\n<hr class=\"wp-block-separator has-alpha-channel-opacity\"\/>\n\n\n\n<p><strong>Pe\u00f1arol (Paran\u00e1)<\/strong>&nbsp;4 (4) \u2013 Atl\u00e9tico Oro Verde 0 (0)<\/p>\n\n\n\n<p><em>Agust\u00edn Morales -2-, Gabriel Monz\u00f3n y Fausto Sosa (P)<\/em><\/p>\n\n\n\n<hr class=\"wp-block-separator has-alpha-channel-opacity\"\/>\n\n\n\n<p>Malvinas (LP) \u2013 Ministerio (Paran\u00e1)<\/p>\n\n\n\n<p>Jueves 4\/4 \u2013 16.30 hs. Cancha de Patronato<\/p>\n\n\n\n<hr class=\"wp-block-separator has-alpha-channel-opacity\"\/>\n\n\n\n<p><strong>Independiente (VdR)<\/strong>&nbsp;6 (9) \u2013 Caball\u00fa (LP) 0 (0)<\/p>\n\n\n\n<p><em>Agust\u00edn Pintorelli -2-, Javier Wallingre, Matias Basse, Mauricio Mini y Guido Francisconi (I)<\/em><\/p>\n\n\n\n<hr class=\"wp-block-separator has-alpha-channel-opacity\"\/>\n\n\n\n<p><em>*Entre par\u00e9ntesis figura el resultado global de la serie.<\/em><\/p>\n\n\n\n<p><em>**En negrita figura el equipo clasificado a Cuartos de Final.<\/em><\/p>\n\n\n\n<p>Fotograf\u00eda: @fotosmagaa<\/p>\n\n\n\n<figure class=\"wp-block-image\"><a href=\"https:\/\/federacionentrerrianadefutbol.org.ar\/wp-content\/uploads\/2024\/04\/image.png\"><img decoding=\"async\" src=\"https:\/\/federacionentrerrianadefutbol.org.ar\/wp-content\/uploads\/2024\/04\/image-819x1024.png\" alt=\"\" class=\"wp-image-12497\"\/><\/a><\/figure>\n\n\n\n<blockquote class=\"wp-block-quote is-layout-flow wp-block-quote-is-layout-flow\">\n<p><\/p>\n<cite>www.federacionentrerrianadefutbol.org.ar<\/cite><\/blockquote>\n","protected":false},"excerpt":{"rendered":"<p>En la jornada de hoy se disputaron tres juegos correspondientes a las revanchas de Octavos&#8230;<\/p>\n","protected":false},"author":2,"featured_media":1163,"comment_status":"open","ping_status":"open","sticky":false,"template":"","format":"standard","meta":{"footnotes":""},"categories":[36],"tags":[],"class_list":["post-1162","post","type-post","status-publish","format-standard","has-post-thumbnail","hentry","category-futbol"],"featured_image_urls":{"full":["https:\/\/deportodos.com.ar\/2023\/wp-content\/uploads\/2024\/04\/IMG-20240402-WA0017.jpg",974,616,false],"thumbnail":["https:\/\/deportodos.com.ar\/2023\/wp-content\/uploads\/2024\/04\/IMG-20240402-WA0017-150x150.jpg",150,150,true],"medium":["https:\/\/deportodos.com.ar\/2023\/wp-content\/uploads\/2024\/04\/IMG-20240402-WA0017-300x190.jpg",300,190,true],"medium_large":["https:\/\/deportodos.com.ar\/2023\/wp-content\/uploads\/2024\/04\/IMG-20240402-WA0017-768x486.jpg",640,405,true],"large":["https:\/\/deportodos.com.ar\/2023\/wp-content\/uploads\/2024\/04\/IMG-20240402-WA0017.jpg",640,405,false],"1536x1536":["https:\/\/deportodos.com.ar\/2023\/wp-content\/uploads\/2024\/04\/IMG-20240402-WA0017.jpg",974,616,false],"2048x2048":["https:\/\/deportodos.com.ar\/2023\/wp-content\/uploads\/2024\/04\/IMG-20240402-WA0017.jpg",974,616,false],"covernews-featured":["https:\/\/deportodos.com.ar\/2023\/wp-content\/uploads\/2024\/04\/IMG-20240402-WA0017.jpg",974,616,false],"covernews-medium":["https:\/\/deportodos.com.ar\/2023\/wp-content\/uploads\/2024\/04\/IMG-20240402-WA0017-540x340.jpg",540,340,true]},"author_info":{"display_name":"c2530142","author_link":"https:\/\/deportodos.com.ar\/2023\/author\/c2530142\/"},"category_info":"<a href=\"https:\/\/deportodos.com.ar\/2023\/category\/futbol\/\" rel=\"category tag\">Futbol<\/a>","tag_info":"Futbol","comment_count":"0","_links":{"self":[{"href":"https:\/\/deportodos.com.ar\/2023\/wp-json\/wp\/v2\/posts\/1162","targetHints":{"allow":["GET"]}}],"collection":[{"href":"https:\/\/deportodos.com.ar\/2023\/wp-json\/wp\/v2\/posts"}],"about":[{"href":"https:\/\/deportodos.com.ar\/2023\/wp-json\/wp\/v2\/types\/post"}],"author":[{"embeddable":true,"href":"https:\/\/deportodos.com.ar\/2023\/wp-json\/wp\/v2\/users\/2"}],"replies":[{"embeddable":true,"href":"https:\/\/deportodos.com.ar\/2023\/wp-json\/wp\/v2\/comments?post=1162"}],"version-history":[{"count":1,"href":"https:\/\/deportodos.com.ar\/2023\/wp-json\/wp\/v2\/posts\/1162\/revisions"}],"predecessor-version":[{"id":1164,"href":"https:\/\/deportodos.com.ar\/2023\/wp-json\/wp\/v2\/posts\/1162\/revisions\/1164"}],"wp:featuredmedia":[{"embeddable":true,"href":"https:\/\/deportodos.com.ar\/2023\/wp-json\/wp\/v2\/media\/1163"}],"wp:attachment":[{"href":"https:\/\/deportodos.com.ar\/2023\/wp-json\/wp\/v2\/media?parent=1162"}],"wp:term":[{"taxonomy":"category","embeddable":true,"href":"https:\/\/deportodos.com.ar\/2023\/wp-json\/wp\/v2\/categories?post=1162"},{"taxonomy":"post_tag","embeddable":true,"href":"https:\/\/deportodos.com.ar\/2023\/wp-json\/wp\/v2\/tags?post=1162"}],"curies":[{"name":"wp","href":"https:\/\/api.w.org\/{rel}","templated":true}]}}