{"id":1174,"date":"2024-04-05T01:35:09","date_gmt":"2024-04-05T01:35:09","guid":{"rendered":"https:\/\/deportodos.com.ar\/2023\/?p=1174"},"modified":"2024-04-05T01:35:10","modified_gmt":"2024-04-05T01:35:10","slug":"camino-a-las-semis","status":"publish","type":"post","link":"https:\/\/deportodos.com.ar\/2023\/camino-a-las-semis\/","title":{"rendered":"CAMINO A LAS SEMIS"},"content":{"rendered":"\n<p>Una nueva fase de la Copa Entre R\u00edos \u201cArgentina Campe\u00f3n del Mundo\u201d se pone en marcha este fin de semana.<\/p>\n\n\n\n<p>El desarrollo de cuatro encuentros le dar\u00e1 forma a la etapa de ida en los cuartos de final de la competencia provincial.<\/p>\n\n\n\n<p>En San Jos\u00e9, Concordia, Diamante y Villa del Rosario, los ocho mejores equipos del certamen comenzar\u00e1n a buscar este domingo un lugar en semifinales.<\/p>\n\n\n\n<p>Cabe recordar que el cuadro definitivo se complet\u00f3 reci\u00e9n este jueves en La Paz, con la clasificaci\u00f3n de Malvinas. El triunfo 2 a 1 del conjunto pace\u00f1o en la revancha, igual\u00f3 la serie 3 a 3 en el global. Tras la definici\u00f3n por penales (3-1), el Tricolor obtuvo el pase a la cuarta etapa del torneo.<\/p>\n\n\n\n<p>En esta instancia, los ocho equipos finalistas pertenecen a ligas diferentes, lo cual le da una pluralidad y un atractivo especial a la Copa.<\/p>\n\n\n\n<p>A continuaci\u00f3n, el detalle de c\u00f3mo se jugar\u00e1n los encuentros programados:<\/p>\n\n\n\n<p><strong>San Jos\u00e9 \u2013 Gimnasia (CdU)<\/strong><\/p>\n\n\n\n<p>Domingo 7\/4 \u2013 17 hs. Cancha de San Jos\u00e9<\/p>\n\n\n\n<p>\u00c1rbitro: Edgardo Telestriunfo<\/p>\n\n\n\n<hr class=\"wp-block-separator has-alpha-channel-opacity\"\/>\n\n\n\n<p><strong>Victoria (Cdia.) \u2013 Central Entrerriano (Gch\u00fa.)<\/strong><\/p>\n\n\n\n<p>Domingo 7\/4 \u2013 17 hs. Cancha Estadio Ciudad de Concordia<\/p>\n\n\n\n<p>\u00c1rbitro: Bruno Bianqueri<\/p>\n\n\n\n<hr class=\"wp-block-separator has-alpha-channel-opacity\"\/>\n\n\n\n<p><strong>Atl\u00e9tico Diamantino \u2013 Pe\u00f1arol (Paran\u00e1)<\/strong><\/p>\n\n\n\n<p>Domingo 7\/4 \u2013 16.30 hs. Cancha de Atl\u00e9tico Diamantino<\/p>\n\n\n\n<p>\u00c1rbitro: Rodrigo Garcilano<\/p>\n\n\n\n<hr class=\"wp-block-separator has-alpha-channel-opacity\"\/>\n\n\n\n<p><strong>Independiente (VdR) \u2013<\/strong>&nbsp;<strong>Malvinas (LP)<\/strong><\/p>\n\n\n\n<p>Domingo 7\/4 \u2013 19:15 hs. Cancha de Independiente<\/p>\n\n\n\n<p>\u00c1rbitro: Jorge Moreno<\/p>\n\n\n\n<blockquote class=\"wp-block-quote is-layout-flow wp-block-quote-is-layout-flow\">\n<p><\/p>\n<cite>www.federacionentrerrianadefutbol.org.ar<\/cite><\/blockquote>\n","protected":false},"excerpt":{"rendered":"<p>Una nueva fase de la Copa Entre R\u00edos \u201cArgentina Campe\u00f3n del Mundo\u201d se pone en&#8230;<\/p>\n","protected":false},"author":2,"featured_media":1175,"comment_status":"open","ping_status":"open","sticky":false,"template":"","format":"standard","meta":{"footnotes":""},"categories":[36],"tags":[],"class_list":["post-1174","post","type-post","status-publish","format-standard","has-post-thumbnail","hentry","category-futbol"],"featured_image_urls":{"full":["https:\/\/deportodos.com.ar\/2023\/wp-content\/uploads\/2024\/04\/FEF-2.png",600,380,false],"thumbnail":["https:\/\/deportodos.com.ar\/2023\/wp-content\/uploads\/2024\/04\/FEF-2-150x150.png",150,150,true],"medium":["https:\/\/deportodos.com.ar\/2023\/wp-content\/uploads\/2024\/04\/FEF-2-300x190.png",300,190,true],"medium_large":["https:\/\/deportodos.com.ar\/2023\/wp-content\/uploads\/2024\/04\/FEF-2.png",600,380,false],"large":["https:\/\/deportodos.com.ar\/2023\/wp-content\/uploads\/2024\/04\/FEF-2.png",600,380,false],"1536x1536":["https:\/\/deportodos.com.ar\/2023\/wp-content\/uploads\/2024\/04\/FEF-2.png",600,380,false],"2048x2048":["https:\/\/deportodos.com.ar\/2023\/wp-content\/uploads\/2024\/04\/FEF-2.png",600,380,false],"covernews-featured":["https:\/\/deportodos.com.ar\/2023\/wp-content\/uploads\/2024\/04\/FEF-2.png",600,380,false],"covernews-medium":["https:\/\/deportodos.com.ar\/2023\/wp-content\/uploads\/2024\/04\/FEF-2-540x340.png",540,340,true]},"author_info":{"display_name":"c2530142","author_link":"https:\/\/deportodos.com.ar\/2023\/author\/c2530142\/"},"category_info":"<a href=\"https:\/\/deportodos.com.ar\/2023\/category\/futbol\/\" rel=\"category tag\">Futbol<\/a>","tag_info":"Futbol","comment_count":"0","_links":{"self":[{"href":"https:\/\/deportodos.com.ar\/2023\/wp-json\/wp\/v2\/posts\/1174","targetHints":{"allow":["GET"]}}],"collection":[{"href":"https:\/\/deportodos.com.ar\/2023\/wp-json\/wp\/v2\/posts"}],"about":[{"href":"https:\/\/deportodos.com.ar\/2023\/wp-json\/wp\/v2\/types\/post"}],"author":[{"embeddable":true,"href":"https:\/\/deportodos.com.ar\/2023\/wp-json\/wp\/v2\/users\/2"}],"replies":[{"embeddable":true,"href":"https:\/\/deportodos.com.ar\/2023\/wp-json\/wp\/v2\/comments?post=1174"}],"version-history":[{"count":1,"href":"https:\/\/deportodos.com.ar\/2023\/wp-json\/wp\/v2\/posts\/1174\/revisions"}],"predecessor-version":[{"id":1176,"href":"https:\/\/deportodos.com.ar\/2023\/wp-json\/wp\/v2\/posts\/1174\/revisions\/1176"}],"wp:featuredmedia":[{"embeddable":true,"href":"https:\/\/deportodos.com.ar\/2023\/wp-json\/wp\/v2\/media\/1175"}],"wp:attachment":[{"href":"https:\/\/deportodos.com.ar\/2023\/wp-json\/wp\/v2\/media?parent=1174"}],"wp:term":[{"taxonomy":"category","embeddable":true,"href":"https:\/\/deportodos.com.ar\/2023\/wp-json\/wp\/v2\/categories?post=1174"},{"taxonomy":"post_tag","embeddable":true,"href":"https:\/\/deportodos.com.ar\/2023\/wp-json\/wp\/v2\/tags?post=1174"}],"curies":[{"name":"wp","href":"https:\/\/api.w.org\/{rel}","templated":true}]}}