{"id":1180,"date":"2024-04-05T23:50:39","date_gmt":"2024-04-05T23:50:39","guid":{"rendered":"https:\/\/deportodos.com.ar\/2023\/?p=1180"},"modified":"2024-04-05T23:50:40","modified_gmt":"2024-04-05T23:50:40","slug":"importante-reunion-sobre-la-superliga-entrerriana-de-basquet","status":"publish","type":"post","link":"https:\/\/deportodos.com.ar\/2023\/importante-reunion-sobre-la-superliga-entrerriana-de-basquet\/","title":{"rendered":"IMPORTANTE REUNI\u00d3N SOBRE LA SUPERLIGA ENTRERRIANA DE B\u00c1SQUET"},"content":{"rendered":"\n<p>Por Sergio Daniel Palacios<\/p>\n\n\n\n<p>Si el proyecto se aprueba, en un futuro cercano o lejano se podr\u00e1 escribir sobre la \u00abCumbre del Gregorio Panizza\u00bb-una reuni\u00f3n celebrada en la ma\u00f1ana de este martes 2 de abril de 2024 en el Sal\u00f3n Azul del Club Atl\u00e9tico Tala, a donde llegaron once (11) presidentes de clubes entrerrianos que compiten en la Liga Federal de B\u00e1squet de Mayores. Adem\u00e1s, otros tres presidentes que no pudieron estar presentes, apoyan el proyecto, siendo catorce en total. En este mes de abril- el mismo ser\u00e1 presentado a las autoridades de la FBER, con quienes ya se habr\u00edan establecido charlas informales.<\/p>\n\n\n\n<p>La desintegraci\u00f3n progresiva en el plano deportivo y econ\u00f3mico del ex Torneo Federal (ahora Liga Federal), desmotiva a muchos dirigentes que trabajan y trabajan por sus clubes, pero la tercera divisi\u00f3n nacional ingres\u00f3 en una etapa muy compleja. Para muchos de inviable proyecci\u00f3n. No obstante, este no es el punto central, la idea de la dirigencia entrerriana apunta a fortalecer la competencia provincial en categor\u00eda mayores con un torneo propio, genuino e independiente de las competencias nacionales.<\/p>\n\n\n\n<p>El proyecto presentado por el presidente del Club Atl\u00e9tico Rosario Tala-Doctor Samuel Rojkin- se basa en catorce puntos que en los pr\u00f3ximos d\u00edas ser\u00e1n presentados p\u00fablicamente y ya fueron analizados por gran parte de la dirigencia entrerriana.<\/p>\n\n\n\n<p>La \u00abSuperLiga Entrerriana de B\u00e1squet\u00bb-que futuramente podr\u00eda tener otra denominaci\u00f3n- pretende reunir en una misma competencia anual a todos los clubes que actualmente compiten en los torneos Pre-Federal y Liga Federal, pero la invitaci\u00f3n se ampliar\u00e1 a aquellos equipos de categor\u00edas superiores c\u00f3mo los que est\u00e1n en la Liga Argentina- y tambi\u00e9n a los que solamente juegan asociativos, aunque sin exigirles a estos \u00faltimos que obligatoriamente jueguen los asociativos (requisito actual de CAB). EN S\u00cdNTESIS: TODOS PODR\u00c1N PARTICIPAR. El certamen ser\u00eda por inscripci\u00f3n, organizado y fiscalizado por FBER, con importantes premios econ\u00f3micos (MAYORES A LOS ACTUALES), menores gastos, y sin clasificaci\u00f3n a ninguna competencia nacional, aunque este \u00faltimo punto podr\u00eda ser tan flexible c\u00f3mo discutible.<\/p>\n\n\n\n<p>En cu\u00e1nto a las competencias nacionales (Pre-Federal-Liga Federal-Liga Argentina y LNB)- los equipos que integren la SuperLiga entrerriana tendr\u00e1n la absoluta libertad (como hasta el momento) de participar o no de los torneos de la CAB.<\/p>\n\n\n\n<p>Teniendo en cuenta que, as\u00ed c\u00f3mo es obligatorio jugar asociativos para competir en torneos CAB- tambi\u00e9n est\u00e1 claro que no es obligatorio jugar los torneos Pre-Federal ni Liga Federal. Y por la informaci\u00f3n que pudo recabar este informe, muchas instituciones observan que continuar en el Pre-Federal y LFB es cada vez m\u00e1s dif\u00edcil en lo econ\u00f3mico.<\/p>\n\n\n\n<p>Por otra parte, apostar a los torneos asociativos y crear una competencia al estilo de lo que era la Liga Provincial C de B\u00e1squet, aparece c\u00f3mo un horizonte viable, dentro de una coyuntura econ\u00f3mica adversa y un contexto del b\u00e1squet argentino cada vez m\u00e1s deficitario y de arbitrarias e injustas reglas.<\/p>\n\n\n\n<p>Foto: Archivo Canal Encuentro 2014<br>Samuel Rojkin (presidente Atl\u00e9tico Tala).<\/p>\n","protected":false},"excerpt":{"rendered":"<p>Por Sergio Daniel Palacios Si el proyecto se aprueba, en un futuro cercano o lejano&#8230;<\/p>\n","protected":false},"author":2,"featured_media":1181,"comment_status":"open","ping_status":"open","sticky":false,"template":"","format":"standard","meta":{"footnotes":""},"categories":[9],"tags":[],"class_list":["post-1180","post","type-post","status-publish","format-standard","has-post-thumbnail","hentry","category-basquet"],"featured_image_urls":{"full":["https:\/\/deportodos.com.ar\/2023\/wp-content\/uploads\/2024\/04\/FB_IMG_1712360883209.jpg",1080,486,false],"thumbnail":["https:\/\/deportodos.com.ar\/2023\/wp-content\/uploads\/2024\/04\/FB_IMG_1712360883209-150x150.jpg",150,150,true],"medium":["https:\/\/deportodos.com.ar\/2023\/wp-content\/uploads\/2024\/04\/FB_IMG_1712360883209-300x135.jpg",300,135,true],"medium_large":["https:\/\/deportodos.com.ar\/2023\/wp-content\/uploads\/2024\/04\/FB_IMG_1712360883209-768x346.jpg",640,288,true],"large":["https:\/\/deportodos.com.ar\/2023\/wp-content\/uploads\/2024\/04\/FB_IMG_1712360883209-1024x461.jpg",640,288,true],"1536x1536":["https:\/\/deportodos.com.ar\/2023\/wp-content\/uploads\/2024\/04\/FB_IMG_1712360883209.jpg",1080,486,false],"2048x2048":["https:\/\/deportodos.com.ar\/2023\/wp-content\/uploads\/2024\/04\/FB_IMG_1712360883209.jpg",1080,486,false],"covernews-featured":["https:\/\/deportodos.com.ar\/2023\/wp-content\/uploads\/2024\/04\/FB_IMG_1712360883209-1024x461.jpg",1024,461,true],"covernews-medium":["https:\/\/deportodos.com.ar\/2023\/wp-content\/uploads\/2024\/04\/FB_IMG_1712360883209-540x340.jpg",540,340,true]},"author_info":{"display_name":"c2530142","author_link":"https:\/\/deportodos.com.ar\/2023\/author\/c2530142\/"},"category_info":"<a href=\"https:\/\/deportodos.com.ar\/2023\/category\/basquet\/\" rel=\"category tag\">Basquet<\/a>","tag_info":"Basquet","comment_count":"0","_links":{"self":[{"href":"https:\/\/deportodos.com.ar\/2023\/wp-json\/wp\/v2\/posts\/1180","targetHints":{"allow":["GET"]}}],"collection":[{"href":"https:\/\/deportodos.com.ar\/2023\/wp-json\/wp\/v2\/posts"}],"about":[{"href":"https:\/\/deportodos.com.ar\/2023\/wp-json\/wp\/v2\/types\/post"}],"author":[{"embeddable":true,"href":"https:\/\/deportodos.com.ar\/2023\/wp-json\/wp\/v2\/users\/2"}],"replies":[{"embeddable":true,"href":"https:\/\/deportodos.com.ar\/2023\/wp-json\/wp\/v2\/comments?post=1180"}],"version-history":[{"count":1,"href":"https:\/\/deportodos.com.ar\/2023\/wp-json\/wp\/v2\/posts\/1180\/revisions"}],"predecessor-version":[{"id":1182,"href":"https:\/\/deportodos.com.ar\/2023\/wp-json\/wp\/v2\/posts\/1180\/revisions\/1182"}],"wp:featuredmedia":[{"embeddable":true,"href":"https:\/\/deportodos.com.ar\/2023\/wp-json\/wp\/v2\/media\/1181"}],"wp:attachment":[{"href":"https:\/\/deportodos.com.ar\/2023\/wp-json\/wp\/v2\/media?parent=1180"}],"wp:term":[{"taxonomy":"category","embeddable":true,"href":"https:\/\/deportodos.com.ar\/2023\/wp-json\/wp\/v2\/categories?post=1180"},{"taxonomy":"post_tag","embeddable":true,"href":"https:\/\/deportodos.com.ar\/2023\/wp-json\/wp\/v2\/tags?post=1180"}],"curies":[{"name":"wp","href":"https:\/\/api.w.org\/{rel}","templated":true}]}}