{"id":1205,"date":"2024-04-08T02:05:01","date_gmt":"2024-04-08T02:05:01","guid":{"rendered":"https:\/\/deportodos.com.ar\/2023\/?p=1205"},"modified":"2024-04-08T02:05:02","modified_gmt":"2024-04-08T02:05:02","slug":"el-publico-se-volco-al-autodromo-para-ser-testigo-de-la-segunda","status":"publish","type":"post","link":"https:\/\/deportodos.com.ar\/2023\/el-publico-se-volco-al-autodromo-para-ser-testigo-de-la-segunda\/","title":{"rendered":"EL P\u00daBLICO SE VOLC\u00d3 AL AUTODROMO PARA SER TESTIGO DE LA SEGUNDA"},"content":{"rendered":"\n<p>En un d\u00eda inmejorable desde lo clim\u00e1tico la popular Competici\u00f3n Especial Entrerriana sell\u00f3 a puro espectaculo la segunda fecha del certamen RUS 2024<\/p>\n\n\n\n<p>Formula Entrerriana hizo primera.<\/p>\n\n\n\n<p>El vigente campe\u00f3n, Agust\u00edn Ferreyra se qued\u00f3 con la primer presentaci\u00f3n de la f\u00f3rmula. Mientras que el debutante Ezequiel S\u00e1nchez cumpli\u00f3 con la prueba y se ubic\u00f3 segundo.<br>Para completar el podio, el Correntino Gonzalo Alvarez evolucion\u00f3 junto a su Berta.<\/p>\n\n\n\n<p>Clase 2: Con distinto trazado repite Kunzi<\/p>\n\n\n\n<p>El piloto paranaense Estefano Kunzi se lleva junto al NA Competici\u00f3n la primer fecha de la nueva clase, que contin\u00faa adquiriendo fuerza.<\/p>\n\n\n\n<p>Agust\u00edn Roncaglione y Lucas Corbal\u00e1n heredaron el segundo y tercer puesto tras la exclusi\u00f3n por t\u00e9cnica de David Salvando que hasta ese entonces hab\u00eda endurecido la c\u00e1scara y luchado toda la carrera.<\/p>\n\n\n\n<p>Gast\u00f3n Dubois quien debutaba con tiempos protag\u00f3nicos en la clasificaci\u00f3n, sufri\u00f3 dos duros reveses al no poder larga la final<\/p>\n\n\n\n<p>Clase 1: Candidatazo!<\/p>\n\n\n\n<p>Otra carrera d\u00f3nde Victorio Herbel fu\u00e9 due\u00f1o, tal vez sin la soltura de la carrera anterior pese a no haber Sido el m\u00e1s veloz en pista.<br>Claro indicador que sus oponentes hicieron la tarea en el receso.<\/p>\n\n\n\n<p>Mariano Marozzini tras una lucha denodada con el grueso del pelot\u00f3n ubic\u00f3 al Renault Gordini en segundo lugar.<br>Los coequipers Nico Barreto y Luciano Demarlenge lograron un reconfortante tercer y cuarto lugar para el Buraschi Racing<\/p>\n\n\n\n<p>Clase 3<br>Juan Garc\u00eda se vuelve a Villaguay con la ovaci\u00f3n del p\u00fablico<\/p>\n\n\n\n<p>El piloto de la ciudad de los encuentros se llev\u00f3 una final que se brind\u00f3 al espect\u00e1culo.<\/p>\n\n\n\n<p>Escoltaron las acciones Franco Morend, y Francisco Freitas, recargado por deportiva. Entre ellos la interesante puja por el campeonato.<\/p>\n\n\n\n<p>Excelente labor de Facundo Tamay llegando 4 sin apuros.<\/p>\n\n\n\n<p>Ganador de la Seniors y 5to en la general, Sebasti\u00e1n Elola que comand\u00f3 el pelot\u00f3n m\u00e1s espectacular del fin de semana.<\/p>\n","protected":false},"excerpt":{"rendered":"<p>En un d\u00eda inmejorable desde lo clim\u00e1tico la popular Competici\u00f3n Especial Entrerriana sell\u00f3 a puro&#8230;<\/p>\n","protected":false},"author":2,"featured_media":1206,"comment_status":"open","ping_status":"open","sticky":false,"template":"","format":"standard","meta":{"footnotes":""},"categories":[6],"tags":[],"class_list":["post-1205","post","type-post","status-publish","format-standard","has-post-thumbnail","hentry","category-automovilismo"],"featured_image_urls":{"full":["https:\/\/deportodos.com.ar\/2023\/wp-content\/uploads\/2024\/04\/IMG-20240407-WA0028.jpg",1599,1066,false],"thumbnail":["https:\/\/deportodos.com.ar\/2023\/wp-content\/uploads\/2024\/04\/IMG-20240407-WA0028-150x150.jpg",150,150,true],"medium":["https:\/\/deportodos.com.ar\/2023\/wp-content\/uploads\/2024\/04\/IMG-20240407-WA0028-300x200.jpg",300,200,true],"medium_large":["https:\/\/deportodos.com.ar\/2023\/wp-content\/uploads\/2024\/04\/IMG-20240407-WA0028-768x512.jpg",640,427,true],"large":["https:\/\/deportodos.com.ar\/2023\/wp-content\/uploads\/2024\/04\/IMG-20240407-WA0028-1024x683.jpg",640,427,true],"1536x1536":["https:\/\/deportodos.com.ar\/2023\/wp-content\/uploads\/2024\/04\/IMG-20240407-WA0028-1536x1024.jpg",1536,1024,true],"2048x2048":["https:\/\/deportodos.com.ar\/2023\/wp-content\/uploads\/2024\/04\/IMG-20240407-WA0028.jpg",1599,1066,false],"covernews-featured":["https:\/\/deportodos.com.ar\/2023\/wp-content\/uploads\/2024\/04\/IMG-20240407-WA0028-1024x683.jpg",1024,683,true],"covernews-medium":["https:\/\/deportodos.com.ar\/2023\/wp-content\/uploads\/2024\/04\/IMG-20240407-WA0028-540x340.jpg",540,340,true]},"author_info":{"display_name":"c2530142","author_link":"https:\/\/deportodos.com.ar\/2023\/author\/c2530142\/"},"category_info":"<a href=\"https:\/\/deportodos.com.ar\/2023\/category\/automovilismo\/\" rel=\"category tag\">Automovilismo<\/a>","tag_info":"Automovilismo","comment_count":"0","_links":{"self":[{"href":"https:\/\/deportodos.com.ar\/2023\/wp-json\/wp\/v2\/posts\/1205","targetHints":{"allow":["GET"]}}],"collection":[{"href":"https:\/\/deportodos.com.ar\/2023\/wp-json\/wp\/v2\/posts"}],"about":[{"href":"https:\/\/deportodos.com.ar\/2023\/wp-json\/wp\/v2\/types\/post"}],"author":[{"embeddable":true,"href":"https:\/\/deportodos.com.ar\/2023\/wp-json\/wp\/v2\/users\/2"}],"replies":[{"embeddable":true,"href":"https:\/\/deportodos.com.ar\/2023\/wp-json\/wp\/v2\/comments?post=1205"}],"version-history":[{"count":1,"href":"https:\/\/deportodos.com.ar\/2023\/wp-json\/wp\/v2\/posts\/1205\/revisions"}],"predecessor-version":[{"id":1207,"href":"https:\/\/deportodos.com.ar\/2023\/wp-json\/wp\/v2\/posts\/1205\/revisions\/1207"}],"wp:featuredmedia":[{"embeddable":true,"href":"https:\/\/deportodos.com.ar\/2023\/wp-json\/wp\/v2\/media\/1206"}],"wp:attachment":[{"href":"https:\/\/deportodos.com.ar\/2023\/wp-json\/wp\/v2\/media?parent=1205"}],"wp:term":[{"taxonomy":"category","embeddable":true,"href":"https:\/\/deportodos.com.ar\/2023\/wp-json\/wp\/v2\/categories?post=1205"},{"taxonomy":"post_tag","embeddable":true,"href":"https:\/\/deportodos.com.ar\/2023\/wp-json\/wp\/v2\/tags?post=1205"}],"curies":[{"name":"wp","href":"https:\/\/api.w.org\/{rel}","templated":true}]}}