{"id":1208,"date":"2024-04-08T10:19:22","date_gmt":"2024-04-08T10:19:22","guid":{"rendered":"https:\/\/deportodos.com.ar\/2023\/?p=1208"},"modified":"2024-04-08T10:19:23","modified_gmt":"2024-04-08T10:19:23","slug":"martin-mendez-el-ganador-de-la-asics-golden-run","status":"publish","type":"post","link":"https:\/\/deportodos.com.ar\/2023\/martin-mendez-el-ganador-de-la-asics-golden-run\/","title":{"rendered":"MARTIN M\u00c9NDEZ EL GANADOR DE LA ASICS GOLDEN RUN"},"content":{"rendered":"\n<p>La primera Media Marat\u00f3n del a\u00f1o abri\u00f3 el calendario runner, con los atletas de elite como protagonistas, mientras que los 10K fueron una verdadera fiesta deportiva, con cupos agotados. Los ganadores de los 21K fueron Mart\u00edn M\u00e9ndez de Concordia y la representante de ASICS: Karen Cejas.&nbsp; En los 10K el triunfo fue para Gonzalo Grandays y Cintia Gim\u00e9nez.<\/p>\n\n\n\n<p>La 11\u00aa edici\u00f3n de la cl\u00e1sica competencia ASICS Golden Run fue un \u00e9xito de convocatoria, con una participaci\u00f3n de 8.500 atletas que llegaron de todo el pa\u00eds. La carrera inaugur\u00f3 el calendario runner con la distancia de 21K, mientras que los cupos agotados de los 10K demostraron que la competencia gan\u00f3 popularidad y prestigio, confirmando su creciente impacto en la comunidad deportiva.<\/p>\n\n\n\n<p>Bajo la organizaci\u00f3n de Club de Corredores, la carrera se llev\u00f3 a cabo el domingo 7 de abril, con una emocionante largada desde los Bosques de Palermo, animada por los conductores Iv\u00e1n de Pineda, Josefina \u201cChina\u201d Ansa y Pablo Colombo, que sumaron entusiasmo y energ\u00eda al evento. En la llegada, Elisa Forti \u201cla nonna de 89 a\u00f1os que corre\u201d esper\u00f3 y felicit\u00f3 a los participantes por haber superado un nuevo reto. Por su parte, Nicol\u00e1s Poyo \u2013 Brand Manager de ASICS Argentina- afirm\u00f3 sobre el evento que \u201cesta edici\u00f3n de ASICS Golden Run super\u00f3 nuestras expectativas y tambi\u00e9n la de los corredores. Ofrecimos una gran experiencia para los atletas, con dos circuitos desafiantes, y nos enfocamos en crear una atm\u00f3sfera motivadora, para que los participantes se sientan inspirados y conectados con otros amantes del running\u201d.<\/p>\n\n\n\n<p>En un clima festivo, alentados por el p\u00fablico que se acerc\u00f3 para apoyarlos y presenciar la competencia, los principales atletas de \u00e9lite, junto a los miles de participantes amateurs, recorrieron el circuito que atraves\u00f3 las calles de Palermo. Poniendo a prueba su resistencia y voluntad para llegar a la meta, el primero en cruzar el arco de llegada de la Media Marat\u00f3n fue Mart\u00edn M\u00e9ndez, con un tiempo de 01:06:16. Pis\u00e1ndole los talones lleg\u00f3 Gerardo Haro (01:07:04) en segundo lugar, escoltado por Ignacio Oliva, con un tiempo de 01:08:55, en tercer lugar. Entre las Damas, la primera en llegar fue la representante de ASICS: Karen Cejas, que lleg\u00f3 a la meta en 1:18:26, seguida por Fernanda Oropel (01:19:16) y Caterina Peralta (1:24:44).<\/p>\n\n\n\n<p>Con cupos agotados, la distancia de 10K fue la elegida por la mayor\u00eda de los corredores. Aqu\u00ed, el triunfo fue para Gonzalo Grandays, que se llev\u00f3 el primer lugar con un tiempo de 00:32:49, seguido por Leonardo Marcelo Fr\u00edas (00:34:10) y Leandro Corrales (00:34:12). El podio femenimo fue para la atleta Cintia Gim\u00e9nez, que se impuso en el primer lugar con una marca de 00:38:40; seguida por Cintia Coronel (00:39:44) y Silvina Crist\u00f3fano (00:39:54) en el tercer puesto.<\/p>\n\n\n\n<p>En esta edici\u00f3n, los participantes recibieron un destacado kit de corredor que incluy\u00f3 la remera oficial de la competencia, con propiedades de elastano, m\u00e1s el\u00e1stica y respirable, y un detalle diferenciador: el n\u00famero estampado. Tambi\u00e9n se agreg\u00f3 una botella t\u00e9rmica, una tote bag de la marca, y un par de mangas para protegerse del fr\u00edo durante la pr\u00e1ctica deportiva. Al finalizar el recorrido, todos los participantes recibieron su medalla finisher tras cruzar la meta, que incluy\u00f3 en su dise\u00f1o a la escultura Floralis Gen\u00e9rica, representando a la Ciudad de Buenos Aires.<\/p>\n\n\n\n<p>Por otro lado, ASICS Golden Run fue la ocasi\u00f3n perfecta para el debut en competencia del ASICS Lume Club Argentina, el grupo de corredoras unidas por ASICS, que tiene como objetivo alentar a m\u00e1s mujeres para que formen parte de la comunidad runner y as\u00ed autosuperarse. \u201cCorrer nos hace sentir muy poderosas a las mujeres, y si nos unimos y nos apoyamos es mucho m\u00e1s f\u00e1cil. Y as\u00ed vivimos esta competencia, como un gran primer paso para motivar a muchas m\u00e1s mujeres que, en esta ocasi\u00f3n, se animaron a participar de una carrera. \u00a1Inclusive fue la primera vez para mi mam\u00e1! Quien tambi\u00e9n dio sus primeros pasos como runner en ASICS Golden Run\u201d coment\u00f3 Lara L\u00f3pez Calvo, embajadora de ASICS y capitana del ASICS Lume Club Argentina.<\/p>\n\n\n\n<blockquote class=\"wp-block-quote is-layout-flow wp-block-quote-is-layout-flow\">\n<p><\/p>\n<cite>www.7paginas.com.art<\/cite><\/blockquote>\n","protected":false},"excerpt":{"rendered":"<p>La primera Media Marat\u00f3n del a\u00f1o abri\u00f3 el calendario runner, con los atletas de elite&#8230;<\/p>\n","protected":false},"author":2,"featured_media":1209,"comment_status":"open","ping_status":"open","sticky":false,"template":"","format":"standard","meta":{"footnotes":""},"categories":[5],"tags":[],"class_list":["post-1208","post","type-post","status-publish","format-standard","has-post-thumbnail","hentry","category-atletismo"],"featured_image_urls":{"full":["https:\/\/deportodos.com.ar\/2023\/wp-content\/uploads\/2024\/04\/IMG-20240408-WA0000.jpg",983,620,false],"thumbnail":["https:\/\/deportodos.com.ar\/2023\/wp-content\/uploads\/2024\/04\/IMG-20240408-WA0000-150x150.jpg",150,150,true],"medium":["https:\/\/deportodos.com.ar\/2023\/wp-content\/uploads\/2024\/04\/IMG-20240408-WA0000-300x189.jpg",300,189,true],"medium_large":["https:\/\/deportodos.com.ar\/2023\/wp-content\/uploads\/2024\/04\/IMG-20240408-WA0000-768x484.jpg",640,403,true],"large":["https:\/\/deportodos.com.ar\/2023\/wp-content\/uploads\/2024\/04\/IMG-20240408-WA0000.jpg",640,404,false],"1536x1536":["https:\/\/deportodos.com.ar\/2023\/wp-content\/uploads\/2024\/04\/IMG-20240408-WA0000.jpg",983,620,false],"2048x2048":["https:\/\/deportodos.com.ar\/2023\/wp-content\/uploads\/2024\/04\/IMG-20240408-WA0000.jpg",983,620,false],"covernews-featured":["https:\/\/deportodos.com.ar\/2023\/wp-content\/uploads\/2024\/04\/IMG-20240408-WA0000.jpg",983,620,false],"covernews-medium":["https:\/\/deportodos.com.ar\/2023\/wp-content\/uploads\/2024\/04\/IMG-20240408-WA0000-540x340.jpg",540,340,true]},"author_info":{"display_name":"c2530142","author_link":"https:\/\/deportodos.com.ar\/2023\/author\/c2530142\/"},"category_info":"<a href=\"https:\/\/deportodos.com.ar\/2023\/category\/atletismo\/\" rel=\"category tag\">Atletismo<\/a>","tag_info":"Atletismo","comment_count":"0","_links":{"self":[{"href":"https:\/\/deportodos.com.ar\/2023\/wp-json\/wp\/v2\/posts\/1208","targetHints":{"allow":["GET"]}}],"collection":[{"href":"https:\/\/deportodos.com.ar\/2023\/wp-json\/wp\/v2\/posts"}],"about":[{"href":"https:\/\/deportodos.com.ar\/2023\/wp-json\/wp\/v2\/types\/post"}],"author":[{"embeddable":true,"href":"https:\/\/deportodos.com.ar\/2023\/wp-json\/wp\/v2\/users\/2"}],"replies":[{"embeddable":true,"href":"https:\/\/deportodos.com.ar\/2023\/wp-json\/wp\/v2\/comments?post=1208"}],"version-history":[{"count":1,"href":"https:\/\/deportodos.com.ar\/2023\/wp-json\/wp\/v2\/posts\/1208\/revisions"}],"predecessor-version":[{"id":1210,"href":"https:\/\/deportodos.com.ar\/2023\/wp-json\/wp\/v2\/posts\/1208\/revisions\/1210"}],"wp:featuredmedia":[{"embeddable":true,"href":"https:\/\/deportodos.com.ar\/2023\/wp-json\/wp\/v2\/media\/1209"}],"wp:attachment":[{"href":"https:\/\/deportodos.com.ar\/2023\/wp-json\/wp\/v2\/media?parent=1208"}],"wp:term":[{"taxonomy":"category","embeddable":true,"href":"https:\/\/deportodos.com.ar\/2023\/wp-json\/wp\/v2\/categories?post=1208"},{"taxonomy":"post_tag","embeddable":true,"href":"https:\/\/deportodos.com.ar\/2023\/wp-json\/wp\/v2\/tags?post=1208"}],"curies":[{"name":"wp","href":"https:\/\/api.w.org\/{rel}","templated":true}]}}