{"id":1220,"date":"2024-04-11T20:09:58","date_gmt":"2024-04-11T20:09:58","guid":{"rendered":"https:\/\/deportodos.com.ar\/2023\/?p=1220"},"modified":"2024-04-11T20:09:59","modified_gmt":"2024-04-11T20:09:59","slug":"informacion-importante-inicio-de-temporada-del-circuito","status":"publish","type":"post","link":"https:\/\/deportodos.com.ar\/2023\/informacion-importante-inicio-de-temporada-del-circuito\/","title":{"rendered":"INFORMACI\u00d3N IMPORTANTE: INICIO DE TEMPORADA DEL CIRCUITO"},"content":{"rendered":"\n<p>D\u00edas nos restan para largar con la primera competencia del a\u00f1o en Pen\u00ednsula Soler. En las \u00faltimas horas los Amigos del MTB pudieron completar la limpieza del circuito, tras cambiar en varias ocasiones el recorrido por las lluvias registradas y sectores anegados por el desborde del r\u00edo. Por otro lado, adelantan que en algunos competidores se est\u00e1n modificando sus categor\u00edas elegidas. Remarcan que ser\u00e1n rigorosos en este tema. El jueves cierre de las inscripciones online.<\/p>\n\n\n\n<p>Luego de varias modificaciones, el circuito queda habilitado para su prueba. C\u00f3mo siempre remarcamos que el tr\u00e1nsito en el mismo los d\u00edas previos a la competencia, queda a cargo de cada uno de los competidores. \u201cCambiamos muchos sectores por ca\u00edda de \u00e1rboles, otros anegados por inundaciones tras el crecimiento del lago. Despu\u00e9s de muchas modificaciones habilitamos para poder recorrerlo, es similar al utilizado en el 2023 pero en sentido inverso. Este a\u00f1o ser\u00e1 en sentido de las agujas del reloj\u201d coment\u00f3 el Presidente Esteban Sbresso.<\/p>\n\n\n\n<p>Por otro lado, Sbresso adelant\u00f3 que se hace un seguimiento a algunos corredores y sus inscripciones: \u201creubicamos algunos corredores en la categor\u00eda que le corresponde de acuerdo a antecedentes, resultados y por la cantidad de competencias disputadas. Esto se va a seguir evaluando a los pr\u00f3ximos inscriptos, con la idea de que cada uno compita en la divisional que le corresponde\u201d finaliz\u00f3.<\/p>\n\n\n\n<ul class=\"wp-block-list\">\n<li>CRONOGRAMA FECHA 1<br>Jueves<br>12:00 hs. \u2013 Cierre de inscripci\u00f3n online (www.encarrera.com.ar\/mtb)<br>18:00 a 20:30 hs. \u2013 Entrega de Kit (Alvear 1231) LR Bikes<\/li>\n<\/ul>\n\n\n\n<p>S\u00e1bado<br>12:30 a 13:30 \u2013 Entrega de kit no residente<br>14:00 \u2013 Largada 1\u00aa manga<br>15.30 \u2013 Largada 2\u00aa manga<\/p>\n","protected":false},"excerpt":{"rendered":"<p>D\u00edas nos restan para largar con la primera competencia del a\u00f1o en Pen\u00ednsula Soler. En&#8230;<\/p>\n","protected":false},"author":2,"featured_media":1221,"comment_status":"open","ping_status":"open","sticky":false,"template":"","format":"standard","meta":{"footnotes":""},"categories":[37],"tags":[],"class_list":["post-1220","post","type-post","status-publish","format-standard","has-post-thumbnail","hentry","category-mountain-bike"],"featured_image_urls":{"full":["https:\/\/deportodos.com.ar\/2023\/wp-content\/uploads\/2024\/04\/FB_IMG_1712866138450.jpg",1080,720,false],"thumbnail":["https:\/\/deportodos.com.ar\/2023\/wp-content\/uploads\/2024\/04\/FB_IMG_1712866138450-150x150.jpg",150,150,true],"medium":["https:\/\/deportodos.com.ar\/2023\/wp-content\/uploads\/2024\/04\/FB_IMG_1712866138450-300x200.jpg",300,200,true],"medium_large":["https:\/\/deportodos.com.ar\/2023\/wp-content\/uploads\/2024\/04\/FB_IMG_1712866138450-768x512.jpg",640,427,true],"large":["https:\/\/deportodos.com.ar\/2023\/wp-content\/uploads\/2024\/04\/FB_IMG_1712866138450-1024x683.jpg",640,427,true],"1536x1536":["https:\/\/deportodos.com.ar\/2023\/wp-content\/uploads\/2024\/04\/FB_IMG_1712866138450.jpg",1080,720,false],"2048x2048":["https:\/\/deportodos.com.ar\/2023\/wp-content\/uploads\/2024\/04\/FB_IMG_1712866138450.jpg",1080,720,false],"covernews-featured":["https:\/\/deportodos.com.ar\/2023\/wp-content\/uploads\/2024\/04\/FB_IMG_1712866138450-1024x683.jpg",1024,683,true],"covernews-medium":["https:\/\/deportodos.com.ar\/2023\/wp-content\/uploads\/2024\/04\/FB_IMG_1712866138450-540x340.jpg",540,340,true]},"author_info":{"display_name":"c2530142","author_link":"https:\/\/deportodos.com.ar\/2023\/author\/c2530142\/"},"category_info":"<a href=\"https:\/\/deportodos.com.ar\/2023\/category\/mountain-bike\/\" rel=\"category tag\">Mountain Bike<\/a>","tag_info":"Mountain Bike","comment_count":"0","_links":{"self":[{"href":"https:\/\/deportodos.com.ar\/2023\/wp-json\/wp\/v2\/posts\/1220","targetHints":{"allow":["GET"]}}],"collection":[{"href":"https:\/\/deportodos.com.ar\/2023\/wp-json\/wp\/v2\/posts"}],"about":[{"href":"https:\/\/deportodos.com.ar\/2023\/wp-json\/wp\/v2\/types\/post"}],"author":[{"embeddable":true,"href":"https:\/\/deportodos.com.ar\/2023\/wp-json\/wp\/v2\/users\/2"}],"replies":[{"embeddable":true,"href":"https:\/\/deportodos.com.ar\/2023\/wp-json\/wp\/v2\/comments?post=1220"}],"version-history":[{"count":1,"href":"https:\/\/deportodos.com.ar\/2023\/wp-json\/wp\/v2\/posts\/1220\/revisions"}],"predecessor-version":[{"id":1222,"href":"https:\/\/deportodos.com.ar\/2023\/wp-json\/wp\/v2\/posts\/1220\/revisions\/1222"}],"wp:featuredmedia":[{"embeddable":true,"href":"https:\/\/deportodos.com.ar\/2023\/wp-json\/wp\/v2\/media\/1221"}],"wp:attachment":[{"href":"https:\/\/deportodos.com.ar\/2023\/wp-json\/wp\/v2\/media?parent=1220"}],"wp:term":[{"taxonomy":"category","embeddable":true,"href":"https:\/\/deportodos.com.ar\/2023\/wp-json\/wp\/v2\/categories?post=1220"},{"taxonomy":"post_tag","embeddable":true,"href":"https:\/\/deportodos.com.ar\/2023\/wp-json\/wp\/v2\/tags?post=1220"}],"curies":[{"name":"wp","href":"https:\/\/api.w.org\/{rel}","templated":true}]}}