{"id":1223,"date":"2024-04-11T20:14:26","date_gmt":"2024-04-11T20:14:26","guid":{"rendered":"https:\/\/deportodos.com.ar\/2023\/?p=1223"},"modified":"2024-04-11T20:14:40","modified_gmt":"2024-04-11T20:14:40","slug":"con-tres-binomios-entrerrianos-se-larga-el-rally-de-jesus-maria","status":"publish","type":"post","link":"https:\/\/deportodos.com.ar\/2023\/con-tres-binomios-entrerrianos-se-larga-el-rally-de-jesus-maria\/","title":{"rendered":"CON TRES BINOMIOS ENTRERRIANOS SE LARGA EL RALLY DE JES\u00daS MAR\u00cdA"},"content":{"rendered":"\n<p><em>La segunda fecha del Rally Argentino y del Codasur se presentar\u00e1n en Jes\u00fas Mar\u00eda los d\u00edas 12, 13 y 14 de abril con un recorrido que incluye tramos veloces<\/em>.<\/p>\n\n\n\n<p>El Rally contar\u00e1 con diez pruebas especiales y con 180,5 kil\u00f3metros de carrera, distribuidos alrededor de la ciudad de Jes\u00fas Mar\u00eda, que albergar\u00e1 por primera vez el evento conjunto que ofrecer\u00e1n los campeonatos argentino y sudamericano.<\/p>\n\n\n\n<p>La programaci\u00f3n oficial del&nbsp;<strong>Rally Jes\u00fas Mar\u00eda<\/strong>&nbsp;dar\u00e1 inicio el viernes 12 de abril, jornada en la que se llevar\u00e1n a cabo las inspecciones, prueba preliminar y la ceremonia de salida. De esta forma, se establecer\u00e1 el primer d\u00eda de competici\u00f3n, el cual brindar\u00e1 la antesala ideal a un fin de semana repleto de importantes y emocionantes retos en las rutas que transitar\u00e1n los pilotos extranjeros, locales y del pa\u00eds.<\/p>\n\n\n\n<blockquote class=\"wp-block-quote is-layout-flow wp-block-quote-is-layout-flow\">\n<p><\/p>\n<cite>www.elportaldelrally.com<\/cite><\/blockquote>\n","protected":false},"excerpt":{"rendered":"<p>La segunda fecha del Rally Argentino y del Codasur se presentar\u00e1n en Jes\u00fas Mar\u00eda los&#8230;<\/p>\n","protected":false},"author":2,"featured_media":1224,"comment_status":"open","ping_status":"open","sticky":false,"template":"","format":"standard","meta":{"footnotes":""},"categories":[6],"tags":[],"class_list":["post-1223","post","type-post","status-publish","format-standard","has-post-thumbnail","hentry","category-automovilismo"],"featured_image_urls":{"full":["https:\/\/deportodos.com.ar\/2023\/wp-content\/uploads\/2024\/04\/rally-mina-clavero2023.jpg",1000,668,false],"thumbnail":["https:\/\/deportodos.com.ar\/2023\/wp-content\/uploads\/2024\/04\/rally-mina-clavero2023-150x150.jpg",150,150,true],"medium":["https:\/\/deportodos.com.ar\/2023\/wp-content\/uploads\/2024\/04\/rally-mina-clavero2023-300x200.jpg",300,200,true],"medium_large":["https:\/\/deportodos.com.ar\/2023\/wp-content\/uploads\/2024\/04\/rally-mina-clavero2023-768x513.jpg",640,428,true],"large":["https:\/\/deportodos.com.ar\/2023\/wp-content\/uploads\/2024\/04\/rally-mina-clavero2023.jpg",640,428,false],"1536x1536":["https:\/\/deportodos.com.ar\/2023\/wp-content\/uploads\/2024\/04\/rally-mina-clavero2023.jpg",1000,668,false],"2048x2048":["https:\/\/deportodos.com.ar\/2023\/wp-content\/uploads\/2024\/04\/rally-mina-clavero2023.jpg",1000,668,false],"covernews-featured":["https:\/\/deportodos.com.ar\/2023\/wp-content\/uploads\/2024\/04\/rally-mina-clavero2023.jpg",1000,668,false],"covernews-medium":["https:\/\/deportodos.com.ar\/2023\/wp-content\/uploads\/2024\/04\/rally-mina-clavero2023-540x340.jpg",540,340,true]},"author_info":{"display_name":"c2530142","author_link":"https:\/\/deportodos.com.ar\/2023\/author\/c2530142\/"},"category_info":"<a href=\"https:\/\/deportodos.com.ar\/2023\/category\/automovilismo\/\" rel=\"category tag\">Automovilismo<\/a>","tag_info":"Automovilismo","comment_count":"0","_links":{"self":[{"href":"https:\/\/deportodos.com.ar\/2023\/wp-json\/wp\/v2\/posts\/1223","targetHints":{"allow":["GET"]}}],"collection":[{"href":"https:\/\/deportodos.com.ar\/2023\/wp-json\/wp\/v2\/posts"}],"about":[{"href":"https:\/\/deportodos.com.ar\/2023\/wp-json\/wp\/v2\/types\/post"}],"author":[{"embeddable":true,"href":"https:\/\/deportodos.com.ar\/2023\/wp-json\/wp\/v2\/users\/2"}],"replies":[{"embeddable":true,"href":"https:\/\/deportodos.com.ar\/2023\/wp-json\/wp\/v2\/comments?post=1223"}],"version-history":[{"count":1,"href":"https:\/\/deportodos.com.ar\/2023\/wp-json\/wp\/v2\/posts\/1223\/revisions"}],"predecessor-version":[{"id":1225,"href":"https:\/\/deportodos.com.ar\/2023\/wp-json\/wp\/v2\/posts\/1223\/revisions\/1225"}],"wp:featuredmedia":[{"embeddable":true,"href":"https:\/\/deportodos.com.ar\/2023\/wp-json\/wp\/v2\/media\/1224"}],"wp:attachment":[{"href":"https:\/\/deportodos.com.ar\/2023\/wp-json\/wp\/v2\/media?parent=1223"}],"wp:term":[{"taxonomy":"category","embeddable":true,"href":"https:\/\/deportodos.com.ar\/2023\/wp-json\/wp\/v2\/categories?post=1223"},{"taxonomy":"post_tag","embeddable":true,"href":"https:\/\/deportodos.com.ar\/2023\/wp-json\/wp\/v2\/tags?post=1223"}],"curies":[{"name":"wp","href":"https:\/\/api.w.org\/{rel}","templated":true}]}}