{"id":1226,"date":"2024-04-12T03:28:05","date_gmt":"2024-04-12T03:28:05","guid":{"rendered":"https:\/\/deportodos.com.ar\/2023\/?p=1226"},"modified":"2024-04-12T03:28:06","modified_gmt":"2024-04-12T03:28:06","slug":"el-half-triatlon-de-santa-ana-con-cupo-completo","status":"publish","type":"post","link":"https:\/\/deportodos.com.ar\/2023\/el-half-triatlon-de-santa-ana-con-cupo-completo\/","title":{"rendered":"EL HALF TRIATL\u00d3N DE SANTA ANA CON CUPO COMPLETO"},"content":{"rendered":"\n<p>A casi 2 d\u00edas de la edici\u00f3n 2024 del \u201cHalf Triathlon Santa Ana\u201d crece la expectativa por este mega evento que tendr\u00e1 lugar este domingo 14 de abril en la localidad de Santa Ana junto al lago Salto Grande y que concita el inter\u00e9s de todo el ambiente del triatl\u00f3n nacional.<\/p>\n\n\n\n<p>Las m\u00e1ximas figuras estar\u00e1n presentes, y se espera la presencia de representantes de alrededor de 14 provincias de nuestro pa\u00eds y tambi\u00e9n de la Rep\u00fablica Oriental del Uruguay.<\/p>\n\n\n\n<p>El cupo qued\u00f3 cerrado hace varios meses y ser\u00e1n finalmente 520 los participantes de esta edici\u00f3n entre lo que es la distancia principal (1900m nataci\u00f3n, 90km ciclismo y 21 de pedestrismo), y la distancia sprint (800-30-7).<\/p>\n\n\n\n<p>Cabe destacar que el pasado 6 de noviembre se abrieron las inscripciones bonificadas que duraron s\u00f3lo tres minutos, y posteriormente el 13 de diciembre el resto de los cupos disponibles que en una hora se agotaron, quedando adem\u00e1s muchos corredores en lista de espera.<\/p>\n\n\n\n<p>La Asociaci\u00f3n Concordiense de Pruebas Combinadas junto al Municipio de Santa Ana se encuentran trabajando en toda la gran log\u00edstica que requiere este evento, y se espera lo mejor para esta cuarta edici\u00f3n en Santa Ana, y ya la edici\u00f3n n\u00famero 16 de la ACPC, recordando que las doce primeras fueron en Concordia.<\/p>\n\n\n\n<blockquote class=\"wp-block-quote is-layout-flow wp-block-quote-is-layout-flow\">\n<p><\/p>\n<cite>www.elheraldo.com.ar<\/cite><\/blockquote>\n","protected":false},"excerpt":{"rendered":"<p>A casi 2 d\u00edas de la edici\u00f3n 2024 del \u201cHalf Triathlon Santa Ana\u201d crece la&#8230;<\/p>\n","protected":false},"author":2,"featured_media":1227,"comment_status":"open","ping_status":"open","sticky":false,"template":"","format":"standard","meta":{"footnotes":""},"categories":[33],"tags":[],"class_list":["post-1226","post","type-post","status-publish","format-standard","has-post-thumbnail","hentry","category-triatlon"],"featured_image_urls":{"full":["https:\/\/deportodos.com.ar\/2023\/wp-content\/uploads\/2024\/04\/01_half_pag_12.jpg",1024,454,false],"thumbnail":["https:\/\/deportodos.com.ar\/2023\/wp-content\/uploads\/2024\/04\/01_half_pag_12-150x150.jpg",150,150,true],"medium":["https:\/\/deportodos.com.ar\/2023\/wp-content\/uploads\/2024\/04\/01_half_pag_12-300x133.jpg",300,133,true],"medium_large":["https:\/\/deportodos.com.ar\/2023\/wp-content\/uploads\/2024\/04\/01_half_pag_12-768x341.jpg",640,284,true],"large":["https:\/\/deportodos.com.ar\/2023\/wp-content\/uploads\/2024\/04\/01_half_pag_12.jpg",640,284,false],"1536x1536":["https:\/\/deportodos.com.ar\/2023\/wp-content\/uploads\/2024\/04\/01_half_pag_12.jpg",1024,454,false],"2048x2048":["https:\/\/deportodos.com.ar\/2023\/wp-content\/uploads\/2024\/04\/01_half_pag_12.jpg",1024,454,false],"covernews-featured":["https:\/\/deportodos.com.ar\/2023\/wp-content\/uploads\/2024\/04\/01_half_pag_12.jpg",1024,454,false],"covernews-medium":["https:\/\/deportodos.com.ar\/2023\/wp-content\/uploads\/2024\/04\/01_half_pag_12-540x340.jpg",540,340,true]},"author_info":{"display_name":"c2530142","author_link":"https:\/\/deportodos.com.ar\/2023\/author\/c2530142\/"},"category_info":"<a href=\"https:\/\/deportodos.com.ar\/2023\/category\/triatlon\/\" rel=\"category tag\">Triatlon<\/a>","tag_info":"Triatlon","comment_count":"0","_links":{"self":[{"href":"https:\/\/deportodos.com.ar\/2023\/wp-json\/wp\/v2\/posts\/1226","targetHints":{"allow":["GET"]}}],"collection":[{"href":"https:\/\/deportodos.com.ar\/2023\/wp-json\/wp\/v2\/posts"}],"about":[{"href":"https:\/\/deportodos.com.ar\/2023\/wp-json\/wp\/v2\/types\/post"}],"author":[{"embeddable":true,"href":"https:\/\/deportodos.com.ar\/2023\/wp-json\/wp\/v2\/users\/2"}],"replies":[{"embeddable":true,"href":"https:\/\/deportodos.com.ar\/2023\/wp-json\/wp\/v2\/comments?post=1226"}],"version-history":[{"count":1,"href":"https:\/\/deportodos.com.ar\/2023\/wp-json\/wp\/v2\/posts\/1226\/revisions"}],"predecessor-version":[{"id":1228,"href":"https:\/\/deportodos.com.ar\/2023\/wp-json\/wp\/v2\/posts\/1226\/revisions\/1228"}],"wp:featuredmedia":[{"embeddable":true,"href":"https:\/\/deportodos.com.ar\/2023\/wp-json\/wp\/v2\/media\/1227"}],"wp:attachment":[{"href":"https:\/\/deportodos.com.ar\/2023\/wp-json\/wp\/v2\/media?parent=1226"}],"wp:term":[{"taxonomy":"category","embeddable":true,"href":"https:\/\/deportodos.com.ar\/2023\/wp-json\/wp\/v2\/categories?post=1226"},{"taxonomy":"post_tag","embeddable":true,"href":"https:\/\/deportodos.com.ar\/2023\/wp-json\/wp\/v2\/tags?post=1226"}],"curies":[{"name":"wp","href":"https:\/\/api.w.org\/{rel}","templated":true}]}}