{"id":1240,"date":"2024-04-14T15:24:38","date_gmt":"2024-04-14T15:24:38","guid":{"rendered":"https:\/\/deportodos.com.ar\/2023\/?p=1240"},"modified":"2024-04-14T15:24:39","modified_gmt":"2024-04-14T15:24:39","slug":"los-cuartos-de-final-de-la-copa-entre-rios-fueron-postergados","status":"publish","type":"post","link":"https:\/\/deportodos.com.ar\/2023\/los-cuartos-de-final-de-la-copa-entre-rios-fueron-postergados\/","title":{"rendered":"LOS CUARTOS DE FINAL DE LA COPA ENTRE R\u00cdOS FUERON POSTERGADOS"},"content":{"rendered":"\n<p>Este s\u00e1bado por la noche se confirm\u00f3 lo que era de esperarse: la suspensi\u00f3n de los partidos de vuelta de los cuartos de final de la Copa Entre R\u00edos. Este domingo deb\u00edan disputarse los cuatro encuentros para definir a los mejores equipos del certamen provincial, pero por decisi\u00f3n de la Federaci\u00f3n Entrerriana, la definici\u00f3n ser\u00e1 el pr\u00f3ximo fin de semana.<\/p>\n\n\n\n<p>Seg\u00fan el comunicado oficial, la decisi\u00f3n de postergar los encuentros se motiva en la situaci\u00f3n clim\u00e1tica registrada en una importante porci\u00f3n del territorio provincial. Esto dificulta el bienestar de los campos de juego y fomenta decisiones como la tomada por la c\u00fapula dirigencial entrerriana.<\/p>\n\n\n\n<p>Entre los equipos que aparecen en esta instancia se encuentra el Club Atl\u00e9tico Pe\u00f1arol de Paran\u00e1, que en el encuentro de ida ante Atl\u00e9tico Diamantino hab\u00eda igualado por 0-0. La definici\u00f3n deb\u00eda jugarse este domingo desde las 16, en el estadio An\u00edbal Giusti, pero por la decisi\u00f3n de la Federaci\u00f3n, el encuentro fue postergado.<\/p>\n\n\n\n<p>Tambi\u00e9n se postergaron los tres encuentros restantes, por lo que el fixture pas\u00f3 por completo para el pr\u00f3ximo fin de semana. Los emparejamientos quedaron de la siguiente manera:<\/p>\n\n\n\n<p>Suspendidos:<br>Pe\u00f1arol \u2013 Atl\u00e9tico Diamantino.&nbsp;<strong>Ida:<\/strong>&nbsp;0-0.<br><strong>Estadio:<\/strong>&nbsp;An\u00edbal Giusti.&nbsp;<strong>\u00c1rbitro:<\/strong>&nbsp;Ariel Godoy.<\/p>\n\n\n\n<p>Malvinas (La Paz) \u2013 Independiente (Villa del Rosario).&nbsp;<strong>Ida:<\/strong>&nbsp;0-1.<br><strong>\u00c1rbitro:<\/strong>&nbsp;Brian Godoy.&nbsp;<strong>Estadio:<\/strong>&nbsp;Patronato (La Paz).<\/p>\n\n\n\n<p>Gimnasia (Concepci\u00f3n del Uruguay) \u2013 San Jos\u00e9.&nbsp;<strong>Ida:&nbsp;<\/strong>0-1.<br><strong>\u00c1rbitro:<\/strong>&nbsp;Lautaro Casta\u00f1ola.&nbsp;<strong>Estadio:<\/strong>&nbsp;Manuel y Ram\u00f3n N\u00fa\u00f1ez.<\/p>\n\n\n\n<p>Central Entrerriano (Gualeguaych\u00fa) \u2013 Victoria (Concordia).\u00a0<strong>Ida:\u00a0<\/strong>0-3.<br><strong>\u00c1rbitro:<\/strong>\u00a0Jorge Moreno.\u00a0<strong>Estadio:<\/strong>\u00a0Julio Colazo.<\/p>\n\n\n\n<blockquote class=\"wp-block-quote is-layout-flow wp-block-quote-is-layout-flow\">\n<p><\/p>\n<cite>www.analisisdigital.com.ar<\/cite><\/blockquote>\n","protected":false},"excerpt":{"rendered":"<p>Este s\u00e1bado por la noche se confirm\u00f3 lo que era de esperarse: la suspensi\u00f3n de&#8230;<\/p>\n","protected":false},"author":2,"featured_media":1241,"comment_status":"open","ping_status":"open","sticky":false,"template":"","format":"standard","meta":{"footnotes":""},"categories":[36],"tags":[],"class_list":["post-1240","post","type-post","status-publish","format-standard","has-post-thumbnail","hentry","category-futbol"],"featured_image_urls":{"full":["https:\/\/deportodos.com.ar\/2023\/wp-content\/uploads\/2024\/04\/central_entrerriano_19.jpg",450,300,false],"thumbnail":["https:\/\/deportodos.com.ar\/2023\/wp-content\/uploads\/2024\/04\/central_entrerriano_19-150x150.jpg",150,150,true],"medium":["https:\/\/deportodos.com.ar\/2023\/wp-content\/uploads\/2024\/04\/central_entrerriano_19-300x200.jpg",300,200,true],"medium_large":["https:\/\/deportodos.com.ar\/2023\/wp-content\/uploads\/2024\/04\/central_entrerriano_19.jpg",450,300,false],"large":["https:\/\/deportodos.com.ar\/2023\/wp-content\/uploads\/2024\/04\/central_entrerriano_19.jpg",450,300,false],"1536x1536":["https:\/\/deportodos.com.ar\/2023\/wp-content\/uploads\/2024\/04\/central_entrerriano_19.jpg",450,300,false],"2048x2048":["https:\/\/deportodos.com.ar\/2023\/wp-content\/uploads\/2024\/04\/central_entrerriano_19.jpg",450,300,false],"covernews-featured":["https:\/\/deportodos.com.ar\/2023\/wp-content\/uploads\/2024\/04\/central_entrerriano_19.jpg",450,300,false],"covernews-medium":["https:\/\/deportodos.com.ar\/2023\/wp-content\/uploads\/2024\/04\/central_entrerriano_19.jpg",450,300,false]},"author_info":{"display_name":"c2530142","author_link":"https:\/\/deportodos.com.ar\/2023\/author\/c2530142\/"},"category_info":"<a href=\"https:\/\/deportodos.com.ar\/2023\/category\/futbol\/\" rel=\"category tag\">Futbol<\/a>","tag_info":"Futbol","comment_count":"0","_links":{"self":[{"href":"https:\/\/deportodos.com.ar\/2023\/wp-json\/wp\/v2\/posts\/1240","targetHints":{"allow":["GET"]}}],"collection":[{"href":"https:\/\/deportodos.com.ar\/2023\/wp-json\/wp\/v2\/posts"}],"about":[{"href":"https:\/\/deportodos.com.ar\/2023\/wp-json\/wp\/v2\/types\/post"}],"author":[{"embeddable":true,"href":"https:\/\/deportodos.com.ar\/2023\/wp-json\/wp\/v2\/users\/2"}],"replies":[{"embeddable":true,"href":"https:\/\/deportodos.com.ar\/2023\/wp-json\/wp\/v2\/comments?post=1240"}],"version-history":[{"count":1,"href":"https:\/\/deportodos.com.ar\/2023\/wp-json\/wp\/v2\/posts\/1240\/revisions"}],"predecessor-version":[{"id":1242,"href":"https:\/\/deportodos.com.ar\/2023\/wp-json\/wp\/v2\/posts\/1240\/revisions\/1242"}],"wp:featuredmedia":[{"embeddable":true,"href":"https:\/\/deportodos.com.ar\/2023\/wp-json\/wp\/v2\/media\/1241"}],"wp:attachment":[{"href":"https:\/\/deportodos.com.ar\/2023\/wp-json\/wp\/v2\/media?parent=1240"}],"wp:term":[{"taxonomy":"category","embeddable":true,"href":"https:\/\/deportodos.com.ar\/2023\/wp-json\/wp\/v2\/categories?post=1240"},{"taxonomy":"post_tag","embeddable":true,"href":"https:\/\/deportodos.com.ar\/2023\/wp-json\/wp\/v2\/tags?post=1240"}],"curies":[{"name":"wp","href":"https:\/\/api.w.org\/{rel}","templated":true}]}}