{"id":1246,"date":"2024-04-15T01:37:59","date_gmt":"2024-04-15T01:37:59","guid":{"rendered":"https:\/\/deportodos.com.ar\/2023\/?p=1246"},"modified":"2024-04-15T01:38:00","modified_gmt":"2024-04-15T01:38:00","slug":"depro-y-gimnasia-sumaron-por-primera-vez-en-el-federal-a","status":"publish","type":"post","link":"https:\/\/deportodos.com.ar\/2023\/depro-y-gimnasia-sumaron-por-primera-vez-en-el-federal-a\/","title":{"rendered":"DEPRO Y GIMNASIA SUMARON POR PRIMERA VEZ EN EL FEDERAL A"},"content":{"rendered":"\n<p>Este domingo hubo acci\u00f3n por la cuarta fecha de la Zona C en el Torneo Federal A. Los dos representantes de Entre R\u00edos en la categor\u00eda tuvieron sus presentaciones con \u00e9xito desigual, aunque ambos consiguieron sumar por primera vez en el torneo.<\/p>\n\n\n\n<p><strong>Depro 1-0<\/strong>&nbsp;<strong>Defensores de Belgrano<\/strong><br>En el caso de Defensores de Pronunciamiento, obtuvo una valiosa victoria ante Defensores de Belgrano de Villa Ramallo por 1-0. El duelo disputado en el Estadio Delio Cardozo cont\u00f3 con el arbitraje de Joaqu\u00edn Gil. El \u00fanico gol de la jornada lo anot\u00f3 Ignacio Valsangi\u00e1como, que as\u00ed le dio el triunfo al&nbsp;<em>Azulgrana<\/em>.<\/p>\n\n\n\n<p>Los dirigidos por Lucas Castrill\u00f3n suman as\u00ed sus primeros tres puntos del campeonato y buscar\u00e1n repetir en la pr\u00f3xima jornada, cuando les toque visitar a Sportivo AC de Las Parejas.<\/p>\n\n\n\n<p><strong>Gimnasia 1-1<\/strong>&nbsp;<strong>Douglas Haig<\/strong><br>El otro representante entrerriano, Gimnasia de Concepci\u00f3n del Uruguay, jug\u00f3 en el estadio Manuel y Ram\u00f3n N\u00fa\u00f1ez. All\u00ed recibi\u00f3 a Douglas Haig en un encuentro que cont\u00f3 con el arbitraje Marcos Liuzzi.<\/p>\n\n\n\n<p>El partido finaliz\u00f3 1-1 luego de un empate ag\u00f3nico por parte del&nbsp;<em>Fogonero<\/em>. Dami\u00e1n Baltor\u00e9 puso en ventaja al&nbsp;<em>Lobo<\/em>&nbsp;a los 8 del complemento; mientras que Brian Aita lo igual\u00f3 para el&nbsp;<em>Rojinegro<\/em>&nbsp;de Pergamino. El equipo de Alejandro Gorno sufri\u00f3 la expulsi\u00f3n de Jonathan Ben\u00edtez a los 38 de la segunda mitad.<\/p>\n\n\n\n<p>La igualdad otorg\u00f3 al&nbsp;<em>Lobo<\/em>&nbsp;su primer punto del torneo. En la pr\u00f3xima fecha intentar\u00e1 ganar por primera vez cuando deba enfrentarse a Sportivo Belgrano de San Francisco en el estadio Juan Pablo Francia.<\/p>\n\n\n\n<blockquote class=\"wp-block-quote is-layout-flow wp-block-quote-is-layout-flow\">\n<p><\/p>\n<cite>www.analisisdigital.com.ar<\/cite><\/blockquote>\n","protected":false},"excerpt":{"rendered":"<p>Este domingo hubo acci\u00f3n por la cuarta fecha de la Zona C en el Torneo&#8230;<\/p>\n","protected":false},"author":2,"featured_media":1247,"comment_status":"open","ping_status":"open","sticky":false,"template":"","format":"standard","meta":{"footnotes":""},"categories":[36],"tags":[],"class_list":["post-1246","post","type-post","status-publish","format-standard","has-post-thumbnail","hentry","category-futbol"],"featured_image_urls":{"full":["https:\/\/deportodos.com.ar\/2023\/wp-content\/uploads\/2024\/04\/FB_IMG_1713145021644.jpg",1080,1080,false],"thumbnail":["https:\/\/deportodos.com.ar\/2023\/wp-content\/uploads\/2024\/04\/FB_IMG_1713145021644-150x150.jpg",150,150,true],"medium":["https:\/\/deportodos.com.ar\/2023\/wp-content\/uploads\/2024\/04\/FB_IMG_1713145021644-300x300.jpg",300,300,true],"medium_large":["https:\/\/deportodos.com.ar\/2023\/wp-content\/uploads\/2024\/04\/FB_IMG_1713145021644-768x768.jpg",640,640,true],"large":["https:\/\/deportodos.com.ar\/2023\/wp-content\/uploads\/2024\/04\/FB_IMG_1713145021644-1024x1024.jpg",640,640,true],"1536x1536":["https:\/\/deportodos.com.ar\/2023\/wp-content\/uploads\/2024\/04\/FB_IMG_1713145021644.jpg",1080,1080,false],"2048x2048":["https:\/\/deportodos.com.ar\/2023\/wp-content\/uploads\/2024\/04\/FB_IMG_1713145021644.jpg",1080,1080,false],"covernews-featured":["https:\/\/deportodos.com.ar\/2023\/wp-content\/uploads\/2024\/04\/FB_IMG_1713145021644-1024x1024.jpg",1024,1024,true],"covernews-medium":["https:\/\/deportodos.com.ar\/2023\/wp-content\/uploads\/2024\/04\/FB_IMG_1713145021644-540x340.jpg",540,340,true]},"author_info":{"display_name":"c2530142","author_link":"https:\/\/deportodos.com.ar\/2023\/author\/c2530142\/"},"category_info":"<a href=\"https:\/\/deportodos.com.ar\/2023\/category\/futbol\/\" rel=\"category tag\">Futbol<\/a>","tag_info":"Futbol","comment_count":"0","_links":{"self":[{"href":"https:\/\/deportodos.com.ar\/2023\/wp-json\/wp\/v2\/posts\/1246","targetHints":{"allow":["GET"]}}],"collection":[{"href":"https:\/\/deportodos.com.ar\/2023\/wp-json\/wp\/v2\/posts"}],"about":[{"href":"https:\/\/deportodos.com.ar\/2023\/wp-json\/wp\/v2\/types\/post"}],"author":[{"embeddable":true,"href":"https:\/\/deportodos.com.ar\/2023\/wp-json\/wp\/v2\/users\/2"}],"replies":[{"embeddable":true,"href":"https:\/\/deportodos.com.ar\/2023\/wp-json\/wp\/v2\/comments?post=1246"}],"version-history":[{"count":1,"href":"https:\/\/deportodos.com.ar\/2023\/wp-json\/wp\/v2\/posts\/1246\/revisions"}],"predecessor-version":[{"id":1248,"href":"https:\/\/deportodos.com.ar\/2023\/wp-json\/wp\/v2\/posts\/1246\/revisions\/1248"}],"wp:featuredmedia":[{"embeddable":true,"href":"https:\/\/deportodos.com.ar\/2023\/wp-json\/wp\/v2\/media\/1247"}],"wp:attachment":[{"href":"https:\/\/deportodos.com.ar\/2023\/wp-json\/wp\/v2\/media?parent=1246"}],"wp:term":[{"taxonomy":"category","embeddable":true,"href":"https:\/\/deportodos.com.ar\/2023\/wp-json\/wp\/v2\/categories?post=1246"},{"taxonomy":"post_tag","embeddable":true,"href":"https:\/\/deportodos.com.ar\/2023\/wp-json\/wp\/v2\/tags?post=1246"}],"curies":[{"name":"wp","href":"https:\/\/api.w.org\/{rel}","templated":true}]}}