{"id":1283,"date":"2024-04-22T00:11:49","date_gmt":"2024-04-22T00:11:49","guid":{"rendered":"https:\/\/deportodos.com.ar\/2023\/?p=1283"},"modified":"2024-04-22T15:44:08","modified_gmt":"2024-04-22T15:44:08","slug":"cuatro-de-copa","status":"publish","type":"post","link":"https:\/\/deportodos.com.ar\/2023\/cuatro-de-copa\/","title":{"rendered":"CUATRO, DE COPA"},"content":{"rendered":"\n<p>Durante la jornada del s\u00e1bado se disputaron los cuatro encuentros correspondientes a las revanchas de Cuartos de Final en la Copa Entre R\u00edos.<\/p>\n\n\n\n<p>De esta manera, los juegos \u201cde vuelta\u201d sellaron las series y el torneo de clubes m\u00e1s importante de nuestra provincia ya conoce a sus semifinalistas.<\/p>\n\n\n\n<p>En Gualeguaych\u00fa, Victoria prolong\u00f3 su invicto en el torneo, hilvanando el s\u00e9ptimo triunfo de manera consecutiva, para dejar en el camino a Central Entrerriano de Gualeguaych\u00fa. Los concordienses se impusieron 2 a 1 como visitantes y cerraron un global favorable de 5 a 1.<\/p>\n\n\n\n<figure class=\"wp-block-image\"><a href=\"https:\/\/federacionentrerrianadefutbol.org.ar\/wp-content\/uploads\/2024\/04\/Sin-titulo-3.png\"><img decoding=\"async\" src=\"https:\/\/federacionentrerrianadefutbol.org.ar\/wp-content\/uploads\/2024\/04\/Sin-titulo-3.png\" alt=\"\" class=\"wp-image-12617\"\/><\/a><\/figure>\n\n\n\n<p>La tarde de La Paz fue testigo de la clasificaci\u00f3n de Malvinas, que debi\u00f3 sufrir para sellar su pase a la pr\u00f3xima instancia del certamen. El 1 a 0 en el tiempo reglamentario no le alcanz\u00f3 para revertir la serie, por lo que la misma debi\u00f3 definirse en los penales, donde los pace\u00f1os se impusieron 7 a 6.<\/p>\n\n\n\n<figure class=\"wp-block-image\"><a href=\"https:\/\/federacionentrerrianadefutbol.org.ar\/wp-content\/uploads\/2024\/04\/Sin-titulo-4.png\"><img decoding=\"async\" src=\"https:\/\/federacionentrerrianadefutbol.org.ar\/wp-content\/uploads\/2024\/04\/Sin-titulo-4.png\" alt=\"\" class=\"wp-image-12618\"\/><\/a><\/figure>\n\n\n\n<p>Otra de las series con resultado \u201ccerrado\u201d fue la que deposit\u00f3 a Pe\u00f1arol entre los cuatro mejores. En la capital provincial, el conjunto tricolor logr\u00f3 un exiguo, pero festejad\u00edsimo, 1 a 0 ante Atl\u00e9tico Diamantino y continuar\u00e1 su camino en la Copa.<\/p>\n\n\n\n<figure class=\"wp-block-image\"><a href=\"https:\/\/federacionentrerrianadefutbol.org.ar\/wp-content\/uploads\/2024\/04\/Sin-titulo-5.png\"><img decoding=\"async\" src=\"https:\/\/federacionentrerrianadefutbol.org.ar\/wp-content\/uploads\/2024\/04\/Sin-titulo-5.png\" alt=\"\" class=\"wp-image-12619\"\/><\/a><\/figure>\n\n\n\n<p>En el encuentro que cerr\u00f3 la jornada sabatina, Gimnasia se hizo fuerte de local y, con un claro 3 a 0, logr\u00f3 revertir la serie a su favor. En el juego de ida, San Jos\u00e9 se hab\u00eda impuesto 1 a 0.<\/p>\n\n\n\n<p>Con estos resultados, el cuadro de semifinales ha quedado definido con dos duelos representativos de casa costa. Sobre la margen del Paran\u00e1, Palermo y Malvinas definir\u00e1n qui\u00e9n pasa a la final. El otro cupo para la serie que definir\u00e1 el certamen quedar\u00e1 en manos de uno de los dos representantes de la Costa del Uruguay: Victoria o Gimnasia.<\/p>\n\n\n\n<p>El detalle de cada uno de los resultados, con sus respectivos goleadores, es el siguiente:<\/p>\n\n\n\n<p><strong>Gimnasia (CdU)<\/strong>&nbsp;3 (3) \u2013 San Jos\u00e9 0 (1)<\/p>\n\n\n\n<p><em>Javier Sotto -2- y Santiago Colombo (G)<\/em><\/p>\n\n\n\n<hr class=\"wp-block-separator has-alpha-channel-opacity\"\/>\n\n\n\n<p>Central Entrerriano (Gch\u00fa.) 1 (1) \u2013&nbsp;<strong>Victoria (Cdia.)<\/strong>&nbsp;2 (5)<\/p>\n\n\n\n<p><em>Rub\u00e9n Piaggio (CE)<\/em><\/p>\n\n\n\n<p><em>Eric Cardozo y Federico Quiroz (V)<\/em><\/p>\n\n\n\n<hr class=\"wp-block-separator has-alpha-channel-opacity\"\/>\n\n\n\n<p><strong>Pe\u00f1arol (Paran\u00e1)<\/strong>&nbsp;1 (1) \u2013 Atl\u00e9tico Diamantino 0 (0)<\/p>\n\n\n\n<p><em>Nahuel Ch\u00e1vez (P)<\/em><\/p>\n\n\n\n<hr class=\"wp-block-separator has-alpha-channel-opacity\"\/>\n\n\n\n<p><strong>Malvinas (LP)<\/strong>&nbsp;1 (1) \u2013 Independiente (VdR) 0 (1) Malvinas se impuso 7 a 6 en los Penales<\/p>\n\n\n\n<p><em>Gonzalo Ben\u00edtez (M)<\/em>&nbsp;<em>\u2013 Penales: Sebasti\u00e1n Ben\u00edtez, Tom\u00e1s Ram\u00edrez, Hugo Ben\u00edtez, Sandro N\u00fa\u00f1ez, Juan Garceti, Mat\u00edas Monz\u00f3n y Abelardo Crespo.<\/em><\/p>\n\n\n\n<p><em>Penales (I): Walter Borro, Aldo Walingr, Mauricio Roncaglia, Mauricio Mi\u00f1o, Jorge Wallingre y Omar Durante.<\/em><\/p>\n\n\n\n<hr class=\"wp-block-separator has-alpha-channel-opacity\"\/>\n\n\n\n<p><em>*Entre par\u00e9ntesis figura el resultado global de la serie.<\/em><\/p>\n\n\n\n<p><em>**En negrita figura el equipo clasificado a Semifinales.<\/em><\/p>\n\n\n\n<p>Fotograf\u00edas: Prensa Victoria \u2013 Carlos Doorman \u2013 Juan Manuel Ru\u00edz \u2013 Rub\u00e9n Jaime.<\/p>\n\n\n\n<figure class=\"wp-block-image\"><a href=\"https:\/\/federacionentrerrianadefutbol.org.ar\/wp-content\/uploads\/2024\/04\/68a48294-cd42-41a6-a2e5-bbc2df86f721-1.png\"><img decoding=\"async\" src=\"https:\/\/federacionentrerrianadefutbol.org.ar\/wp-content\/uploads\/2024\/04\/68a48294-cd42-41a6-a2e5-bbc2df86f721-1-819x1024.png\" alt=\"\" class=\"wp-image-12624\"\/><\/a><\/figure>\n\n\n\n<blockquote class=\"wp-block-quote is-layout-flow wp-block-quote-is-layout-flow\">\n<p><\/p>\n<cite>www.federacionentrerrianadefutbol.org.ar<\/cite><\/blockquote>\n","protected":false},"excerpt":{"rendered":"<p>Durante la jornada del s\u00e1bado se disputaron los cuatro encuentros correspondientes a las revanchas de&#8230;<\/p>\n","protected":false},"author":2,"featured_media":1304,"comment_status":"open","ping_status":"open","sticky":false,"template":"","format":"standard","meta":{"footnotes":""},"categories":[9],"tags":[],"class_list":["post-1283","post","type-post","status-publish","format-standard","has-post-thumbnail","hentry","category-basquet"],"featured_image_urls":{"full":["https:\/\/deportodos.com.ar\/2023\/wp-content\/uploads\/2024\/04\/IMG-20240421-WA0026.jpg",969,635,false],"thumbnail":["https:\/\/deportodos.com.ar\/2023\/wp-content\/uploads\/2024\/04\/IMG-20240421-WA0026-150x150.jpg",150,150,true],"medium":["https:\/\/deportodos.com.ar\/2023\/wp-content\/uploads\/2024\/04\/IMG-20240421-WA0026-300x197.jpg",300,197,true],"medium_large":["https:\/\/deportodos.com.ar\/2023\/wp-content\/uploads\/2024\/04\/IMG-20240421-WA0026-768x503.jpg",640,419,true],"large":["https:\/\/deportodos.com.ar\/2023\/wp-content\/uploads\/2024\/04\/IMG-20240421-WA0026.jpg",640,419,false],"1536x1536":["https:\/\/deportodos.com.ar\/2023\/wp-content\/uploads\/2024\/04\/IMG-20240421-WA0026.jpg",969,635,false],"2048x2048":["https:\/\/deportodos.com.ar\/2023\/wp-content\/uploads\/2024\/04\/IMG-20240421-WA0026.jpg",969,635,false],"covernews-featured":["https:\/\/deportodos.com.ar\/2023\/wp-content\/uploads\/2024\/04\/IMG-20240421-WA0026.jpg",969,635,false],"covernews-medium":["https:\/\/deportodos.com.ar\/2023\/wp-content\/uploads\/2024\/04\/IMG-20240421-WA0026-540x340.jpg",540,340,true]},"author_info":{"display_name":"c2530142","author_link":"https:\/\/deportodos.com.ar\/2023\/author\/c2530142\/"},"category_info":"<a href=\"https:\/\/deportodos.com.ar\/2023\/category\/basquet\/\" rel=\"category tag\">Basquet<\/a>","tag_info":"Basquet","comment_count":"0","_links":{"self":[{"href":"https:\/\/deportodos.com.ar\/2023\/wp-json\/wp\/v2\/posts\/1283","targetHints":{"allow":["GET"]}}],"collection":[{"href":"https:\/\/deportodos.com.ar\/2023\/wp-json\/wp\/v2\/posts"}],"about":[{"href":"https:\/\/deportodos.com.ar\/2023\/wp-json\/wp\/v2\/types\/post"}],"author":[{"embeddable":true,"href":"https:\/\/deportodos.com.ar\/2023\/wp-json\/wp\/v2\/users\/2"}],"replies":[{"embeddable":true,"href":"https:\/\/deportodos.com.ar\/2023\/wp-json\/wp\/v2\/comments?post=1283"}],"version-history":[{"count":1,"href":"https:\/\/deportodos.com.ar\/2023\/wp-json\/wp\/v2\/posts\/1283\/revisions"}],"predecessor-version":[{"id":1285,"href":"https:\/\/deportodos.com.ar\/2023\/wp-json\/wp\/v2\/posts\/1283\/revisions\/1285"}],"wp:featuredmedia":[{"embeddable":true,"href":"https:\/\/deportodos.com.ar\/2023\/wp-json\/wp\/v2\/media\/1304"}],"wp:attachment":[{"href":"https:\/\/deportodos.com.ar\/2023\/wp-json\/wp\/v2\/media?parent=1283"}],"wp:term":[{"taxonomy":"category","embeddable":true,"href":"https:\/\/deportodos.com.ar\/2023\/wp-json\/wp\/v2\/categories?post=1283"},{"taxonomy":"post_tag","embeddable":true,"href":"https:\/\/deportodos.com.ar\/2023\/wp-json\/wp\/v2\/tags?post=1283"}],"curies":[{"name":"wp","href":"https:\/\/api.w.org\/{rel}","templated":true}]}}