{"id":1344,"date":"2024-05-01T22:32:47","date_gmt":"2024-05-01T22:32:47","guid":{"rendered":"https:\/\/deportodos.com.ar\/2023\/?p=1344"},"modified":"2024-05-01T22:32:48","modified_gmt":"2024-05-01T22:32:48","slug":"semifinal-de-la-copa-entre-rios","status":"publish","type":"post","link":"https:\/\/deportodos.com.ar\/2023\/semifinal-de-la-copa-entre-rios\/","title":{"rendered":"SEMIFINAL DE LA COPA ENTRE R\u00cdOS"},"content":{"rendered":"\n<p>El juego de ida en la otra semifinal de la Copa Entre R\u00edos \u201cArgentina Campe\u00f3n del Mundo\u201d entre Victoria de Concordia y Gimnasia de Concepci\u00f3n del Uruguay finaliz\u00f3 0 a 0.<\/p>\n\n\n\n<p>El encuentro, disputado en el Estadio Ciudad de Concordia durante la tarde de este domingo ante un muy buen marco de p\u00fablico de ambas parcialidades, careci\u00f3 de emociones fuertes.<\/p>\n\n\n\n<p>Como si los equipos se hubiesen acoplado a lo que fue la tarde gris en la Capital Nacional del Citrus, ambos dejaron la sensaci\u00f3n de no regalar nada y esperar alg\u00fan error del rival para marcar diferencias.<\/p>\n\n\n\n<p>En este contexto, fue el conjunto visitante el que tuvo las oportunidades m\u00e1s claras para poder abrir el marcador. Sin embargo, careci\u00f3 de precisi\u00f3n para concretar.<\/p>\n\n\n\n<p>As\u00ed transcurrieron los primeros noventa minutos de la serie, con m\u00e1s disputas que ideas de juego, priorizando la precauci\u00f3n por sobre el riesgo.<\/p>\n\n\n\n<p>Mucho tuvo que ver el estado del campo de juego, producto de la lluvia ca\u00edda en las jornadas previas, lo cual hizo que, con el correr de los minutos, se note el cansancio en varios de los protagonistas.<\/p>\n\n\n\n<p>La definici\u00f3n de la llave se dar\u00e1 este pr\u00f3ximo lunes, cuando el Lobo y el Negro se vuelvan a enfrentar. Esta vez, la revancha se jugar\u00e1 en el Manuel y Ram\u00f3n N\u00fa\u00f1ez de Concepci\u00f3n del Uruguay desde las 19.30 hs.<\/p>\n\n\n\n<blockquote class=\"wp-block-quote is-layout-flow wp-block-quote-is-layout-flow\">\n<p><\/p>\n<cite>www.federacionentrerrianadefutbol.org.ar<\/cite><\/blockquote>\n","protected":false},"excerpt":{"rendered":"<p>El juego de ida en la otra semifinal de la Copa Entre R\u00edos \u201cArgentina Campe\u00f3n&#8230;<\/p>\n","protected":false},"author":2,"featured_media":1345,"comment_status":"open","ping_status":"open","sticky":false,"template":"","format":"standard","meta":{"footnotes":""},"categories":[36],"tags":[],"class_list":["post-1344","post","type-post","status-publish","format-standard","has-post-thumbnail","hentry","category-futbol"],"featured_image_urls":{"full":["https:\/\/deportodos.com.ar\/2023\/wp-content\/uploads\/2024\/05\/FEF-Recuperado-1.png",600,380,false],"thumbnail":["https:\/\/deportodos.com.ar\/2023\/wp-content\/uploads\/2024\/05\/FEF-Recuperado-1-150x150.png",150,150,true],"medium":["https:\/\/deportodos.com.ar\/2023\/wp-content\/uploads\/2024\/05\/FEF-Recuperado-1-300x190.png",300,190,true],"medium_large":["https:\/\/deportodos.com.ar\/2023\/wp-content\/uploads\/2024\/05\/FEF-Recuperado-1.png",600,380,false],"large":["https:\/\/deportodos.com.ar\/2023\/wp-content\/uploads\/2024\/05\/FEF-Recuperado-1.png",600,380,false],"1536x1536":["https:\/\/deportodos.com.ar\/2023\/wp-content\/uploads\/2024\/05\/FEF-Recuperado-1.png",600,380,false],"2048x2048":["https:\/\/deportodos.com.ar\/2023\/wp-content\/uploads\/2024\/05\/FEF-Recuperado-1.png",600,380,false],"covernews-featured":["https:\/\/deportodos.com.ar\/2023\/wp-content\/uploads\/2024\/05\/FEF-Recuperado-1.png",600,380,false],"covernews-medium":["https:\/\/deportodos.com.ar\/2023\/wp-content\/uploads\/2024\/05\/FEF-Recuperado-1-540x340.png",540,340,true]},"author_info":{"display_name":"c2530142","author_link":"https:\/\/deportodos.com.ar\/2023\/author\/c2530142\/"},"category_info":"<a href=\"https:\/\/deportodos.com.ar\/2023\/category\/futbol\/\" rel=\"category tag\">Futbol<\/a>","tag_info":"Futbol","comment_count":"0","_links":{"self":[{"href":"https:\/\/deportodos.com.ar\/2023\/wp-json\/wp\/v2\/posts\/1344","targetHints":{"allow":["GET"]}}],"collection":[{"href":"https:\/\/deportodos.com.ar\/2023\/wp-json\/wp\/v2\/posts"}],"about":[{"href":"https:\/\/deportodos.com.ar\/2023\/wp-json\/wp\/v2\/types\/post"}],"author":[{"embeddable":true,"href":"https:\/\/deportodos.com.ar\/2023\/wp-json\/wp\/v2\/users\/2"}],"replies":[{"embeddable":true,"href":"https:\/\/deportodos.com.ar\/2023\/wp-json\/wp\/v2\/comments?post=1344"}],"version-history":[{"count":1,"href":"https:\/\/deportodos.com.ar\/2023\/wp-json\/wp\/v2\/posts\/1344\/revisions"}],"predecessor-version":[{"id":1346,"href":"https:\/\/deportodos.com.ar\/2023\/wp-json\/wp\/v2\/posts\/1344\/revisions\/1346"}],"wp:featuredmedia":[{"embeddable":true,"href":"https:\/\/deportodos.com.ar\/2023\/wp-json\/wp\/v2\/media\/1345"}],"wp:attachment":[{"href":"https:\/\/deportodos.com.ar\/2023\/wp-json\/wp\/v2\/media?parent=1344"}],"wp:term":[{"taxonomy":"category","embeddable":true,"href":"https:\/\/deportodos.com.ar\/2023\/wp-json\/wp\/v2\/categories?post=1344"},{"taxonomy":"post_tag","embeddable":true,"href":"https:\/\/deportodos.com.ar\/2023\/wp-json\/wp\/v2\/tags?post=1344"}],"curies":[{"name":"wp","href":"https:\/\/api.w.org\/{rel}","templated":true}]}}