{"id":1384,"date":"2024-05-05T23:11:23","date_gmt":"2024-05-05T23:11:23","guid":{"rendered":"https:\/\/deportodos.com.ar\/2023\/?p=1384"},"modified":"2024-05-05T23:11:24","modified_gmt":"2024-05-05T23:11:24","slug":"en-gral-ramirez-se-corrio-la-segunda-fecha-del-rural-bike","status":"publish","type":"post","link":"https:\/\/deportodos.com.ar\/2023\/en-gral-ramirez-se-corrio-la-segunda-fecha-del-rural-bike\/","title":{"rendered":"EN GRAL RAMIREZ SE CORRI\u00d3 LA SEGUNDA FECHA DEL RURAL BIKE"},"content":{"rendered":"\n<p>Con un muy buen n\u00famero de inscriptos y con epicentro de desarrollo en el Polideportivo Municipal de General Ram\u00edrez, se cumpli\u00f3 con la segunda fecha del Campeonato Entrerriano de rural bike, organizado por la Asociaci\u00f3n Entrerriana del Ciclismo de Monta\u00f1a. Estos fueron los resultados de las distintas categor\u00edas:<\/p>\n\n\n\n<p><a href=\"https:\/\/www.facebook.com\/share\/2oGPxZs7DNT8CWL5\/?mibextid=xfxF2i\">https:\/\/www.facebook.com\/share\/2oGPxZs7DNT8CWL5\/?mibextid=xfxF2i<\/a><\/p>\n","protected":false},"excerpt":{"rendered":"<p>Con un muy buen n\u00famero de inscriptos y con epicentro de desarrollo en el Polideportivo&#8230;<\/p>\n","protected":false},"author":2,"featured_media":1385,"comment_status":"open","ping_status":"open","sticky":false,"template":"","format":"standard","meta":{"footnotes":""},"categories":[27],"tags":[],"class_list":["post-1384","post","type-post","status-publish","format-standard","has-post-thumbnail","hentry","category-rural-bike"],"featured_image_urls":{"full":["https:\/\/deportodos.com.ar\/2023\/wp-content\/uploads\/2024\/05\/FB_IMG_1714950654673.jpg",1080,1440,false],"thumbnail":["https:\/\/deportodos.com.ar\/2023\/wp-content\/uploads\/2024\/05\/FB_IMG_1714950654673-150x150.jpg",150,150,true],"medium":["https:\/\/deportodos.com.ar\/2023\/wp-content\/uploads\/2024\/05\/FB_IMG_1714950654673-225x300.jpg",225,300,true],"medium_large":["https:\/\/deportodos.com.ar\/2023\/wp-content\/uploads\/2024\/05\/FB_IMG_1714950654673-768x1024.jpg",640,853,true],"large":["https:\/\/deportodos.com.ar\/2023\/wp-content\/uploads\/2024\/05\/FB_IMG_1714950654673-768x1024.jpg",640,853,true],"1536x1536":["https:\/\/deportodos.com.ar\/2023\/wp-content\/uploads\/2024\/05\/FB_IMG_1714950654673.jpg",1080,1440,false],"2048x2048":["https:\/\/deportodos.com.ar\/2023\/wp-content\/uploads\/2024\/05\/FB_IMG_1714950654673.jpg",1080,1440,false],"covernews-featured":["https:\/\/deportodos.com.ar\/2023\/wp-content\/uploads\/2024\/05\/FB_IMG_1714950654673-1024x1365.jpg",1024,1365,true],"covernews-medium":["https:\/\/deportodos.com.ar\/2023\/wp-content\/uploads\/2024\/05\/FB_IMG_1714950654673-540x340.jpg",540,340,true]},"author_info":{"display_name":"c2530142","author_link":"https:\/\/deportodos.com.ar\/2023\/author\/c2530142\/"},"category_info":"<a href=\"https:\/\/deportodos.com.ar\/2023\/category\/rural-bike\/\" rel=\"category tag\">Rural Bike<\/a>","tag_info":"Rural Bike","comment_count":"0","_links":{"self":[{"href":"https:\/\/deportodos.com.ar\/2023\/wp-json\/wp\/v2\/posts\/1384","targetHints":{"allow":["GET"]}}],"collection":[{"href":"https:\/\/deportodos.com.ar\/2023\/wp-json\/wp\/v2\/posts"}],"about":[{"href":"https:\/\/deportodos.com.ar\/2023\/wp-json\/wp\/v2\/types\/post"}],"author":[{"embeddable":true,"href":"https:\/\/deportodos.com.ar\/2023\/wp-json\/wp\/v2\/users\/2"}],"replies":[{"embeddable":true,"href":"https:\/\/deportodos.com.ar\/2023\/wp-json\/wp\/v2\/comments?post=1384"}],"version-history":[{"count":1,"href":"https:\/\/deportodos.com.ar\/2023\/wp-json\/wp\/v2\/posts\/1384\/revisions"}],"predecessor-version":[{"id":1386,"href":"https:\/\/deportodos.com.ar\/2023\/wp-json\/wp\/v2\/posts\/1384\/revisions\/1386"}],"wp:featuredmedia":[{"embeddable":true,"href":"https:\/\/deportodos.com.ar\/2023\/wp-json\/wp\/v2\/media\/1385"}],"wp:attachment":[{"href":"https:\/\/deportodos.com.ar\/2023\/wp-json\/wp\/v2\/media?parent=1384"}],"wp:term":[{"taxonomy":"category","embeddable":true,"href":"https:\/\/deportodos.com.ar\/2023\/wp-json\/wp\/v2\/categories?post=1384"},{"taxonomy":"post_tag","embeddable":true,"href":"https:\/\/deportodos.com.ar\/2023\/wp-json\/wp\/v2\/tags?post=1384"}],"curies":[{"name":"wp","href":"https:\/\/api.w.org\/{rel}","templated":true}]}}