{"id":139,"date":"2023-10-17T17:41:30","date_gmt":"2023-10-17T17:41:30","guid":{"rendered":"https:\/\/deportodos.com.ar\/2023\/?p=139"},"modified":"2023-10-17T17:41:41","modified_gmt":"2023-10-17T17:41:41","slug":"8va-edicion-el-gran-premio-pescaderia-concordia","status":"publish","type":"post","link":"https:\/\/deportodos.com.ar\/2023\/8va-edicion-el-gran-premio-pescaderia-concordia\/","title":{"rendered":"8VA EDICI\u00d3N EL GRAN PREMIO PESCADER\u00cdA CONCORDIA"},"content":{"rendered":"\n<p>El d\u00eda lunes 16 de octubre se desarroll\u00f3 en su 8va edici\u00f3n el gran Premio Pescader\u00eda Concordia, cumpliendo con las expectativas creadas semanas antes, y creciendo a\u00f1o tras a\u00f1o con m\u00e1s de 200 pedalistas de toda la regi\u00f3n del litoral argentino y del pa\u00eds vecino Uruguay, teniendo presentes en los pelotones a grandes figuras del ciclismo nacional, como el actual campe\u00f3n argentino de la categor\u00eda Sergio Fredes integrante del equipo SAT (Sindicato Argentino de Televisi\u00f3n). As\u00ed como tambi\u00e9n estuvieron presentes los hermanos Borragos, grandes deportistas que nos representaron en el mundo, Alejandro Borrajo compiti\u00f3 en el Giro de Italia, en la doble Milan- San Remo, entre otras competencias de nivel internacional. Tambi\u00e9n en la categor\u00eda master se hicieron a la largada m\u00faltiples campeones argentinos, y se cont\u00f3 con equipos uruguayos como el Armon\u00eda Cycles de la ciudad de Fray bentos.<br>Todo esto hizo vivir a los presentes lo mejor del ciclismo, pese a algunas gotas que cayeron el d\u00eda lunes pero por suerte en forma de amenaza, nada m\u00e1s.<br>Recordemos que la jornada fue organizada por Marcelo Ben\u00edtez y Fiscalizada por ACRU (Asociaci\u00f3n Ciclismo Rio Uruguay).<\/p>\n\n\n\n<p>Categor\u00eda Elite Sub 23 Junior y Master \u201cA\u201d<br>1\u00b0 Benedetto, Nicol\u00e1s<br>2\u00b0 Borrajo, Anival (Giant Team)<br>3\u00b0 Fredes, Sergio (SAT)<br>4\u00b0 Ortiz, Alejandro (JC San Salvador)<br>5\u00b0 Coseres, Federico (Zicavo Team)<\/p>\n\n\n\n<p>Mejores Elites locales<br>1\u00b0 Savio Federico, 2\u00b0 Mesa Sebasti\u00e1n.<\/p>\n\n\n\n<p>Categor\u00eda Master \u201cB\u201d<br>1\u00b0 R\u00edos, Juan Carlos (Formosa)<br>2\u00b0 Hernande, Mart\u00edn (Bella Vista Bs. As)<br>3\u00b0 Leyes, Eduardo (San Salvador)<br>4\u00b0 Peir\u00e1n, Martin (C. del Uruguay)<br>5\u00b0 R\u00edos, Pablo (Formosa)<\/p>\n\n\n\n<p>Categor\u00eda Master \u201cC\u201d<br>1\u00b0 Carozio, Leonardo (KTM)<br>2\u00b0 P\u00e9rez, Jorge (Flores-Uruguay)<br>3\u00b0 Varela, Chico (KTM)<br>4\u00b0 Silva, Rafa (Paysand\u00fa-Uruguay)<br>5\u00b0Blasco, Fernando (KTM)<\/p>\n\n\n\n<p>Categor\u00eda Damas Elite<br>1\u00b0 Cecco, Macarena (Santa Fe)<br>2\u00b0 Wynants, Luciana (Paysand\u00fa-Uruguay)<br>3\u00b0 Micheli, Claudia (Paran\u00e1)<br>4\u00b0 Leyes, Nadia (San Salvador)<br>5\u00b0 Batalla, Florencia (Paysand\u00fa)<\/p>\n\n\n\n<p>Categor\u00eda Master \u201cD\u201d<br>1\u00b0 Pergolesi, Oscar (Ca\u00f1ada de G\u00f3mez)<br>2\u00b0 Ruiz, An\u00edbal (Formosa)<br>3\u00b0 V\u00e1squez, Miguel (Paran\u00e1)<br>4\u00b0 Amengual, H\u00e9ctor (Concordia)<br>5\u00b0 Bossio, Rub\u00e9n (Gualeguaych\u00fa)<\/p>\n\n\n\n<p>Categor\u00eda Master \u201cE\u201d<br>1\u00b0 Machado, Jos\u00e9 (Paran\u00e1)<br>2\u00b0 Zimmerman, Jorge (Santa Fe)<br>3\u00b0 S\u00e1nchez, Jos\u00e9 (Concordia)<br>4\u00b0 Mart\u00ednez, Jos\u00e9 Mar\u00eda (Concordia)<\/p>\n\n\n\n<p>Categor\u00eda Promocional<br>1\u00b0 Melchori, Agust\u00edn (Gualeguaych\u00fa)<br>2\u00b0 Romarutti, Augusto (Paran\u00e1)<br>3\u00b0 Yamir, Nizz (Concordia)<br>4\u00b0 Guichon, Beto (Concordia)<br>5\u00b0 Arr\u00faa, juan Pablo (Concordia).<\/p>\n","protected":false},"excerpt":{"rendered":"<p>El d\u00eda lunes 16 de octubre se desarroll\u00f3 en su 8va edici\u00f3n el gran Premio&#8230;<\/p>\n","protected":false},"author":2,"featured_media":140,"comment_status":"open","ping_status":"open","sticky":false,"template":"","format":"standard","meta":{"footnotes":""},"categories":[16],"tags":[],"class_list":["post-139","post","type-post","status-publish","format-standard","has-post-thumbnail","hentry","category-ciclismo"],"featured_image_urls":{"full":["https:\/\/deportodos.com.ar\/2023\/wp-content\/uploads\/2023\/10\/IMG-20231017-WA0050.jpg",1024,768,false],"thumbnail":["https:\/\/deportodos.com.ar\/2023\/wp-content\/uploads\/2023\/10\/IMG-20231017-WA0050-150x150.jpg",150,150,true],"medium":["https:\/\/deportodos.com.ar\/2023\/wp-content\/uploads\/2023\/10\/IMG-20231017-WA0050-300x225.jpg",300,225,true],"medium_large":["https:\/\/deportodos.com.ar\/2023\/wp-content\/uploads\/2023\/10\/IMG-20231017-WA0050-768x576.jpg",640,480,true],"large":["https:\/\/deportodos.com.ar\/2023\/wp-content\/uploads\/2023\/10\/IMG-20231017-WA0050.jpg",640,480,false],"1536x1536":["https:\/\/deportodos.com.ar\/2023\/wp-content\/uploads\/2023\/10\/IMG-20231017-WA0050.jpg",1024,768,false],"2048x2048":["https:\/\/deportodos.com.ar\/2023\/wp-content\/uploads\/2023\/10\/IMG-20231017-WA0050.jpg",1024,768,false],"covernews-featured":["https:\/\/deportodos.com.ar\/2023\/wp-content\/uploads\/2023\/10\/IMG-20231017-WA0050.jpg",1024,768,false],"covernews-medium":["https:\/\/deportodos.com.ar\/2023\/wp-content\/uploads\/2023\/10\/IMG-20231017-WA0050-540x340.jpg",540,340,true]},"author_info":{"display_name":"c2530142","author_link":"https:\/\/deportodos.com.ar\/2023\/author\/c2530142\/"},"category_info":"<a href=\"https:\/\/deportodos.com.ar\/2023\/category\/ciclismo\/\" rel=\"category tag\">Ciclismo<\/a>","tag_info":"Ciclismo","comment_count":"0","_links":{"self":[{"href":"https:\/\/deportodos.com.ar\/2023\/wp-json\/wp\/v2\/posts\/139","targetHints":{"allow":["GET"]}}],"collection":[{"href":"https:\/\/deportodos.com.ar\/2023\/wp-json\/wp\/v2\/posts"}],"about":[{"href":"https:\/\/deportodos.com.ar\/2023\/wp-json\/wp\/v2\/types\/post"}],"author":[{"embeddable":true,"href":"https:\/\/deportodos.com.ar\/2023\/wp-json\/wp\/v2\/users\/2"}],"replies":[{"embeddable":true,"href":"https:\/\/deportodos.com.ar\/2023\/wp-json\/wp\/v2\/comments?post=139"}],"version-history":[{"count":1,"href":"https:\/\/deportodos.com.ar\/2023\/wp-json\/wp\/v2\/posts\/139\/revisions"}],"predecessor-version":[{"id":141,"href":"https:\/\/deportodos.com.ar\/2023\/wp-json\/wp\/v2\/posts\/139\/revisions\/141"}],"wp:featuredmedia":[{"embeddable":true,"href":"https:\/\/deportodos.com.ar\/2023\/wp-json\/wp\/v2\/media\/140"}],"wp:attachment":[{"href":"https:\/\/deportodos.com.ar\/2023\/wp-json\/wp\/v2\/media?parent=139"}],"wp:term":[{"taxonomy":"category","embeddable":true,"href":"https:\/\/deportodos.com.ar\/2023\/wp-json\/wp\/v2\/categories?post=139"},{"taxonomy":"post_tag","embeddable":true,"href":"https:\/\/deportodos.com.ar\/2023\/wp-json\/wp\/v2\/tags?post=139"}],"curies":[{"name":"wp","href":"https:\/\/api.w.org\/{rel}","templated":true}]}}