{"id":1390,"date":"2024-05-06T16:53:11","date_gmt":"2024-05-06T16:53:11","guid":{"rendered":"https:\/\/deportodos.com.ar\/2023\/?p=1390"},"modified":"2024-05-06T16:53:12","modified_gmt":"2024-05-06T16:53:12","slug":"exequiel-bastidas-y-una-victoria-clave-en-la-clase-tres","status":"publish","type":"post","link":"https:\/\/deportodos.com.ar\/2023\/exequiel-bastidas-y-una-victoria-clave-en-la-clase-tres\/","title":{"rendered":"EXEQUIEL BASTIDAS Y UNA VICTORIA CLAVE EN LA CLASE TRES"},"content":{"rendered":"\n<p>Exequiel Bastidas y el Toyota Etios del J2 Touring Car festejaron en la final de la Clase Tres del Turismo Pista en el aut\u00f3dromo de R\u00edo Cuarto, escenario de la cuarta fecha de la temporada 2024. Santiago Tambucci y Adri\u00e1n Oubi\u00f1a completaron el podio.<\/p>\n\n\n\n<p>En la largada, Bastidas fue contundente y se hizo con la punta, secundado por Luciano Gonz\u00e1lez y Tambucci. M\u00e1s atr\u00e1s, Pablo Collazo visit\u00f3 el pasto, pero pudo volver; Sim\u00f3n Volpi y Francisco Mart\u00ednez tambi\u00e9n se cayeron de la pista; Felipe Martini debi\u00f3 desertar y Pablo Melillo se entrever\u00f3 en un toque con Franco Villabrille Neila y Renzo Cerretti.<\/p>\n\n\n\n<p>Producto de todas estas incidencias, la competencia fue neutralizada con Auto de Seguridad. La prueba se relanz\u00f3 y Tambucci salt\u00f3 al segundo lugar despu\u00e9s de dar cuenta de Gonz\u00e1lez, mientras que Jorge Possiel y Mart\u00edn Leston pelearon de forma f\u00e9rrea por el quinto puesto. En tanto, Oubi\u00f1a capitaliz\u00f3 la pelea por la escolta para acercarse a las posiciones de podio.<\/p>\n\n\n\n<p>Sobre la mitad de la prueba, Leston protagoniz\u00f3 un fuerte despiste en el final de la recta principal y motiv\u00f3 una nueva incursi\u00f3n del veh\u00edculo oficial. La bandera verde apareci\u00f3 en la vuelta n\u00famero 12 y Bastidas se sostuvo adelante, aunque la lucha estaba atr\u00e1s, donde Tambucci aguant\u00f3 el embate de Oubi\u00f1a, que antes de la pausa hab\u00eda doblegado a Gonz\u00e1lez.<\/p>\n\n\n\n<p>Con un andar s\u00f3lido, Bastidas construy\u00f3 una peque\u00f1a luz para quedarse con la victoria de principio a fin en R\u00edo Cuarto. Tambucci finaliz\u00f3 en la segunda colocaci\u00f3n, Oubi\u00f1a complet\u00f3 el podio, Gonz\u00e1lez fue cuarto, Possiel quinto, Federico Hermida sexto, Lucas Yerobi s\u00e9ptimo, Ezequiel Bosio octavo, Esteban Casais noveno y Tom\u00e1s Pugnaloni d\u00e9cimo.<\/p>\n\n\n\n<p>En tanto, los Comisarios Deportivos decidieron excluir a Villabrille Neila por maniobra peligrosa a Melillo. Adem\u00e1s, Federico Stieglitz fue penalizado por un toque con Sebasti\u00e1n Di Bella y que tambi\u00e9n perjudic\u00f3 a Pablo Collazo. Walter L\u00f3pez fue recargado por un incidente con Nicol\u00e1s Palau.<\/p>\n\n\n\n<p>La quinta fecha de la Clase Tres del Turismo Pista ser\u00e1 el pr\u00f3ximo 23 de junio en el aut\u00f3dromo de San Jorge.<\/p>\n\n\n\n<blockquote class=\"wp-block-quote is-layout-flow wp-block-quote-is-layout-flow\">\n<p><\/p>\n<cite>www.aptpweb.com.ar<\/cite><\/blockquote>\n","protected":false},"excerpt":{"rendered":"<p>Exequiel Bastidas y el Toyota Etios del J2 Touring Car festejaron en la final de&#8230;<\/p>\n","protected":false},"author":2,"featured_media":1391,"comment_status":"open","ping_status":"open","sticky":false,"template":"","format":"standard","meta":{"footnotes":""},"categories":[6],"tags":[],"class_list":["post-1390","post","type-post","status-publish","format-standard","has-post-thumbnail","hentry","category-automovilismo"],"featured_image_urls":{"full":["https:\/\/deportodos.com.ar\/2023\/wp-content\/uploads\/2024\/05\/podio-rio-cuarto-c3-1024x420-1.jpg",1024,420,false],"thumbnail":["https:\/\/deportodos.com.ar\/2023\/wp-content\/uploads\/2024\/05\/podio-rio-cuarto-c3-1024x420-1-150x150.jpg",150,150,true],"medium":["https:\/\/deportodos.com.ar\/2023\/wp-content\/uploads\/2024\/05\/podio-rio-cuarto-c3-1024x420-1-300x123.jpg",300,123,true],"medium_large":["https:\/\/deportodos.com.ar\/2023\/wp-content\/uploads\/2024\/05\/podio-rio-cuarto-c3-1024x420-1-768x315.jpg",640,263,true],"large":["https:\/\/deportodos.com.ar\/2023\/wp-content\/uploads\/2024\/05\/podio-rio-cuarto-c3-1024x420-1.jpg",640,263,false],"1536x1536":["https:\/\/deportodos.com.ar\/2023\/wp-content\/uploads\/2024\/05\/podio-rio-cuarto-c3-1024x420-1.jpg",1024,420,false],"2048x2048":["https:\/\/deportodos.com.ar\/2023\/wp-content\/uploads\/2024\/05\/podio-rio-cuarto-c3-1024x420-1.jpg",1024,420,false],"covernews-featured":["https:\/\/deportodos.com.ar\/2023\/wp-content\/uploads\/2024\/05\/podio-rio-cuarto-c3-1024x420-1.jpg",1024,420,false],"covernews-medium":["https:\/\/deportodos.com.ar\/2023\/wp-content\/uploads\/2024\/05\/podio-rio-cuarto-c3-1024x420-1-540x340.jpg",540,340,true]},"author_info":{"display_name":"c2530142","author_link":"https:\/\/deportodos.com.ar\/2023\/author\/c2530142\/"},"category_info":"<a href=\"https:\/\/deportodos.com.ar\/2023\/category\/automovilismo\/\" rel=\"category tag\">Automovilismo<\/a>","tag_info":"Automovilismo","comment_count":"0","_links":{"self":[{"href":"https:\/\/deportodos.com.ar\/2023\/wp-json\/wp\/v2\/posts\/1390","targetHints":{"allow":["GET"]}}],"collection":[{"href":"https:\/\/deportodos.com.ar\/2023\/wp-json\/wp\/v2\/posts"}],"about":[{"href":"https:\/\/deportodos.com.ar\/2023\/wp-json\/wp\/v2\/types\/post"}],"author":[{"embeddable":true,"href":"https:\/\/deportodos.com.ar\/2023\/wp-json\/wp\/v2\/users\/2"}],"replies":[{"embeddable":true,"href":"https:\/\/deportodos.com.ar\/2023\/wp-json\/wp\/v2\/comments?post=1390"}],"version-history":[{"count":1,"href":"https:\/\/deportodos.com.ar\/2023\/wp-json\/wp\/v2\/posts\/1390\/revisions"}],"predecessor-version":[{"id":1392,"href":"https:\/\/deportodos.com.ar\/2023\/wp-json\/wp\/v2\/posts\/1390\/revisions\/1392"}],"wp:featuredmedia":[{"embeddable":true,"href":"https:\/\/deportodos.com.ar\/2023\/wp-json\/wp\/v2\/media\/1391"}],"wp:attachment":[{"href":"https:\/\/deportodos.com.ar\/2023\/wp-json\/wp\/v2\/media?parent=1390"}],"wp:term":[{"taxonomy":"category","embeddable":true,"href":"https:\/\/deportodos.com.ar\/2023\/wp-json\/wp\/v2\/categories?post=1390"},{"taxonomy":"post_tag","embeddable":true,"href":"https:\/\/deportodos.com.ar\/2023\/wp-json\/wp\/v2\/tags?post=1390"}],"curies":[{"name":"wp","href":"https:\/\/api.w.org\/{rel}","templated":true}]}}