{"id":146,"date":"2023-10-19T20:39:23","date_gmt":"2023-10-19T20:39:23","guid":{"rendered":"https:\/\/deportodos.com.ar\/2023\/?p=146"},"modified":"2023-10-19T20:39:24","modified_gmt":"2023-10-19T20:39:24","slug":"se-juega-viernes-y-lunes","status":"publish","type":"post","link":"https:\/\/deportodos.com.ar\/2023\/se-juega-viernes-y-lunes\/","title":{"rendered":"SE JUEGA VIERNES Y LUNES"},"content":{"rendered":"\n<p>Se juega este viernes la fecha 12 del Torneo Pre Federal de B\u00e1squetbol en su Conferencia 1, con los equipos de la costa del Uruguay. El puntero de la conferencia, Parque Sur, tendr\u00e1 una parada muy dif\u00edcil al jugar el cl\u00e1sico de Concepci\u00f3n del Uruguay ante Regatas, quien precisamente es el que le pisa los talones a solo un punto de diferencia. Ser\u00e1 sin duda el gran partido de esta fecha. Pero no habr\u00e1 mucho descanso, porque el lunes volver\u00e1n a jugar, en este caso por la fecha 13 del campeonato, para continuar a full con el torneo.<br>La jornada 12 completa es la siguiente:<br>Central Entrerriano vs. BH Gualeguay.<br>Mendoza \u2013 Sartori \u2013 Broggi.<\/p>\n\n\n\n<p>Atl. Tala vs. Ferrocarril.<br>Bar\u00f3n \u2013 P\u00e1ez &#8211; Arellano.<\/p>\n\n\n\n<p>Parque Sur vs. Regatas.<br>Robles \u2013 Ort\u00edz \u2013 Ramos.<\/p>\n\n\n\n<p>Estudiantes vs. Sp. San Salvador.<br>Giorello \u2013 C\u00e1ceres \u2013 Bouj\u00f3n.<\/p>\n\n\n\n<p>Bancario vs. Racing.<br>Mac\u00edas \u2013 Moreno \u2013 Soria.<br>Libre: San Jos\u00e9.<\/p>\n\n\n\n<p>FECHA 13 Lunes 23<br>Sp. San Salvador vs. Bancario<br>Corradini \u2013 Moreno \u2013 Bouj\u00f3n.<\/p>\n\n\n\n<p>Regatas vs. Estudiantes<br>Bar\u00f3n \u2013 Sartori \u2013 Mart\u00ednez.<\/p>\n\n\n\n<p>Ferrocarril vs. Parque Sur<br>Giorello \u2013 Ar\u00e9valo \u2013 Dellagiovanna.<\/p>\n\n\n\n<p>BH vs. Atl. Tala<br>Delsart \u2013 C\u00e1ceres \u2013 Soria.<\/p>\n\n\n\n<p>San Jos\u00e9 vs. Central Entrerriano<br>Robles \u2013 Romero \u2013 Rojas.<br>En la imagen: Plantel de Regatas, que ser\u00e1 el gran rival del puntero en la fecha 12.<\/p>\n","protected":false},"excerpt":{"rendered":"<p>Se juega este viernes la fecha 12 del Torneo Pre Federal de B\u00e1squetbol en su&#8230;<\/p>\n","protected":false},"author":2,"featured_media":147,"comment_status":"open","ping_status":"open","sticky":false,"template":"","format":"standard","meta":{"footnotes":""},"categories":[9],"tags":[],"class_list":["post-146","post","type-post","status-publish","format-standard","has-post-thumbnail","hentry","category-basquet"],"featured_image_urls":{"full":["https:\/\/deportodos.com.ar\/2023\/wp-content\/uploads\/2023\/10\/IMG-20231019-WA0031.jpg",1280,720,false],"thumbnail":["https:\/\/deportodos.com.ar\/2023\/wp-content\/uploads\/2023\/10\/IMG-20231019-WA0031-150x150.jpg",150,150,true],"medium":["https:\/\/deportodos.com.ar\/2023\/wp-content\/uploads\/2023\/10\/IMG-20231019-WA0031-300x169.jpg",300,169,true],"medium_large":["https:\/\/deportodos.com.ar\/2023\/wp-content\/uploads\/2023\/10\/IMG-20231019-WA0031-768x432.jpg",640,360,true],"large":["https:\/\/deportodos.com.ar\/2023\/wp-content\/uploads\/2023\/10\/IMG-20231019-WA0031-1024x576.jpg",640,360,true],"1536x1536":["https:\/\/deportodos.com.ar\/2023\/wp-content\/uploads\/2023\/10\/IMG-20231019-WA0031.jpg",1280,720,false],"2048x2048":["https:\/\/deportodos.com.ar\/2023\/wp-content\/uploads\/2023\/10\/IMG-20231019-WA0031.jpg",1280,720,false],"covernews-featured":["https:\/\/deportodos.com.ar\/2023\/wp-content\/uploads\/2023\/10\/IMG-20231019-WA0031-1024x576.jpg",1024,576,true],"covernews-medium":["https:\/\/deportodos.com.ar\/2023\/wp-content\/uploads\/2023\/10\/IMG-20231019-WA0031-540x340.jpg",540,340,true]},"author_info":{"display_name":"c2530142","author_link":"https:\/\/deportodos.com.ar\/2023\/author\/c2530142\/"},"category_info":"<a href=\"https:\/\/deportodos.com.ar\/2023\/category\/basquet\/\" rel=\"category tag\">Basquet<\/a>","tag_info":"Basquet","comment_count":"0","_links":{"self":[{"href":"https:\/\/deportodos.com.ar\/2023\/wp-json\/wp\/v2\/posts\/146","targetHints":{"allow":["GET"]}}],"collection":[{"href":"https:\/\/deportodos.com.ar\/2023\/wp-json\/wp\/v2\/posts"}],"about":[{"href":"https:\/\/deportodos.com.ar\/2023\/wp-json\/wp\/v2\/types\/post"}],"author":[{"embeddable":true,"href":"https:\/\/deportodos.com.ar\/2023\/wp-json\/wp\/v2\/users\/2"}],"replies":[{"embeddable":true,"href":"https:\/\/deportodos.com.ar\/2023\/wp-json\/wp\/v2\/comments?post=146"}],"version-history":[{"count":1,"href":"https:\/\/deportodos.com.ar\/2023\/wp-json\/wp\/v2\/posts\/146\/revisions"}],"predecessor-version":[{"id":148,"href":"https:\/\/deportodos.com.ar\/2023\/wp-json\/wp\/v2\/posts\/146\/revisions\/148"}],"wp:featuredmedia":[{"embeddable":true,"href":"https:\/\/deportodos.com.ar\/2023\/wp-json\/wp\/v2\/media\/147"}],"wp:attachment":[{"href":"https:\/\/deportodos.com.ar\/2023\/wp-json\/wp\/v2\/media?parent=146"}],"wp:term":[{"taxonomy":"category","embeddable":true,"href":"https:\/\/deportodos.com.ar\/2023\/wp-json\/wp\/v2\/categories?post=146"},{"taxonomy":"post_tag","embeddable":true,"href":"https:\/\/deportodos.com.ar\/2023\/wp-json\/wp\/v2\/tags?post=146"}],"curies":[{"name":"wp","href":"https:\/\/api.w.org\/{rel}","templated":true}]}}