{"id":1471,"date":"2024-05-17T15:38:50","date_gmt":"2024-05-17T15:38:50","guid":{"rendered":"https:\/\/deportodos.com.ar\/2023\/?p=1471"},"modified":"2024-05-17T16:45:01","modified_gmt":"2024-05-17T16:45:01","slug":"maraton-lago-salto-grande","status":"publish","type":"post","link":"https:\/\/deportodos.com.ar\/2023\/maraton-lago-salto-grande\/","title":{"rendered":"SE CORRE LA 4\u00b0 EDICI\u00d3N DE LA MARAT\u00d3N LAGO SALTO GRANDE"},"content":{"rendered":"\n<p>Con cupo completo y m\u00e1s de 500 corredores confirmados, se estar\u00e1 llevando a cabo este domingo en Peninsula Soler la cuarta edici\u00f3n del Marat\u00f3n Lago Salto Grande, que tendr\u00e1 en juego la copa \u00abHoracio Angio\u00bb para los ganadores de la distancia principal de 42 km., disput\u00e1ndose tambi\u00e9n distancias complementarias de 21 y 10 kil\u00f3metros.<\/p>\n\n\n\n<p>Sin dudas, ser\u00e1 la edici\u00f3n r\u00e9cord de las cuatro disputadas, con una convocatoria excelente y que colm\u00f3 ampliamente las expectativas de la organizaci\u00f3n, que estar\u00e1 a cargo de la Asociaci\u00f3n Concordiense de Pruebas Combinadas.<\/p>\n\n\n\n<p>La prueba comenzar\u00e1 a las 8.30 hs con los 10 km y tres minutos m\u00e1s tarde estar\u00e1n largando los 21 y 42 kil\u00f3metros, con largada y llegada en Pen\u00ednsula Soler.<\/p>\n\n\n\n<p>Tambi\u00e9n cabe destacar que este s\u00e1bado de 18.30 a 21.30 se estar\u00e1n entregando los kits en Complejo Maranhao, y tambi\u00e9n se seguir\u00e1 con este tr\u00e1mite el domingo desde las 7.15hs en el lugar de largada.<\/p>\n\n\n\n<p>En el d\u00eda de hoy se realizar\u00e1 la presentaci\u00f3n oficial de la carrera en el C.I.T. (Centro de Informaci\u00f3n Tur\u00edstica).<\/p>\n\n\n\n<p>Cabe destacar que la prueba tendr\u00e1 representantes de siete provincias y alrededor de 120 uruguayos que nos estar\u00e1n visitando, con lo cual estamos en presencia de una prueba internacional.<\/p>\n\n\n\n<p>Estar\u00e1n en juego mas cerca de 250 copas para la premiaci\u00f3n en todas las categor\u00edas, y tambi\u00e9n el grupo m\u00e1s numeroso que se presente se llevar\u00e1 un premio en efectivo de 130 mil pesos.<\/p>\n\n\n\n<p>Se espera vivir una gran fiesta deportiva en nuestro perilago, que cuenta con el apoyo de la Codesal, Subsecretaria de Deportes, Subsecretaria de Turismo, Comisar\u00eda novena, Direcci\u00f3n de Tr\u00e1nsito y Gendarmeria.<\/p>\n\n\n\n<p>El circuito de los 10 kilometros ser\u00e1 un ida y vuelta de 5 kil\u00f3metros, mientras que los 42 km se desarrollar\u00e1 en dos vueltas de 21, recorriendo paisajes \u00fanicos por sus bellezas naturales.<\/p>\n\n\n\n<p>Recordemos que los ganadores de la \u00faltima edici\u00f3n fueron en 42k Francisco Bocanegra y Lorena Romero, mientras que en 21k ganaron Luis Barrios y Malvina Qui\u00f1ones, y en 10 km triunfaron Juani Segovia y Ximena Simeone.<\/p>\n\n\n\n<p>PRENSA A.C.P.C.<\/p>\n","protected":false},"excerpt":{"rendered":"<p>Con cupo completo y m\u00e1s de 500 corredores confirmados, se estar\u00e1 llevando a cabo este&#8230;<\/p>\n","protected":false},"author":2,"featured_media":1472,"comment_status":"open","ping_status":"open","sticky":false,"template":"","format":"standard","meta":{"footnotes":""},"categories":[5],"tags":[],"class_list":["post-1471","post","type-post","status-publish","format-standard","has-post-thumbnail","hentry","category-atletismo"],"featured_image_urls":{"full":["https:\/\/deportodos.com.ar\/2023\/wp-content\/uploads\/2024\/05\/FB_IMG_1715960224565.jpg",750,750,false],"thumbnail":["https:\/\/deportodos.com.ar\/2023\/wp-content\/uploads\/2024\/05\/FB_IMG_1715960224565-150x150.jpg",150,150,true],"medium":["https:\/\/deportodos.com.ar\/2023\/wp-content\/uploads\/2024\/05\/FB_IMG_1715960224565-300x300.jpg",300,300,true],"medium_large":["https:\/\/deportodos.com.ar\/2023\/wp-content\/uploads\/2024\/05\/FB_IMG_1715960224565.jpg",640,640,false],"large":["https:\/\/deportodos.com.ar\/2023\/wp-content\/uploads\/2024\/05\/FB_IMG_1715960224565.jpg",640,640,false],"1536x1536":["https:\/\/deportodos.com.ar\/2023\/wp-content\/uploads\/2024\/05\/FB_IMG_1715960224565.jpg",750,750,false],"2048x2048":["https:\/\/deportodos.com.ar\/2023\/wp-content\/uploads\/2024\/05\/FB_IMG_1715960224565.jpg",750,750,false],"covernews-featured":["https:\/\/deportodos.com.ar\/2023\/wp-content\/uploads\/2024\/05\/FB_IMG_1715960224565.jpg",750,750,false],"covernews-medium":["https:\/\/deportodos.com.ar\/2023\/wp-content\/uploads\/2024\/05\/FB_IMG_1715960224565-540x340.jpg",540,340,true]},"author_info":{"display_name":"c2530142","author_link":"https:\/\/deportodos.com.ar\/2023\/author\/c2530142\/"},"category_info":"<a href=\"https:\/\/deportodos.com.ar\/2023\/category\/atletismo\/\" rel=\"category tag\">Atletismo<\/a>","tag_info":"Atletismo","comment_count":"0","_links":{"self":[{"href":"https:\/\/deportodos.com.ar\/2023\/wp-json\/wp\/v2\/posts\/1471","targetHints":{"allow":["GET"]}}],"collection":[{"href":"https:\/\/deportodos.com.ar\/2023\/wp-json\/wp\/v2\/posts"}],"about":[{"href":"https:\/\/deportodos.com.ar\/2023\/wp-json\/wp\/v2\/types\/post"}],"author":[{"embeddable":true,"href":"https:\/\/deportodos.com.ar\/2023\/wp-json\/wp\/v2\/users\/2"}],"replies":[{"embeddable":true,"href":"https:\/\/deportodos.com.ar\/2023\/wp-json\/wp\/v2\/comments?post=1471"}],"version-history":[{"count":2,"href":"https:\/\/deportodos.com.ar\/2023\/wp-json\/wp\/v2\/posts\/1471\/revisions"}],"predecessor-version":[{"id":1474,"href":"https:\/\/deportodos.com.ar\/2023\/wp-json\/wp\/v2\/posts\/1471\/revisions\/1474"}],"wp:featuredmedia":[{"embeddable":true,"href":"https:\/\/deportodos.com.ar\/2023\/wp-json\/wp\/v2\/media\/1472"}],"wp:attachment":[{"href":"https:\/\/deportodos.com.ar\/2023\/wp-json\/wp\/v2\/media?parent=1471"}],"wp:term":[{"taxonomy":"category","embeddable":true,"href":"https:\/\/deportodos.com.ar\/2023\/wp-json\/wp\/v2\/categories?post=1471"},{"taxonomy":"post_tag","embeddable":true,"href":"https:\/\/deportodos.com.ar\/2023\/wp-json\/wp\/v2\/tags?post=1471"}],"curies":[{"name":"wp","href":"https:\/\/api.w.org\/{rel}","templated":true}]}}