{"id":1478,"date":"2024-05-19T20:47:01","date_gmt":"2024-05-19T20:47:01","guid":{"rendered":"https:\/\/deportodos.com.ar\/2023\/?p=1478"},"modified":"2024-05-19T23:31:52","modified_gmt":"2024-05-19T23:31:52","slug":"werner-campeon-de-la-tc-pick-up","status":"publish","type":"post","link":"https:\/\/deportodos.com.ar\/2023\/werner-campeon-de-la-tc-pick-up\/","title":{"rendered":"WERNER GAN\u00d3 SU PRIMER CARRERA DE TC PICK UP"},"content":{"rendered":"\n<p><strong>Mariano Werner\u00a0<\/strong>(Toyota Hilux) result\u00f3 el contundente ganador de la Final en\u00a0el aut\u00f3dromo de\u00a0<strong>La Plata<\/strong>, donde se llev\u00f3 a cabo la 3\u00aa fecha del 6\u00ba Campeonato Argentino de\u00a0<strong>TC Pick Up<\/strong>.\u00a0El piloto del\u00a0<strong>Toyota Gazoo Racing Argentina<\/strong>\u00a0consum\u00f3 su\u00a0<strong>10\u00aa victoria en 43 carreras\u00a0<\/strong>en la categor\u00eda y la 1\u00aa en la temporada, lo que le permiti\u00f3 convertirse en el nuevo l\u00edder del certamen.\u00a0<\/p>\n\n\n\n<p>En una competencia que mostr\u00f3&nbsp;<strong>muy pocas alternativas&nbsp;<\/strong>y donde&nbsp;<strong>no se registraron cambios de posiciones en los 5 primeros lugares<\/strong>, el entrerriano se impuso de punta, sin darle ninguna posibilidad a&nbsp;<strong>Andr\u00e9s Jakos&nbsp;<\/strong>(Toyota Hilux), que lleg\u00f3 2\u00ba a 1s440. El campe\u00f3n 2023 de TC Pick Up coron\u00f3 as\u00ed un fin de semana perfecto, ya que&nbsp;<strong>se qued\u00f3 con los 47 puntos en juego<\/strong>&nbsp;y gan\u00f3 tanto la serie como la Final de principio a fin, con r\u00e9cord de vuelta incluido en ambos casos.<\/p>\n\n\n\n<p>\u201c<strong><em>Siempre es lindo ganar con el \u20181\u2019 en los laterales. Pero este es un podio y un trofeo que guardar\u00e9 muy especialmente por todo lo que signific\u00f3 Juan<\/em><\/strong><em>. Gracias al gran trabajo de todo el equipo, la camioneta tuvo un gran funcionamiento. Trat\u00e9 de hacer una luz de diferencia a Jakos para que no agarrara la succi\u00f3n y lo pude lograr. Despu\u00e9s, las camionetas eran muy parejas<\/em>\u201d, indic\u00f3 Werner, que no ganaba desde el 8 de octubre de 2023 en Comodoro Rivadavia, en<strong>&nbsp;Campeones Radio&nbsp;<\/strong>y<strong>&nbsp;AM590 Continental.<\/strong><\/p>\n\n\n\n<p>Werner gan\u00f3 en un fin de semana muy especial, ya que homenaje\u00f3 a dos \u00eddolos del automovilismo: por pedido de su hijo Salvador est\u00e1 utilizando el casco con los colores que identificaron a&nbsp;<strong>Ayrton Senna&nbsp;<\/strong>y, a partir de una idea del \u2018P\u00e1jaro\u2019 Lavari, pint\u00f3 el techo de su Hilux de violeta, con el N\u00ba 1, el nombre y la foto de<strong>&nbsp;Juan Mar\u00eda Traverso<\/strong>, acompa\u00f1ado de un cresp\u00f3n negro y la leyenda \u00abPor Siempre Flaco\u00bb. \u00ab<em>El techo dio sus frutos.&nbsp;<\/em><strong><em>Me deja m\u00e1s que feliz haberle devuelto al Flaco un poquito de todo lo que nos dio<\/em><\/strong>\u201d, asever\u00f3 el paranaense.&nbsp;<\/p>\n\n\n\n<p>La 8\u00aa victoria de Werner con el Dole Racing en el TC Pick Up (las otras dos fueron con el Homero Racing de Christian Pereyra) le permiti\u00f3 desplazar a&nbsp;<strong>Gast\u00f3n Mazzacane<\/strong>&nbsp;(VW Amarok) de la cima del torneo. El \u201cRayo\u201d, que lleg\u00f3 12\u00ba despu\u00e9s de largar 17\u00ba porque en la serie se hab\u00eda retrasado por una falla en el motor, qued\u00f3 2\u00ba en el campeonato, a s\u00f3lo 1,5 puntos del entrerriano.<\/p>\n\n\n\n<p><strong>Andr\u00e9s Jakos&nbsp;<\/strong>(Toyota Hilux) no tuvo una posibilidad clara de intentar el sobrepaso, pero tuvo el consuelo de regresar, luego de 4 fechas, al podio. Ahora, suma&nbsp;<strong>14 arribos en el \u201ctop 3\u201d<\/strong>&nbsp;en 57 competencias en TC Pick Up. \u201c<em>Tal vez a la vista de la gente no fue una carrera muy peleada, pero fue una lucha a la mil\u00e9sima con Mariano<\/em>&nbsp;(Werner).&nbsp;<strong><em>Tenemos que ser m\u00e1s contundentes en clasificaci\u00f3n<\/em><\/strong><em>&nbsp;para largar ah\u00ed adelante\u201d<\/em>, expres\u00f3 el piloto de Ramos Mej\u00eda.&nbsp;<\/p>\n\n\n\n<p><strong>Hern\u00e1n Palazzo&nbsp;<\/strong>(Toyota Hilux) termin\u00f3 3\u00ba, cosech\u00f3 su&nbsp;<strong>2\u00ba podio en 14 participaciones<\/strong>&nbsp;en TC Pick Up (ambos en 2024). \u201c<em>Tuvimos un ritmo muy bueno, hemos pegado un salto importante. Estamos teniendo un conjunto muy bueno, con el \u2018Chino\u2019 Mart\u00ednez en los motores y la direcci\u00f3n t\u00e9cnica de Cristian Kissling.&nbsp;<\/em><strong><em>Nos falta mejorar un poquito para lograr la victoria<\/em><\/strong>\u201d, sostuvo el pinamarense de 24 a\u00f1os.<\/p>\n\n\n\n<p>De esta manera, Palazzo prolong\u00f3 la gran temporada 2024 que est\u00e1 protagonizando.&nbsp;<strong>Entre TCPK (3) y TC Pista (5) disput\u00f3 8 Finales y en todas lleg\u00f3 en el \u201ctop 10\u201d<\/strong>. Esa sucesi\u00f3n de buenos resultados le permite liderar el torneo de TCP y situarse 3\u00ba, a s\u00f3lo 3 puntos de Werner, en el de las camionetas.<\/p>\n\n\n\n<p>La&nbsp;<strong>pr\u00f3xima fecha<\/strong>&nbsp;del TC Pick Up se llevar\u00e1 a cabo el&nbsp;<strong>8&nbsp;<\/strong>y<strong>&nbsp;9&nbsp;<\/strong>de&nbsp;<strong>junio<\/strong>, pero todav\u00eda no tiene escenario confirmado.&nbsp;<\/p>\n\n\n\n<h3 class=\"wp-block-heading\"><strong>TC PICK UP \u2013 FINAL \u2013 LA PLATA \u2013 15 VUELTAS<\/strong><\/h3>\n\n\n\n<figure class=\"wp-block-table\"><table><tbody><tr><td><strong>POS.<\/strong><\/td><td><strong>PILOTO<\/strong><\/td><td><strong>MARCA<\/strong><\/td><td><strong>TPO.\/DIF.<\/strong><\/td><\/tr><tr><td>1\u00ba<\/td><td>WERNER MARIANO<\/td><td>TOYOTA<\/td><td>22;33.759<\/td><\/tr><tr><td>2\u00ba<\/td><td>JAKOS ANDR\u00c9S<\/td><td>TOYOTA<\/td><td>1.440<\/td><\/tr><tr><td>3\u00ba<\/td><td>PALAZZO HERN\u00c1N<\/td><td>TOYOTA<\/td><td>3.334<\/td><\/tr><tr><td>4\u00ba<\/td><td>RODR\u00cdGUEZ MAT\u00cdAS<\/td><td>TOYOTA<\/td><td>3.723<\/td><\/tr><tr><td>5\u00ba<\/td><td>GIANINI JUAN PABLO<\/td><td>FORD<\/td><td>4.075<\/td><\/tr><tr><td>6\u00ba<\/td><td>JACK JAVIER<\/td><td>FORD<\/td><td>14.489<\/td><\/tr><tr><td>7\u00ba<\/td><td>PEZZUCCHI NICOL\u00c1S<\/td><td>NISSAN<\/td><td>19.124<\/td><\/tr><tr><td>8\u00ba<\/td><td>\u00c1LVAREZ SANTIAGO<\/td><td>VOLKSWAGEN<\/td><td>20.771<\/td><\/tr><tr><td>9\u00ba<\/td><td>FERRANTE GAST\u00d3N<\/td><td>FORD<\/td><td>33.876<\/td><\/tr><tr><td>10\u00ba<\/td><td>TRUCCO JUAN MART\u00cdN<\/td><td>VOLKSWAGEN<\/td><td>34.178<\/td><\/tr><tr><td>11\u00ba<\/td><td>LUG\u00d3N RODRIGO<\/td><td>FORD<\/td><td>34.390<\/td><\/tr><tr><td>12\u00ba<\/td><td>MAZZACANE GAST\u00d3N<\/td><td>VOLKSWAGEN<\/td><td>34.502<\/td><\/tr><tr><td>13\u00ba<\/td><td>ABDALA TOM\u00c1S<\/td><td>FORD<\/td><td>34.949<\/td><\/tr><tr><td>14\u00ba<\/td><td>TODINO GERM\u00c1N<\/td><td>TOYOTA<\/td><td>35.236<\/td><\/tr><tr><td>15\u00ba<\/td><td>LAMBIRIS MAURICIO<\/td><td>FORD<\/td><td>36.398<\/td><\/tr><tr><td>16\u00ba<\/td><td>IMPIOMBATO NICOL\u00c1S<\/td><td>TOYOTA<\/td><td>36.670<\/td><\/tr><tr><td>17\u00ba<\/td><td>DOSE CHRISTIAN<\/td><td>CHEVROLET<\/td><td>41.965<\/td><\/tr><tr><td>18\u00ba<\/td><td>AGUIRRE VALENT\u00cdN<\/td><td>CHEVROLET<\/td><td>1 VTA<\/td><\/tr><tr><td>19\u00ba<\/td><td>DE CARLO DIEGO<\/td><td>VOLKSWAGEN<\/td><td>2 VTAS<\/td><\/tr><tr><td>20\u00ba<\/td><td>FRITZLER OTTO<\/td><td>TOYOTA<\/td><td>2 VTAS<\/td><\/tr><tr><td>21\u00ba<\/td><td>VALLE LUCAS<\/td><td>FORD<\/td><td>10 VTAS<\/td><\/tr><tr><td>22\u00ba<\/td><td>SANTERO JULI\u00c1N<\/td><td>TOYOTA<\/td><td>14 VTAS<\/td><\/tr><\/tbody><\/table><\/figure>\n\n\n\n<p><strong>PROMEDIO:<\/strong>&nbsp;170,126 km\/h.&nbsp;<strong>RECORD DE VUELTA:&nbsp;<\/strong>Werner en la vta. 3 en 1:29.662 a 171,243 &nbsp;km\/h.&nbsp;<strong>NO LARG\u00d3<\/strong>: Franco Morillo (Ford Ranger).<\/p>\n\n\n\n<h3 class=\"wp-block-heading\"><strong>CAMPEONATO 2024 \u2013 TC PICK UP<\/strong><\/h3>\n\n\n\n<figure class=\"wp-block-table\"><table><tbody><tr><td><strong>POS.<\/strong><\/td><td><strong>PILOTO<\/strong><\/td><td><strong>MARCA<\/strong><\/td><td><strong>PTS.<\/strong><\/td><\/tr><tr><td>1\u00ba<\/td><td>Werner, Mariano<\/td><td>Toyota<\/td><td>112<\/td><\/tr><tr><td>2\u00ba<\/td><td>Mazzacane, Gast\u00f3n<\/td><td>Volkswagen<\/td><td>110,5<\/td><\/tr><tr><td>3\u00ba<\/td><td>Palazzo, Hern\u00e1n<\/td><td>Toyota<\/td><td>109<\/td><\/tr><tr><td>4\u00ba<\/td><td>Jakos, Andr\u00e9s<\/td><td>Toyota<\/td><td>95<\/td><\/tr><tr><td>5\u00ba<\/td><td>Lug\u00f3n, Rodrigo<\/td><td>Ford<\/td><td>93,5<\/td><\/tr><tr><td>6\u00ba<\/td><td>Rodr\u00edguez, Mat\u00edas<\/td><td>Toyota<\/td><td>93<\/td><\/tr><tr><td>7\u00ba<\/td><td>Gianini, Juan Pablo<\/td><td>Ford<\/td><td>91,5<\/td><\/tr><tr><td>8\u00ba<\/td><td>Jack, Javier<\/td><td>Ford<\/td><td>89,5<\/td><\/tr><tr><td>9\u00ba<\/td><td>\u00c1lvarez, Santiago<\/td><td>Volkswagen<\/td><td>87,5<\/td><\/tr><tr><td>10\u00ba<\/td><td>Trucco, Juan Mart\u00edn<\/td><td>Volkswagen<\/td><td>85<\/td><\/tr><tr><td>11\u00ba<\/td><td>Santero, Juli\u00e1n<\/td><td>Toyota<\/td><td>79,5<\/td><\/tr><tr><td>12\u00ba<\/td><td>Pezzucchi, Nicol\u00e1s<\/td><td>Nissan<\/td><td>77,5<\/td><\/tr><tr><td>13\u00ba<\/td><td>Todino, Germ\u00e1n<\/td><td>Toyota<\/td><td>77,5<\/td><\/tr><tr><td>14\u00ba<\/td><td>Abdala, Tom\u00e1s<\/td><td>Ford<\/td><td>74,5<\/td><\/tr><tr><td>15\u00ba<\/td><td>Fritzler, Otto<\/td><td>Toyota<\/td><td>72,5<\/td><\/tr><tr><td>16\u00ba<\/td><td>Lambiris, Mauricio<\/td><td>Ford<\/td><td>68<\/td><\/tr><tr><td>17\u00ba<\/td><td>Ferrante, Gast\u00f3n<\/td><td>Ford<\/td><td>58,5<\/td><\/tr><tr><td>18\u00ba<\/td><td>Dose, Christian<\/td><td>Chevrolet<\/td><td>57<\/td><\/tr><tr><td>19\u00ba<\/td><td>Aguirre, Valent\u00edn<\/td><td>Chevrolet<\/td><td>54<\/td><\/tr><tr><td>20\u00ba<\/td><td>Impiombato, Nicol\u00e1s<\/td><td>Toyota<\/td><td>52,5<\/td><\/tr><tr><td>21\u00ba<\/td><td>De Carlo, Diego<\/td><td>Volkswagen<\/td><td>40<\/td><\/tr><tr><td>22\u00ba<\/td><td>Ardusso, Facundo<\/td><td>Chevrolet<\/td><td>35,5<\/td><\/tr><tr><td>23\u00ba<\/td><td>Mi\u00f3n, Eddy<\/td><td>Ford<\/td><td>34,5<\/td><\/tr><tr><td>24\u00ba<\/td><td>Valle, Lucas<\/td><td>Ford<\/td><td>33<\/td><\/tr><tr><td>25\u00ba<\/td><td>Morillo, Franco<\/td><td>Ford<\/td><td>0<\/td><\/tr><\/tbody><\/table><\/figure>\n\n\n\n<blockquote class=\"wp-block-quote is-layout-flow wp-block-quote-is-layout-flow\">\n<p><\/p>\n<cite>www.campeones.com.ar<\/cite><\/blockquote>\n","protected":false},"excerpt":{"rendered":"<p>Mariano Werner\u00a0(Toyota Hilux) result\u00f3 el contundente ganador de la Final en\u00a0el aut\u00f3dromo de\u00a0La Plata, donde&#8230;<\/p>\n","protected":false},"author":2,"featured_media":1479,"comment_status":"open","ping_status":"open","sticky":false,"template":"","format":"standard","meta":{"footnotes":""},"categories":[6],"tags":[],"class_list":["post-1478","post","type-post","status-publish","format-standard","has-post-thumbnail","hentry","category-automovilismo"],"featured_image_urls":{"full":["https:\/\/deportodos.com.ar\/2023\/wp-content\/uploads\/2024\/05\/Werner-Vitoria-TCPK-2024.jpg",976,398,false],"thumbnail":["https:\/\/deportodos.com.ar\/2023\/wp-content\/uploads\/2024\/05\/Werner-Vitoria-TCPK-2024-150x150.jpg",150,150,true],"medium":["https:\/\/deportodos.com.ar\/2023\/wp-content\/uploads\/2024\/05\/Werner-Vitoria-TCPK-2024-300x122.jpg",300,122,true],"medium_large":["https:\/\/deportodos.com.ar\/2023\/wp-content\/uploads\/2024\/05\/Werner-Vitoria-TCPK-2024-768x313.jpg",640,261,true],"large":["https:\/\/deportodos.com.ar\/2023\/wp-content\/uploads\/2024\/05\/Werner-Vitoria-TCPK-2024.jpg",640,261,false],"1536x1536":["https:\/\/deportodos.com.ar\/2023\/wp-content\/uploads\/2024\/05\/Werner-Vitoria-TCPK-2024.jpg",976,398,false],"2048x2048":["https:\/\/deportodos.com.ar\/2023\/wp-content\/uploads\/2024\/05\/Werner-Vitoria-TCPK-2024.jpg",976,398,false],"covernews-featured":["https:\/\/deportodos.com.ar\/2023\/wp-content\/uploads\/2024\/05\/Werner-Vitoria-TCPK-2024.jpg",976,398,false],"covernews-medium":["https:\/\/deportodos.com.ar\/2023\/wp-content\/uploads\/2024\/05\/Werner-Vitoria-TCPK-2024-540x340.jpg",540,340,true]},"author_info":{"display_name":"c2530142","author_link":"https:\/\/deportodos.com.ar\/2023\/author\/c2530142\/"},"category_info":"<a href=\"https:\/\/deportodos.com.ar\/2023\/category\/automovilismo\/\" rel=\"category tag\">Automovilismo<\/a>","tag_info":"Automovilismo","comment_count":"0","_links":{"self":[{"href":"https:\/\/deportodos.com.ar\/2023\/wp-json\/wp\/v2\/posts\/1478","targetHints":{"allow":["GET"]}}],"collection":[{"href":"https:\/\/deportodos.com.ar\/2023\/wp-json\/wp\/v2\/posts"}],"about":[{"href":"https:\/\/deportodos.com.ar\/2023\/wp-json\/wp\/v2\/types\/post"}],"author":[{"embeddable":true,"href":"https:\/\/deportodos.com.ar\/2023\/wp-json\/wp\/v2\/users\/2"}],"replies":[{"embeddable":true,"href":"https:\/\/deportodos.com.ar\/2023\/wp-json\/wp\/v2\/comments?post=1478"}],"version-history":[{"count":3,"href":"https:\/\/deportodos.com.ar\/2023\/wp-json\/wp\/v2\/posts\/1478\/revisions"}],"predecessor-version":[{"id":1484,"href":"https:\/\/deportodos.com.ar\/2023\/wp-json\/wp\/v2\/posts\/1478\/revisions\/1484"}],"wp:featuredmedia":[{"embeddable":true,"href":"https:\/\/deportodos.com.ar\/2023\/wp-json\/wp\/v2\/media\/1479"}],"wp:attachment":[{"href":"https:\/\/deportodos.com.ar\/2023\/wp-json\/wp\/v2\/media?parent=1478"}],"wp:term":[{"taxonomy":"category","embeddable":true,"href":"https:\/\/deportodos.com.ar\/2023\/wp-json\/wp\/v2\/categories?post=1478"},{"taxonomy":"post_tag","embeddable":true,"href":"https:\/\/deportodos.com.ar\/2023\/wp-json\/wp\/v2\/tags?post=1478"}],"curies":[{"name":"wp","href":"https:\/\/api.w.org\/{rel}","templated":true}]}}