{"id":1603,"date":"2024-06-03T01:43:20","date_gmt":"2024-06-03T01:43:20","guid":{"rendered":"https:\/\/deportodos.com.ar\/2023\/?p=1603"},"modified":"2024-06-03T01:45:30","modified_gmt":"2024-06-03T01:45:30","slug":"gualeguay-fue-escenario-de-la-tercera-fecha-del-karting","status":"publish","type":"post","link":"https:\/\/deportodos.com.ar\/2023\/gualeguay-fue-escenario-de-la-tercera-fecha-del-karting\/","title":{"rendered":"GUALEGUAY FUE ESCENARIO DE LA TERCERA FECHA DEL KARTING"},"content":{"rendered":"\n<p>Agust\u00edn Fabi\u00e1n como vencedor por segunda vez en el a\u00f1o, escoltado por su gran rival en el campeonato, Sof\u00eda Percara, y por Ayrton Bernay, que logr\u00f3 su segundo podio en la categor\u00eda.<\/p>\n\n\n\n<p>Resultados finales EXTRAOFICIALES sujetos a verificaci\u00f3n t\u00e9cnica y deportiva:<\/p>\n\n\n\n<p><strong>\u2013&nbsp;<u>150cc Promocional (21 karts):<\/u><\/strong>&nbsp;1\u00b0Tiziano Cantero, 2\u00b0Juan Manuel Wiesner, 3\u00b0Jerem\u00edas Esquivel\/\/ 4\u00b0Felipe Beade, Valentino Premaries, 6\u00b0Santiago Korell, 7\u00b0Emilio L\u00f3pez Ferro, 8\u00b0Francesco Charreun, 9\u00b0I\u00f1aki Antivero, 10\u00b0Bruno Masetto.<\/p>\n\n\n\n<p><strong>\u2013&nbsp;<u>150cc Mayores \u201cB\u201d- Final 1 (25):<\/u><\/strong>&nbsp;1\u00b0Franco Balbuena, 2\u00b0Thiago Coffy, 3\u00b0Malco Estebenet\/\/ 4\u00b0Gast\u00f3n Bon\u00edn, 5\u00b0Iv\u00e1n S\u00e1nchez, 6\u00b0Dai\u00e1n Favre, 7\u00b0Nahuel N\u00fa\u00f1ez, 8\u00b0Juan Mart\u00edn G\u00f3mez, 9\u00b0Guido Carpanelli, 10\u00b0Guillermo Pizzio.<\/p>\n\n\n\n<p><strong>\u2013&nbsp;<u>150cc Mayores \u201cB\u201d- Final 2 (25):<\/u><\/strong>&nbsp;1\u00b0Julio Vel\u00e1zquez, 2\u00b0Andr\u00e9s Garc\u00eda, 3\u00b0Lucas Ronconi\/\/ 4\u00b0Joaqu\u00edn Blanc, 5\u00b0Mat\u00edas Mouchet, 6\u00b0Octavio De Zan, 7\u00b0Franco Bozo, 8\u00b0Albarno Borsotti, 9\u00b0Ulises Pauletti, 10\u00b0Luca Fiorotto.<\/p>\n\n\n\n<p><strong>\u2013\u00a0<u>110cc Escuela (16):<\/u><\/strong>\u00a01\u00b0Gonzalo Callejas (URU), 2\u00b0\u00c1lvaro Sabisky, 3\u00b0Benjam\u00edn Iglesias\/\/ 4\u00b0Luis Barrientos, 5\u00b0Santino St\u00fcber, 6\u00b0Santiago Secchi, 7\u00b0Vicente Allodi, 8\u00b0Valentino Benigni, 9\u00b0Alejandro Pralong, 10\u00b0Santiago Stivanello.<\/p>\n\n\n\n<p><strong>\u2013&nbsp;<u>150cc Junior \u201cA\u201d- Final 1 (16):<\/u><\/strong>&nbsp;1\u00b0Dami\u00e1n Cleppe, 2\u00b0Tom\u00e1s Arosio, 3\u00b0Camilo Lound\/\/ 4\u00b0Santino Schoenfeld, 5\u00b0Thom\u00e1s Carrancio, 6\u00b0Enzo De Zan, 7\u00b0Agust\u00edn Gabioud, 8\u00b0Bautista Milevcic, 9\u00b0Benjam\u00edn Squaglia, 10\u00b0Fernando Barreto.<\/p>\n\n\n\n<p><strong>\u2013&nbsp;<u>150cc Junior \u201cA\u201d- Final 2 (16):<\/u><\/strong>&nbsp;1\u00b0Valent\u00edn Bauer, 2\u00b0Uriel Rodr\u00edguez, 3\u00b0Guido Gay\/\/ 4\u00b0Benjam\u00edn Cordani, 5\u00b0Mateo Lang, 6\u00b0Felipe Saloj, 7\u00b0Joaqu\u00edn Pagola Jacob, 8\u00b0Bautista Mastroiacovo, 9\u00b0Felipe Carlisi, 10\u00b0Santiago S\u00e1nchez.<\/p>\n\n\n\n<p><strong>\u2013&nbsp;<u>150cc Mayores \u201cC\u201d- Final 1 (24):<\/u><\/strong>&nbsp;1\u00b0Pablo Zapata, 2\u00b0Paulo Alfaro, 3\u00b0Ricardo Narcisi\/\/ 4\u00b0Cristian Quir\u00f3s, 5\u00b0Gabriel Denoni, 6\u00b0Andr\u00e9s Franco, 7\u00b0Santiago Antivero, 8\u00b0David Lound, 9\u00b0David Melgar, 10\u00b0Eugenio Manassero.<\/p>\n\n\n\n<p><strong>\u2013&nbsp;<u>150cc Mayores \u201cC\u201d- Final 2 (24):<\/u><\/strong>&nbsp;1\u00b0Sebasti\u00e1n Reynoso, 2\u00b0Mart\u00edn Palavecino, 3\u00b0Manuel Cretto\/\/ 4\u00b0Omar Mart\u00ednez, 5\u00b0Cristhian Roca, 6\u00b0Cristian Zanandrea, 7\u00b0Facundo Picullo, 8\u00b0Luciano Den Dauw, 9\u00b0Lisandro Azcue, 10\u00b0Jonathan Loskin.<\/p>\n\n\n\n<p><strong>\u2013&nbsp;<u>Copa M\u00e1ster 150cc (14):<\/u><\/strong>&nbsp;1\u00b0Mart\u00edn Palavecino, 2\u00b0Cristian Quir\u00f3s, 3\u00b0Gabriel Denoni\/\/ 4\u00b0Santiago Antivero, 5\u00b0Omar Mart\u00ednez, 6\u00b0Juan Manuel Franchini, 7\u00b0Walter Bianchini, 8\u00b0Alejandro P\u00e9rez, 9\u00b0Luis Viviani, 10\u00b0H\u00e9ctor Prelat.<\/p>\n\n\n\n<p><strong>\u2013&nbsp;<u>125cc Internacional (6):<\/u><\/strong>&nbsp;1\u00b0Agust\u00edn Fabi\u00e1n, 2\u00b0Sof\u00eda Percara, 3\u00b0Ayrton Bernay\/\/ 4\u00b0Dante Moreira, 5\u00b0Thom\u00e1s Carrancio y 6\u00b0Enzo Buyatti.<\/p>\n\n\n\n<p>La pr\u00f3xima fecha ser\u00eda en el kart\u00f3dromo de Villaguay, los d\u00edas 22 y 23 de junio.<\/p>\n\n\n\n<blockquote class=\"wp-block-quote is-layout-flow wp-block-quote-is-layout-flow\">\n<p><\/p>\n<cite>www.kartingentrerriano.com.ar<\/cite><\/blockquote>\n","protected":false},"excerpt":{"rendered":"<p>Agust\u00edn Fabi\u00e1n como vencedor por segunda vez en el a\u00f1o, escoltado por su gran rival&#8230;<\/p>\n","protected":false},"author":2,"featured_media":1605,"comment_status":"open","ping_status":"open","sticky":false,"template":"","format":"standard","meta":{"footnotes":""},"categories":[48],"tags":[],"class_list":["post-1603","post","type-post","status-publish","format-standard","has-post-thumbnail","hentry","category-karting"],"featured_image_urls":{"full":["https:\/\/deportodos.com.ar\/2023\/wp-content\/uploads\/2024\/06\/IMG-20240602-WA0040-1.jpg",1600,1066,false],"thumbnail":["https:\/\/deportodos.com.ar\/2023\/wp-content\/uploads\/2024\/06\/IMG-20240602-WA0040-1-150x150.jpg",150,150,true],"medium":["https:\/\/deportodos.com.ar\/2023\/wp-content\/uploads\/2024\/06\/IMG-20240602-WA0040-1-300x200.jpg",300,200,true],"medium_large":["https:\/\/deportodos.com.ar\/2023\/wp-content\/uploads\/2024\/06\/IMG-20240602-WA0040-1-768x512.jpg",640,427,true],"large":["https:\/\/deportodos.com.ar\/2023\/wp-content\/uploads\/2024\/06\/IMG-20240602-WA0040-1-1024x682.jpg",640,426,true],"1536x1536":["https:\/\/deportodos.com.ar\/2023\/wp-content\/uploads\/2024\/06\/IMG-20240602-WA0040-1-1536x1023.jpg",1536,1023,true],"2048x2048":["https:\/\/deportodos.com.ar\/2023\/wp-content\/uploads\/2024\/06\/IMG-20240602-WA0040-1.jpg",1600,1066,false],"covernews-featured":["https:\/\/deportodos.com.ar\/2023\/wp-content\/uploads\/2024\/06\/IMG-20240602-WA0040-1-1024x682.jpg",1024,682,true],"covernews-medium":["https:\/\/deportodos.com.ar\/2023\/wp-content\/uploads\/2024\/06\/IMG-20240602-WA0040-1-540x340.jpg",540,340,true]},"author_info":{"display_name":"c2530142","author_link":"https:\/\/deportodos.com.ar\/2023\/author\/c2530142\/"},"category_info":"<a href=\"https:\/\/deportodos.com.ar\/2023\/category\/karting\/\" rel=\"category tag\">Karting<\/a>","tag_info":"Karting","comment_count":"0","_links":{"self":[{"href":"https:\/\/deportodos.com.ar\/2023\/wp-json\/wp\/v2\/posts\/1603","targetHints":{"allow":["GET"]}}],"collection":[{"href":"https:\/\/deportodos.com.ar\/2023\/wp-json\/wp\/v2\/posts"}],"about":[{"href":"https:\/\/deportodos.com.ar\/2023\/wp-json\/wp\/v2\/types\/post"}],"author":[{"embeddable":true,"href":"https:\/\/deportodos.com.ar\/2023\/wp-json\/wp\/v2\/users\/2"}],"replies":[{"embeddable":true,"href":"https:\/\/deportodos.com.ar\/2023\/wp-json\/wp\/v2\/comments?post=1603"}],"version-history":[{"count":1,"href":"https:\/\/deportodos.com.ar\/2023\/wp-json\/wp\/v2\/posts\/1603\/revisions"}],"predecessor-version":[{"id":1607,"href":"https:\/\/deportodos.com.ar\/2023\/wp-json\/wp\/v2\/posts\/1603\/revisions\/1607"}],"wp:featuredmedia":[{"embeddable":true,"href":"https:\/\/deportodos.com.ar\/2023\/wp-json\/wp\/v2\/media\/1605"}],"wp:attachment":[{"href":"https:\/\/deportodos.com.ar\/2023\/wp-json\/wp\/v2\/media?parent=1603"}],"wp:term":[{"taxonomy":"category","embeddable":true,"href":"https:\/\/deportodos.com.ar\/2023\/wp-json\/wp\/v2\/categories?post=1603"},{"taxonomy":"post_tag","embeddable":true,"href":"https:\/\/deportodos.com.ar\/2023\/wp-json\/wp\/v2\/tags?post=1603"}],"curies":[{"name":"wp","href":"https:\/\/api.w.org\/{rel}","templated":true}]}}