{"id":1619,"date":"2024-06-06T19:41:32","date_gmt":"2024-06-06T19:41:32","guid":{"rendered":"https:\/\/deportodos.com.ar\/2023\/?p=1619"},"modified":"2024-07-11T22:49:56","modified_gmt":"2024-07-11T22:49:56","slug":"misiones-presenta-el-itinerario-para-su-regreso-a-rally-argentino-pirelli","status":"publish","type":"post","link":"https:\/\/deportodos.com.ar\/2023\/misiones-presenta-el-itinerario-para-su-regreso-a-rally-argentino-pirelli\/","title":{"rendered":"MISIONES PRESENTA EL ITINERARIO PARA SU REGRESO A RALLY ARGENTINO PIRELLI"},"content":{"rendered":"\n<p>El Rally de Misiones lanz\u00f3 su itinerario para la cuarta fecha del Rally Argentino Pirelli, que se disputar\u00e1 del 7 al 9 de junio, momento en que el campeonato se reencontrar\u00e1 con la tradicional tierra colorada local tras nueve a\u00f1os. La competencia tendr\u00e1 su epicentro en Leandro N. Alem y San Javier, donde el recorrido ofrecer\u00e1 doce pruebas especiales y&nbsp;154 km&nbsp;cronometrados, para el \u00faltimo y decisivo evento de la Copa Scorpion Pirelli.<\/p>\n\n\n\n<p>Las actividades previas para el Rally de Misiones tendr\u00e1n su puntapi\u00e9 inicial desde el pr\u00f3ximo jueves 6 de junio, cuando se realice la primera sesi\u00f3n de reconocimientos, de 13:30 a 18:00 hs, a trav\u00e9s de todos los tramos de la competencia. Una nueva recorrida por los mismos doce sectores tendr\u00e1 lugar al d\u00eda siguiente, de 07:30 a 12:30 hs, momento en que concluir\u00e1 el relevamiento de caminos y la toma de notas.<\/p>\n\n\n\n<p>El mismo viernes 7 de junio incluir\u00e1 el shakedown Av. V\u00e9lez Sarsfield &#8211; Ruta Provincial 4 (2.98 km), el cual se pondr\u00e1 en marcha desde las 13:00 hs para los coches de tracci\u00f3n simple, que componen las clases RC5, RC4 y RC3. Luego, los veh\u00edculos de cuatro ruedas motrices, de las clases RC-MR y RC2, efectuar\u00e1n sus tres pasadas obligatorias a partir de las 14:30 y 15:30 hs, respectivamente.<\/p>\n\n\n\n<p>La jornada del viernes concluir\u00e1 de manera espectacular, con la Rampa de Largada, que tendr\u00e1 lugar en la Plaza Central 25 de Mayo, de San Javier, a partir de las 20:30 hs, horario en que todo el p\u00fablico y los fan\u00e1ticos del rally podr\u00e1n disfrutar del cercano pasar de todos los binomios de las diferentes categor\u00edas.<\/p>\n\n\n\n<p>El s\u00e1bado 8 de junio comprender\u00e1 la primera etapa, con un total de seis pruebas especiales y&nbsp;83,02 km&nbsp;cronometrados. La jornada se pondr\u00e1 en marcha a las 09:23 hs, con la PE1 Cerro Los Cabritos &#8211; Moj\u00f3n Grande I (17.73 km), para dar paso luego a las pruebas especiales de Km. 35 &#8211;&nbsp; Ruta Nacional 14 y Do\u00f1a Mar\u00eda &#8211; Ruta Provincial 225, cuya primera pasada comenzar\u00e1 a marcar el final del bucle matutino.<\/p>\n\n\n\n<p>Posteriormente, el Polideportivo Municipal de Leandro N. Alem ofrecer\u00e1 sus instalaciones para una asistencia de cuarenta minutos, en los que cada competidor podr\u00e1 reparar y\/o reajustar su veh\u00edculo, as\u00ed como tambi\u00e9n realizar posibles cambios a la hoja de ruta. M\u00e1s tarde, desde las 13:32 hs, se pondr\u00e1 en marcha el bucle vespertino, con una repetici\u00f3n por las mismas tres pruebas especiales disputadas por la ma\u00f1ana.<\/p>\n\n\n\n<p>Durante el domingo 9 de junio tendr\u00e1 lugar la \u00faltima etapa, con un total de seis pruebas especiales y&nbsp;70,98 km&nbsp;cronometrados, que al igual que el s\u00e1bado, estar\u00e1n distribuidos en dos bucles de tres tramos por cada uno, separados por una asistencia intermedia de cuarenta minutos en el Polideportivo Municipal de Leandro N. Alem.<\/p>\n\n\n\n<p>La acci\u00f3n de carrera comenzar\u00e1 a las 08:23 hs, con la PE7 Ruta 225 &#8211; Ruta Nacional 14 I (15.58 km). Luego, se disputar\u00e1n los tramos de Km. 24 &#8211; Cuatro Bocas y Costanera \u2013 Prefectura, el cual estar\u00e1 encargado de cerrar el bucle matutino. Posterior a este primer segmento, las tripulaciones afrontar\u00e1n la asistencia intermedia de mediod\u00eda.<\/p>\n\n\n\n<p>M\u00e1s tarde, a partir de las 12:42 hs, se pondr\u00e1 en marcha el bucle vespertino con una segunda recorrida por las mismas pruebas especiales matutinas. Pero, esta vez, la segunda pasada por Km. 24 &#8211; Cuatro Bocas albergar\u00e1 el Power Stage, que dar\u00e1 puntaje extra a las cinco mejores duplas de cada categor\u00eda, mientras que la PE12 &#8211; Costanera &#8211; Prefectura II definir\u00e1 a los ganadores de la competencia, a partir de las 14:18 hs.<\/p>\n\n\n\n<p>Finalmente, desde las 16:00 hs, se realizar\u00e1 la ceremonia de premiaci\u00f3n en el Polideportivo Municipal de Leandro N. Alem, donde se entregar\u00e1n los trofeos a los binomios que ocupen el podio de cada una de las categor\u00edas y copas. De igual manera, tambi\u00e9n se otorgar\u00e1n las distinciones a las tripulaciones que se alcen con el t\u00edtulo de la Copa Scorpion Pirelli, que disputar\u00e1 su cuarta y \u00faltima fecha.<\/p>\n\n\n\n<p><strong>Descarga los documentos del Rally de Misiones:<br><\/strong><a href=\"https:\/\/www.rallyargentino.com\/documentos\/05-30-24-Cronograma%20Leandro%20N.%20Alem%202024.pdf\"><strong><u>Recorrido(PDF \/ Click Aqu\u00ed)<\/u><\/strong><\/a><strong><em><u><\/u><\/em><br><\/strong><a href=\"https:\/\/www.rallyargentino.com\/documentos\/05-30-24-Programa%20Leandro%20N.%20Alem%202024-1%20(1).pdf\"><strong><u>Cronograma(PDF \/ Click Aqu\u00ed)<\/u><\/strong><\/a><strong><em><u><\/u><\/em><br><\/strong><a href=\"https:\/\/www.rallyargentino.com\/documentos\/05-30-24-Mapa%20Leandro%20N.%20Alem%202024-1%20(1).pdf\"><strong><u>Mapas (PDF\/ Click Aqu\u00ed)<\/u><\/strong><\/a><strong><em><u><\/u><\/em><br><\/strong><a href=\"https:\/\/www.rallyargentino.com\/documentos\/05-30-24-RPP%20Leandro%20N.%20Alem%202024-1.pdf\"><strong><u>R.P.P.(PDF \/ Click Aqu\u00ed)<\/u><\/strong><\/a><strong><em><u><\/u><\/em><\/strong><\/p>\n\n\n\n<p><strong>Resumen Itinerario Rally de Misiones:<br>Viernes 7 de junio<br><\/strong>13:00 a 14:30 hs &#8211; Shakedown &#8211; Av.&nbsp;V\u00e9lez Sarsfield &#8211; Ruta Provincial 4 (2.98 km) RC5 \/ RC4 \/ RC3<strong><br><\/strong>14:30 a 15:30 hs &#8211; Shakedown &#8211; Av. V\u00e9lez Sarsfield &#8211; Ruta Provincial 4 (2.98 km) RC-MR<strong><br><\/strong>15:30 a 17:00 hs &#8211; Shakedown &#8211; Av.&nbsp;V\u00e9lez Sarsfield &#8211; Ruta Provincial 4 (2.98 km) RC2<strong><br><\/strong>20:30 hs &#8211; Rampa de Largada &#8211; Plaza Central 25 de Mayo, San Javier<strong><\/strong><\/p>\n\n\n\n<p><strong>S\u00e1bado 8 de junio<br><\/strong>09:23 &#8211; PE1 &#8211; Cerro Los Cabritos &#8211; Moj\u00f3n Grande I (17.73 km)<strong><br><\/strong>10:11 &#8211; PE2 &#8211; Km. 35 &#8211;&nbsp; Ruta Nacional 14 I (8.43 km)<strong><br><\/strong>10:44 &#8211; PE3 &#8211; Do\u00f1a Mar\u00eda &#8211; Ruta Provincial 225 I (15.35 km)<strong><br><em>* Asistencia &#8211; Polideportivo Municipal Leandro N. Alem (40 min)<\/em><br><\/strong>13:32 &#8211; PE4 &#8211; Cerro Los Cabritos &#8211; Moj\u00f3n Grande II (17.73 km)<strong><br><\/strong>14:20 &#8211; PE5 &#8211; Km. 35 &#8211;&nbsp; Ruta Nacional 14 II (8.43 km)<strong><br><\/strong>14:53 &#8211; PE6 &#8211; Do\u00f1a Mar\u00eda &#8211; Ruta Provincial 225 II (15.35 km)<strong><br>Total pruebas especiales: 6<br>Total km cronometrados: 83.02<\/strong><\/p>\n\n\n\n<p><strong>Domingo 9 de junio<br><\/strong>08:23 &#8211; PE7 &#8211; Ruta 225 &#8211; Ruta Nacional 14 I (15.58 km)<strong><br><\/strong>09:11 &#8211; PE8 &#8211; Km. 24 &#8211; Cuatro Bocas I (17.06 km)<strong><br><\/strong>09:59 &#8211; PE9 &#8211; Costanera &#8211; Prefectura I (2.85 km)<strong><br><em>* Asistencia &#8211; Polideportivo Municipal Leandro N. Alem (40 min)<\/em><br><\/strong>12:42 &#8211; PE10 &#8211; Ruta 225 &#8211; Ruta Nacional 14 II (15.58 km)<strong><br><\/strong>13:30 &#8211; PE11 &#8211; Km. 24 &#8211; Cuatro Bocas II Power Stage (17.06 km)<strong><br><\/strong>14:18 &#8211; PE12 &#8211; Costanera &#8211; Prefectura II (2.85 km)<strong><br>Total pruebas especiales: 6<br>Total km cronometrados: 70.98<\/strong><\/p>\n\n\n\n<p><strong>Total pruebas especiales del rally: 12<br>Total km cronometrados del rally: 154.00<\/strong><\/p>\n\n\n\n<blockquote class=\"wp-block-quote is-layout-flow wp-block-quote-is-layout-flow\">\n<p><\/p>\n<cite>www.rallyargentino.com<\/cite><\/blockquote>\n","protected":false},"excerpt":{"rendered":"<p>El Rally de Misiones lanz\u00f3 su itinerario para la cuarta fecha del Rally Argentino Pirelli,&#8230;<\/p>\n","protected":false},"author":2,"featured_media":1622,"comment_status":"open","ping_status":"open","sticky":false,"template":"","format":"standard","meta":{"footnotes":""},"categories":[6],"tags":[],"class_list":["post-1619","post","type-post","status-publish","format-standard","has-post-thumbnail","hentry","category-automovilismo"],"featured_image_urls":{"full":["https:\/\/deportodos.com.ar\/2023\/wp-content\/uploads\/2024\/06\/IMG-20240606-WA0031.jpg",1080,1080,false],"thumbnail":["https:\/\/deportodos.com.ar\/2023\/wp-content\/uploads\/2024\/06\/IMG-20240606-WA0031-150x150.jpg",150,150,true],"medium":["https:\/\/deportodos.com.ar\/2023\/wp-content\/uploads\/2024\/06\/IMG-20240606-WA0031-300x300.jpg",300,300,true],"medium_large":["https:\/\/deportodos.com.ar\/2023\/wp-content\/uploads\/2024\/06\/IMG-20240606-WA0031-768x768.jpg",640,640,true],"large":["https:\/\/deportodos.com.ar\/2023\/wp-content\/uploads\/2024\/06\/IMG-20240606-WA0031-1024x1024.jpg",640,640,true],"1536x1536":["https:\/\/deportodos.com.ar\/2023\/wp-content\/uploads\/2024\/06\/IMG-20240606-WA0031.jpg",1080,1080,false],"2048x2048":["https:\/\/deportodos.com.ar\/2023\/wp-content\/uploads\/2024\/06\/IMG-20240606-WA0031.jpg",1080,1080,false],"covernews-featured":["https:\/\/deportodos.com.ar\/2023\/wp-content\/uploads\/2024\/06\/IMG-20240606-WA0031-1024x1024.jpg",1024,1024,true],"covernews-medium":["https:\/\/deportodos.com.ar\/2023\/wp-content\/uploads\/2024\/06\/IMG-20240606-WA0031-540x340.jpg",540,340,true]},"author_info":{"display_name":"c2530142","author_link":"https:\/\/deportodos.com.ar\/2023\/author\/c2530142\/"},"category_info":"<a href=\"https:\/\/deportodos.com.ar\/2023\/category\/automovilismo\/\" rel=\"category tag\">Automovilismo<\/a>","tag_info":"Automovilismo","comment_count":"0","_links":{"self":[{"href":"https:\/\/deportodos.com.ar\/2023\/wp-json\/wp\/v2\/posts\/1619","targetHints":{"allow":["GET"]}}],"collection":[{"href":"https:\/\/deportodos.com.ar\/2023\/wp-json\/wp\/v2\/posts"}],"about":[{"href":"https:\/\/deportodos.com.ar\/2023\/wp-json\/wp\/v2\/types\/post"}],"author":[{"embeddable":true,"href":"https:\/\/deportodos.com.ar\/2023\/wp-json\/wp\/v2\/users\/2"}],"replies":[{"embeddable":true,"href":"https:\/\/deportodos.com.ar\/2023\/wp-json\/wp\/v2\/comments?post=1619"}],"version-history":[{"count":1,"href":"https:\/\/deportodos.com.ar\/2023\/wp-json\/wp\/v2\/posts\/1619\/revisions"}],"predecessor-version":[{"id":1621,"href":"https:\/\/deportodos.com.ar\/2023\/wp-json\/wp\/v2\/posts\/1619\/revisions\/1621"}],"wp:featuredmedia":[{"embeddable":true,"href":"https:\/\/deportodos.com.ar\/2023\/wp-json\/wp\/v2\/media\/1622"}],"wp:attachment":[{"href":"https:\/\/deportodos.com.ar\/2023\/wp-json\/wp\/v2\/media?parent=1619"}],"wp:term":[{"taxonomy":"category","embeddable":true,"href":"https:\/\/deportodos.com.ar\/2023\/wp-json\/wp\/v2\/categories?post=1619"},{"taxonomy":"post_tag","embeddable":true,"href":"https:\/\/deportodos.com.ar\/2023\/wp-json\/wp\/v2\/tags?post=1619"}],"curies":[{"name":"wp","href":"https:\/\/api.w.org\/{rel}","templated":true}]}}