{"id":1703,"date":"2024-06-20T20:45:55","date_gmt":"2024-06-20T20:45:55","guid":{"rendered":"https:\/\/deportodos.com.ar\/2023\/?p=1703"},"modified":"2024-07-11T22:49:22","modified_gmt":"2024-07-11T22:49:22","slug":"continua-la-liga-federal-de-basquet","status":"publish","type":"post","link":"https:\/\/deportodos.com.ar\/2023\/continua-la-liga-federal-de-basquet\/","title":{"rendered":"CONTIN\u00daA LA LIGA FEDERAL DE BASQUET"},"content":{"rendered":"\n<p>Central Entrerriano (\u00fanico equipo entrerriano que contin\u00faa en competencia) enfrentar\u00e1 a partir de este viernes 21 a partir de las 21.00 hs, a El Talar de Bs As por la continuidad de la Liga Federal de B\u00e1squet temporada 2024. En el otro cruce se enfrentan &#x1f447;&#x1f3fb;<br>Pac\u00edfico de Neuqu\u00e9n vs Regatas de San Nicol\u00e1s<br>Los partidos revenchas se juegan el lunes 24 y de ser necesario un tercer encuentro se jugar\u00e1 al otro d\u00eda, martes 25, manteniendo la local\u00eda.<\/p>\n","protected":false},"excerpt":{"rendered":"<p>Central Entrerriano (\u00fanico equipo entrerriano que contin\u00faa en competencia) enfrentar\u00e1 a partir de este viernes&#8230;<\/p>\n","protected":false},"author":2,"featured_media":1704,"comment_status":"open","ping_status":"open","sticky":false,"template":"","format":"standard","meta":{"footnotes":""},"categories":[9],"tags":[],"class_list":["post-1703","post","type-post","status-publish","format-standard","has-post-thumbnail","hentry","category-basquet"],"featured_image_urls":{"full":["https:\/\/deportodos.com.ar\/2023\/wp-content\/uploads\/2024\/06\/IMG-20240620-WA0030.jpg",1080,1507,false],"thumbnail":["https:\/\/deportodos.com.ar\/2023\/wp-content\/uploads\/2024\/06\/IMG-20240620-WA0030-150x150.jpg",150,150,true],"medium":["https:\/\/deportodos.com.ar\/2023\/wp-content\/uploads\/2024\/06\/IMG-20240620-WA0030-215x300.jpg",215,300,true],"medium_large":["https:\/\/deportodos.com.ar\/2023\/wp-content\/uploads\/2024\/06\/IMG-20240620-WA0030-768x1072.jpg",640,893,true],"large":["https:\/\/deportodos.com.ar\/2023\/wp-content\/uploads\/2024\/06\/IMG-20240620-WA0030-734x1024.jpg",640,893,true],"1536x1536":["https:\/\/deportodos.com.ar\/2023\/wp-content\/uploads\/2024\/06\/IMG-20240620-WA0030.jpg",1080,1507,false],"2048x2048":["https:\/\/deportodos.com.ar\/2023\/wp-content\/uploads\/2024\/06\/IMG-20240620-WA0030.jpg",1080,1507,false],"covernews-featured":["https:\/\/deportodos.com.ar\/2023\/wp-content\/uploads\/2024\/06\/IMG-20240620-WA0030-1024x1429.jpg",1024,1429,true],"covernews-medium":["https:\/\/deportodos.com.ar\/2023\/wp-content\/uploads\/2024\/06\/IMG-20240620-WA0030-540x340.jpg",540,340,true]},"author_info":{"display_name":"c2530142","author_link":"https:\/\/deportodos.com.ar\/2023\/author\/c2530142\/"},"category_info":"<a href=\"https:\/\/deportodos.com.ar\/2023\/category\/basquet\/\" rel=\"category tag\">Basquet<\/a>","tag_info":"Basquet","comment_count":"0","_links":{"self":[{"href":"https:\/\/deportodos.com.ar\/2023\/wp-json\/wp\/v2\/posts\/1703","targetHints":{"allow":["GET"]}}],"collection":[{"href":"https:\/\/deportodos.com.ar\/2023\/wp-json\/wp\/v2\/posts"}],"about":[{"href":"https:\/\/deportodos.com.ar\/2023\/wp-json\/wp\/v2\/types\/post"}],"author":[{"embeddable":true,"href":"https:\/\/deportodos.com.ar\/2023\/wp-json\/wp\/v2\/users\/2"}],"replies":[{"embeddable":true,"href":"https:\/\/deportodos.com.ar\/2023\/wp-json\/wp\/v2\/comments?post=1703"}],"version-history":[{"count":1,"href":"https:\/\/deportodos.com.ar\/2023\/wp-json\/wp\/v2\/posts\/1703\/revisions"}],"predecessor-version":[{"id":1705,"href":"https:\/\/deportodos.com.ar\/2023\/wp-json\/wp\/v2\/posts\/1703\/revisions\/1705"}],"wp:featuredmedia":[{"embeddable":true,"href":"https:\/\/deportodos.com.ar\/2023\/wp-json\/wp\/v2\/media\/1704"}],"wp:attachment":[{"href":"https:\/\/deportodos.com.ar\/2023\/wp-json\/wp\/v2\/media?parent=1703"}],"wp:term":[{"taxonomy":"category","embeddable":true,"href":"https:\/\/deportodos.com.ar\/2023\/wp-json\/wp\/v2\/categories?post=1703"},{"taxonomy":"post_tag","embeddable":true,"href":"https:\/\/deportodos.com.ar\/2023\/wp-json\/wp\/v2\/tags?post=1703"}],"curies":[{"name":"wp","href":"https:\/\/api.w.org\/{rel}","templated":true}]}}