{"id":1712,"date":"2024-06-21T03:22:26","date_gmt":"2024-06-21T03:22:26","guid":{"rendered":"https:\/\/deportodos.com.ar\/2023\/?p=1712"},"modified":"2024-07-11T22:49:21","modified_gmt":"2024-07-11T22:49:21","slug":"comenzo-la-accion-en-san-jorge-con-las-pruebas-comunitarias","status":"publish","type":"post","link":"https:\/\/deportodos.com.ar\/2023\/comenzo-la-accion-en-san-jorge-con-las-pruebas-comunitarias\/","title":{"rendered":"COMENZ\u00d3 LA ACCI\u00d3N EN SAN JORGE CON LAS PRUEBAS COMUNITARIAS"},"content":{"rendered":"\n<p>El Turismo Pista dice presente en el aut\u00f3dromo de San Jorge para disputar la quinta fecha de su actual temporada. La categor\u00eda volvi\u00f3 al escenario santafesino tras visitarlo por \u00faltima vez en 2016 y hoy comenz\u00f3 con la actividad en pista, ya que se desarrollaron pruebas comunitarias para las tres divisionales.<\/p>\n\n\n\n<p>En la Clase Uno, Francisco Su\u00e1rez marc\u00f3 el rumbo de las acciones con un tiempo de 1:35.016, el cual marc\u00f3 en la primera de las tres tandas libres del d\u00eda. El oriundo de Pehuaj\u00f3 super\u00f3 por 23 mil\u00e9simas a Tom\u00e1s Vitar y por 201 a Alejandro Marcilla, mientras que Christian Becher finaliz\u00f3 cuarto, a 235 y Tom\u00e1s Bosque se ubic\u00f3 quinto, a 272.<\/p>\n\n\n\n<p>M\u00e1s atr\u00e1s culminaron Ignacio Rodr\u00edguez, Agust\u00edn Gajate, Mart\u00edn Simeoni, Ignacio Esp\u00edndola y Tom\u00e1s Ar\u00e9valo.<br>En la Clase Dos, Joaqu\u00edn Melo y su Ford Ka aparecieron en escena para llevarse lo mejor del jueves con un registro de 1:32.330, obtenido en la \u00faltima salida de la tarde. El cr\u00e9dito de Tandil aventaj\u00f3 por 31 mil\u00e9simas a Marcos Konjuh y por 187 a Alan Buccholz. En tanto, Fabi\u00e1n Mainero termin\u00f3 cuarto, a 318 y Diego Va\u00f1o complet\u00f3 el top cinco, a 321.<\/p>\n\n\n\n<p>Lucas Garro culmin\u00f3 sexto, Fernando Iglesias s\u00e9ptimo, Jos\u00e9 Luis Costamagna octavo, Pablo V\u00e1zquez noveno y Francisco Calo d\u00e9cimo.<\/p>\n\n\n\n<p>En la Clase Tres, Tom\u00e1s Mart\u00edn cerr\u00f3 la jornada con un crono de 1:29.979 y qued\u00f3 en la cima de la general. El mendocino dobleg\u00f3 por 133 mil\u00e9simas a Mart\u00edn Leston y por 233 a Federico Stieglitz, mientras que Exequiel Bastidas ocup\u00f3 el cuarto lugar, a 341 y Francisco Mart\u00ednez cerr\u00f3 el lote de vanguardia, a 425.<\/p>\n\n\n\n<p>Santiago Tambucci, Franco Villabrille, Pablo Collazo, Luciano Gonz\u00e1lez y Renzo Cerretti integraron las diez primeras posiciones del clasificador absoluto.<\/p>\n\n\n\n<p>La actividad de la quinta fecha del Turismo Pista en San Jorge continuar\u00e1 ma\u00f1ana a partir de las 9:45 con el inicio de los entrenamientos del viernes.<\/p>\n\n\n\n<blockquote class=\"wp-block-quote is-layout-flow wp-block-quote-is-layout-flow\">\n<p><\/p>\n<cite>www.aptpweb.com.ar5<\/cite><\/blockquote>\n","protected":false},"excerpt":{"rendered":"<p>El Turismo Pista dice presente en el aut\u00f3dromo de San Jorge para disputar la quinta&#8230;<\/p>\n","protected":false},"author":2,"featured_media":1713,"comment_status":"open","ping_status":"open","sticky":false,"template":"","format":"standard","meta":{"footnotes":""},"categories":[6],"tags":[],"class_list":["post-1712","post","type-post","status-publish","format-standard","has-post-thumbnail","hentry","category-automovilismo"],"featured_image_urls":{"full":["https:\/\/deportodos.com.ar\/2023\/wp-content\/uploads\/2024\/06\/Comunitarias-San-Jorge-1024x420-1.jpg",1024,420,false],"thumbnail":["https:\/\/deportodos.com.ar\/2023\/wp-content\/uploads\/2024\/06\/Comunitarias-San-Jorge-1024x420-1-150x150.jpg",150,150,true],"medium":["https:\/\/deportodos.com.ar\/2023\/wp-content\/uploads\/2024\/06\/Comunitarias-San-Jorge-1024x420-1-300x123.jpg",300,123,true],"medium_large":["https:\/\/deportodos.com.ar\/2023\/wp-content\/uploads\/2024\/06\/Comunitarias-San-Jorge-1024x420-1-768x315.jpg",640,263,true],"large":["https:\/\/deportodos.com.ar\/2023\/wp-content\/uploads\/2024\/06\/Comunitarias-San-Jorge-1024x420-1.jpg",640,263,false],"1536x1536":["https:\/\/deportodos.com.ar\/2023\/wp-content\/uploads\/2024\/06\/Comunitarias-San-Jorge-1024x420-1.jpg",1024,420,false],"2048x2048":["https:\/\/deportodos.com.ar\/2023\/wp-content\/uploads\/2024\/06\/Comunitarias-San-Jorge-1024x420-1.jpg",1024,420,false],"covernews-featured":["https:\/\/deportodos.com.ar\/2023\/wp-content\/uploads\/2024\/06\/Comunitarias-San-Jorge-1024x420-1.jpg",1024,420,false],"covernews-medium":["https:\/\/deportodos.com.ar\/2023\/wp-content\/uploads\/2024\/06\/Comunitarias-San-Jorge-1024x420-1-540x340.jpg",540,340,true]},"author_info":{"display_name":"c2530142","author_link":"https:\/\/deportodos.com.ar\/2023\/author\/c2530142\/"},"category_info":"<a href=\"https:\/\/deportodos.com.ar\/2023\/category\/automovilismo\/\" rel=\"category tag\">Automovilismo<\/a>","tag_info":"Automovilismo","comment_count":"0","_links":{"self":[{"href":"https:\/\/deportodos.com.ar\/2023\/wp-json\/wp\/v2\/posts\/1712","targetHints":{"allow":["GET"]}}],"collection":[{"href":"https:\/\/deportodos.com.ar\/2023\/wp-json\/wp\/v2\/posts"}],"about":[{"href":"https:\/\/deportodos.com.ar\/2023\/wp-json\/wp\/v2\/types\/post"}],"author":[{"embeddable":true,"href":"https:\/\/deportodos.com.ar\/2023\/wp-json\/wp\/v2\/users\/2"}],"replies":[{"embeddable":true,"href":"https:\/\/deportodos.com.ar\/2023\/wp-json\/wp\/v2\/comments?post=1712"}],"version-history":[{"count":1,"href":"https:\/\/deportodos.com.ar\/2023\/wp-json\/wp\/v2\/posts\/1712\/revisions"}],"predecessor-version":[{"id":1714,"href":"https:\/\/deportodos.com.ar\/2023\/wp-json\/wp\/v2\/posts\/1712\/revisions\/1714"}],"wp:featuredmedia":[{"embeddable":true,"href":"https:\/\/deportodos.com.ar\/2023\/wp-json\/wp\/v2\/media\/1713"}],"wp:attachment":[{"href":"https:\/\/deportodos.com.ar\/2023\/wp-json\/wp\/v2\/media?parent=1712"}],"wp:term":[{"taxonomy":"category","embeddable":true,"href":"https:\/\/deportodos.com.ar\/2023\/wp-json\/wp\/v2\/categories?post=1712"},{"taxonomy":"post_tag","embeddable":true,"href":"https:\/\/deportodos.com.ar\/2023\/wp-json\/wp\/v2\/tags?post=1712"}],"curies":[{"name":"wp","href":"https:\/\/api.w.org\/{rel}","templated":true}]}}