{"id":1739,"date":"2024-06-27T15:34:48","date_gmt":"2024-06-27T15:34:48","guid":{"rendered":"https:\/\/deportodos.com.ar\/2023\/?p=1739"},"modified":"2024-07-11T22:49:21","modified_gmt":"2024-07-11T22:49:21","slug":"se-corre-la-segunda-fecha-del-mountain-bike-en-colon","status":"publish","type":"post","link":"https:\/\/deportodos.com.ar\/2023\/se-corre-la-segunda-fecha-del-mountain-bike-en-colon\/","title":{"rendered":"SE CORRE LA SEGUNDA FECHA DEL MOUNTAIN BIKE EN COL\u00d3N"},"content":{"rendered":"\n<p>Este domingo 30 se corre la segunda fecha del Campeonato Entrerriano de Mountain bike XCO organizado por el Cicles Club Col\u00f3n y fiscalizado por Asociaci\u00f3n de Ciclismo de Monta\u00f1a de Entre R\u00edos. Las actividades est\u00e1n programadas a partir de las 11 hs<\/p>\n","protected":false},"excerpt":{"rendered":"<p>Este domingo 30 se corre la segunda fecha del Campeonato Entrerriano de Mountain bike XCO&#8230;<\/p>\n","protected":false},"author":2,"featured_media":1740,"comment_status":"open","ping_status":"open","sticky":false,"template":"","format":"standard","meta":{"footnotes":""},"categories":[37],"tags":[],"class_list":["post-1739","post","type-post","status-publish","format-standard","has-post-thumbnail","hentry","category-mountain-bike"],"featured_image_urls":{"full":["https:\/\/deportodos.com.ar\/2023\/wp-content\/uploads\/2024\/06\/IMG-20240627-WA0011.jpg",904,1280,false],"thumbnail":["https:\/\/deportodos.com.ar\/2023\/wp-content\/uploads\/2024\/06\/IMG-20240627-WA0011-150x150.jpg",150,150,true],"medium":["https:\/\/deportodos.com.ar\/2023\/wp-content\/uploads\/2024\/06\/IMG-20240627-WA0011-212x300.jpg",212,300,true],"medium_large":["https:\/\/deportodos.com.ar\/2023\/wp-content\/uploads\/2024\/06\/IMG-20240627-WA0011-768x1087.jpg",640,906,true],"large":["https:\/\/deportodos.com.ar\/2023\/wp-content\/uploads\/2024\/06\/IMG-20240627-WA0011-723x1024.jpg",640,906,true],"1536x1536":["https:\/\/deportodos.com.ar\/2023\/wp-content\/uploads\/2024\/06\/IMG-20240627-WA0011.jpg",904,1280,false],"2048x2048":["https:\/\/deportodos.com.ar\/2023\/wp-content\/uploads\/2024\/06\/IMG-20240627-WA0011.jpg",904,1280,false],"covernews-featured":["https:\/\/deportodos.com.ar\/2023\/wp-content\/uploads\/2024\/06\/IMG-20240627-WA0011.jpg",904,1280,false],"covernews-medium":["https:\/\/deportodos.com.ar\/2023\/wp-content\/uploads\/2024\/06\/IMG-20240627-WA0011-540x340.jpg",540,340,true]},"author_info":{"display_name":"c2530142","author_link":"https:\/\/deportodos.com.ar\/2023\/author\/c2530142\/"},"category_info":"<a href=\"https:\/\/deportodos.com.ar\/2023\/category\/mountain-bike\/\" rel=\"category tag\">Mountain Bike<\/a>","tag_info":"Mountain Bike","comment_count":"0","_links":{"self":[{"href":"https:\/\/deportodos.com.ar\/2023\/wp-json\/wp\/v2\/posts\/1739","targetHints":{"allow":["GET"]}}],"collection":[{"href":"https:\/\/deportodos.com.ar\/2023\/wp-json\/wp\/v2\/posts"}],"about":[{"href":"https:\/\/deportodos.com.ar\/2023\/wp-json\/wp\/v2\/types\/post"}],"author":[{"embeddable":true,"href":"https:\/\/deportodos.com.ar\/2023\/wp-json\/wp\/v2\/users\/2"}],"replies":[{"embeddable":true,"href":"https:\/\/deportodos.com.ar\/2023\/wp-json\/wp\/v2\/comments?post=1739"}],"version-history":[{"count":2,"href":"https:\/\/deportodos.com.ar\/2023\/wp-json\/wp\/v2\/posts\/1739\/revisions"}],"predecessor-version":[{"id":1746,"href":"https:\/\/deportodos.com.ar\/2023\/wp-json\/wp\/v2\/posts\/1739\/revisions\/1746"}],"wp:featuredmedia":[{"embeddable":true,"href":"https:\/\/deportodos.com.ar\/2023\/wp-json\/wp\/v2\/media\/1740"}],"wp:attachment":[{"href":"https:\/\/deportodos.com.ar\/2023\/wp-json\/wp\/v2\/media?parent=1739"}],"wp:term":[{"taxonomy":"category","embeddable":true,"href":"https:\/\/deportodos.com.ar\/2023\/wp-json\/wp\/v2\/categories?post=1739"},{"taxonomy":"post_tag","embeddable":true,"href":"https:\/\/deportodos.com.ar\/2023\/wp-json\/wp\/v2\/tags?post=1739"}],"curies":[{"name":"wp","href":"https:\/\/api.w.org\/{rel}","templated":true}]}}