{"id":1742,"date":"2024-06-27T16:23:58","date_gmt":"2024-06-27T16:23:58","guid":{"rendered":"https:\/\/deportodos.com.ar\/2023\/?p=1742"},"modified":"2024-07-11T22:49:20","modified_gmt":"2024-07-11T22:49:20","slug":"gimnasia-recibira-a-las-parejas-el-domingo","status":"publish","type":"post","link":"https:\/\/deportodos.com.ar\/2023\/gimnasia-recibira-a-las-parejas-el-domingo\/","title":{"rendered":"GIMNASIA RECIBIR\u00c1 A LAS PAREJAS EL DOMINGO"},"content":{"rendered":"\n<p>El pr\u00f3ximo domingo , Gimnasia y Esgrima volver\u00e1 a ser local en el estadio \u201cN\u00fa\u00f1ez\u201d frente a Sportivo Las Parejas, en el marco de la fecha \u00a016 del Torneo Federal \u201cA\u201d. El cotejo se jugar\u00e1 a partir de las 15:30 hs, con arbitraje de Francisco Martin Acosta, de Santiago del Estero.<\/p>\n\n\n\n<p>El Lobo viene de igualar 1 a 1 ante Defensores de Belgrano de Villa Ramallo el pasado domingo y buscar\u00e1 conseguir su primera victoria como local. Para este encuentro, si Luis Tonelotto lo dispone, podr\u00edan hacer su presentaci\u00f3n los dos refuerzos que han llegado hasta el momento , teniendo en cuenta el cupo de cuatro incorporaciones que los equipos pueden hacer en esta etapa del torneo.&nbsp; Estamos hablando del mediocampista ofensivo Johan Laureiro y del defensor Jorge Meza, quienes desde hace varias semanas vienen entrenando con el plantel menssana. Adem\u00e1s, se est\u00e1 en tratativas con un delantero, operaci\u00f3n que se podr\u00eda cerrar en los pr\u00f3ximos d\u00edas.<\/p>\n\n\n\n<p>Por su parte, Defensores de Pronunciamiento tendr\u00e1 fecha libre.<\/p>\n\n\n\n<p><strong>Programaci\u00f3n Fecha 16 \u2013 Zona 3.<\/strong><\/p>\n\n\n\n<p><strong>Domingo 30\/6.<\/strong><\/p>\n\n\n\n<p><strong>15:00 hs El Linque\u00f1o \u2013 9 de Julio (Rafaela).<\/strong><\/p>\n\n\n\n<p>\u00c1rbitro: Juan Ignacio Nebbietti (Rio Colorado).<br>Asistente 1: Hugo Fleitas (Rosario).<br>Asistente 2: Cristian Herrera (Alcorta).<br>Cuarto \u00e1rbitro: Alejo Cid (Pergamino).<\/p>\n\n\n\n<p><strong>15:30 hs Gimnasia y Esgrima \u2013 Sp. Las Parejas.<\/strong><\/p>\n\n\n\n<p>\u00c1rbitro: Francisco Martin Acosta (Santiago Del Estero).<br>Asistente 1: Luis Fernando Ortiz (Santiago Del Estero).<br>Asistente 2: Williams Ricardo Abdala (Santiago Del Estero).<br>Cuarto \u00e1rbitro: Emilio Jos\u00e9 Maguna (Santiago Del Estero).<\/p>\n\n\n\n<p><strong>15:30 hs Independiente (Chivilcoy) \u2013 Def. de Belgrano (Villa Ramallo).<\/strong><\/p>\n\n\n\n<p>\u00c1rbitro: Matias Ezequiel Billione Carpio (C\u00f3rdoba).<br>Asistente 1: Emanuel Jose Serale (C\u00f3rdoba).<br>Asistente 2: Matias Javier Gonzalez (San Francisco).<br>Cuarto \u00e1rbitro: Thomas Pasquetin (Jun\u00edn).<\/p>\n\n\n\n<p><strong>15:30 hs Douglas Haig \u2013 Sportivo Belgrano (San Francisco).<\/strong><\/p>\n\n\n\n<p>6\u00c1rbitro: Fernando Omar Marcos (Bah\u00eda Blanca)<br>Asistente 1: Leopoldo Gorosito (Colorado)<br>Asistente 2: Emiliano Nicolas Bustos (Colorado)<br>Cuarto \u00e1rbitro: Bruno Pezzotta (Alcorta)<\/p>\n\n\n\n<blockquote class=\"wp-block-quote is-layout-flow wp-block-quote-is-layout-flow\">\n<p><\/p>\n<cite>www.lacalle.com.ar<\/cite><\/blockquote>\n","protected":false},"excerpt":{"rendered":"<p>El pr\u00f3ximo domingo , Gimnasia y Esgrima volver\u00e1 a ser local en el estadio \u201cN\u00fa\u00f1ez\u201d&#8230;<\/p>\n","protected":false},"author":2,"featured_media":1743,"comment_status":"open","ping_status":"open","sticky":false,"template":"","format":"standard","meta":{"footnotes":""},"categories":[36],"tags":[],"class_list":["post-1742","post","type-post","status-publish","format-standard","has-post-thumbnail","hentry","category-futbol"],"featured_image_urls":{"full":["https:\/\/deportodos.com.ar\/2023\/wp-content\/uploads\/2024\/06\/Gimn1-7-1068x642-1.webp",800,481,false],"thumbnail":["https:\/\/deportodos.com.ar\/2023\/wp-content\/uploads\/2024\/06\/Gimn1-7-1068x642-1-150x150.webp",150,150,true],"medium":["https:\/\/deportodos.com.ar\/2023\/wp-content\/uploads\/2024\/06\/Gimn1-7-1068x642-1-300x180.webp",300,180,true],"medium_large":["https:\/\/deportodos.com.ar\/2023\/wp-content\/uploads\/2024\/06\/Gimn1-7-1068x642-1-768x462.webp",640,385,true],"large":["https:\/\/deportodos.com.ar\/2023\/wp-content\/uploads\/2024\/06\/Gimn1-7-1068x642-1.webp",640,385,false],"1536x1536":["https:\/\/deportodos.com.ar\/2023\/wp-content\/uploads\/2024\/06\/Gimn1-7-1068x642-1.webp",800,481,false],"2048x2048":["https:\/\/deportodos.com.ar\/2023\/wp-content\/uploads\/2024\/06\/Gimn1-7-1068x642-1.webp",800,481,false],"covernews-featured":["https:\/\/deportodos.com.ar\/2023\/wp-content\/uploads\/2024\/06\/Gimn1-7-1068x642-1.webp",800,481,false],"covernews-medium":["https:\/\/deportodos.com.ar\/2023\/wp-content\/uploads\/2024\/06\/Gimn1-7-1068x642-1-540x340.webp",540,340,true]},"author_info":{"display_name":"c2530142","author_link":"https:\/\/deportodos.com.ar\/2023\/author\/c2530142\/"},"category_info":"<a href=\"https:\/\/deportodos.com.ar\/2023\/category\/futbol\/\" rel=\"category tag\">Futbol<\/a>","tag_info":"Futbol","comment_count":"0","_links":{"self":[{"href":"https:\/\/deportodos.com.ar\/2023\/wp-json\/wp\/v2\/posts\/1742","targetHints":{"allow":["GET"]}}],"collection":[{"href":"https:\/\/deportodos.com.ar\/2023\/wp-json\/wp\/v2\/posts"}],"about":[{"href":"https:\/\/deportodos.com.ar\/2023\/wp-json\/wp\/v2\/types\/post"}],"author":[{"embeddable":true,"href":"https:\/\/deportodos.com.ar\/2023\/wp-json\/wp\/v2\/users\/2"}],"replies":[{"embeddable":true,"href":"https:\/\/deportodos.com.ar\/2023\/wp-json\/wp\/v2\/comments?post=1742"}],"version-history":[{"count":1,"href":"https:\/\/deportodos.com.ar\/2023\/wp-json\/wp\/v2\/posts\/1742\/revisions"}],"predecessor-version":[{"id":1744,"href":"https:\/\/deportodos.com.ar\/2023\/wp-json\/wp\/v2\/posts\/1742\/revisions\/1744"}],"wp:featuredmedia":[{"embeddable":true,"href":"https:\/\/deportodos.com.ar\/2023\/wp-json\/wp\/v2\/media\/1743"}],"wp:attachment":[{"href":"https:\/\/deportodos.com.ar\/2023\/wp-json\/wp\/v2\/media?parent=1742"}],"wp:term":[{"taxonomy":"category","embeddable":true,"href":"https:\/\/deportodos.com.ar\/2023\/wp-json\/wp\/v2\/categories?post=1742"},{"taxonomy":"post_tag","embeddable":true,"href":"https:\/\/deportodos.com.ar\/2023\/wp-json\/wp\/v2\/tags?post=1742"}],"curies":[{"name":"wp","href":"https:\/\/api.w.org\/{rel}","templated":true}]}}