{"id":1768,"date":"2024-07-02T10:19:07","date_gmt":"2024-07-02T10:19:07","guid":{"rendered":"https:\/\/deportodos.com.ar\/2023\/?p=1768"},"modified":"2024-07-11T22:49:20","modified_gmt":"2024-07-11T22:49:20","slug":"5ta-fecha-del-enduroncross-entrerriano","status":"publish","type":"post","link":"https:\/\/deportodos.com.ar\/2023\/5ta-fecha-del-enduroncross-entrerriano\/","title":{"rendered":"5TA FECHA DEL ENDURONCROSS ENTRERRIANO"},"content":{"rendered":"\n<p><br>PASO LA 5ta. FECHA EN VILLA SAN JUSTO CON MAS DE 80 PILOTOS Y ANTE BUEN MARCO DE PUBLICO SE VIVI\u00d3 UN EXELENTE ESPECT\u00c1CULO. JONATHAN FRANCOU RETORNANDO A LAS PISTAS SE QUED\u00d3 CON LA CATEGOR\u00cdA PRINCIP\u00c1L Y CRISTIAN BAUER SE IMPUSO EN EXPERTOS \u201cA\u201d \u2026DETACADAS ACTUACIONES DE LOS PILOTOS DE LA ZONA Y TAMBI\u00c9N LOS URUGUAYOS <\/p>\n\n\n\n<p>Se cumpli\u00f3 entre s\u00e1bado y domingo 29 y 30 de Junio la 5ta. Fecha del Certamen Entrerriano de Endurocroos , en el circuito \u00a8La Meli \u00a8 de Villa San Justo, Dpto. Uruguay en buenas condiciones con algunas mejoras respecto del mismo utilizado en la Apertura del Torneo de la presente temporada y ante buena concurrencia de p\u00fablico que disfrutaron de mangas muy entretenidas . Con m\u00e1s de 80 protagonistas , entre ellos uruguayos como tambi\u00e9n de distintos puntos de Entre Rios, Santa Fe y Buenos Aires. El ganador de la Cat. Seniors Open result\u00f3 Jonathan Francou de Caseros retornando al Endurocross luego de varios a\u00f1os sin competir, lo escoltaron en gran labor Carlos \u201cChipi\u201d Fraga corriendo de local y el juvenil Sebasti\u00e1n Chappuis (1\u00b0 de la \u201cB\u201d).Este \u00faltimo result\u00f3 ganador tambi\u00e9n en la competitiva Juniors Open .En Expertos \u201cA\u201d victoria para Cristian Bauer de Aldea San Antonio, en tanto el local Ernesto Eckerd prevaleci\u00f3 en la numerosa Junios Limitada. Por su parte Adri\u00e1n Mart\u00ednez de Diamante se qued\u00f3 con la Cat. Expertos \u201cC\u201d (vieja generaci\u00f3n) y Alejandro L\u00f3pez de Paran\u00e1 triunf\u00f3 en la Master \u201cA\u201d, Pablo Brem de Villa Elisa pudo ser el m\u00e1s afectivo en la Master \u201cB\u201d. Mientras tanto el Uruguayo de Paysand\u00fa, el legendario Esteban Chappuis domin\u00f3 la Masters \u00a8 C \u00a8, en tanto en la Cat. Enduro calle victoria para Alejandro Rasello de Herrera. En Principiantes otro local Joel Eckerdt logr\u00f3 el triunfo. La pr\u00f3xima fecha est\u00e1 por calendario para los d\u00edas 3 y 4 de Agosto y el lugar ser\u00e1 confirmado en las pr\u00f3ximas horas.-<\/p>\n\n\n\n<p>RESULTADOS GENERALES<br>5ta. FECHA CERTAMEN ENTRERRIANO DE ENDUROCROSS<br>EN VILLA SAN JUSTO \u2013 Dpto. URUGUAY \u2013 29 y 30 DE JUNIO DE 2024 &#8211;<br>Circuito: \u201d La Meli\u201d- Organiz\u00f3 : Agrupaci\u00f3n \u201cLa Meli\u201d y Bomberos Voluntarios San Justo<br>Auspiciaron: Municipalidad de San Justo y Municipalidad de Caseros.-<br>Fiscaliz\u00f3 APEMA-<\/p>\n\n\n\n<p>CATEGOR\u00cdA SENIORS OPEN. \u201cA\u201d y \u201cB<br>1\u00b0- Jonathan Francou \u2013 Caseros \u2013 CRF 450<br>2\u00b0- Carlos Fraga- V. san Justo \u2013YZ 250<br>3\u00b0- Sebasti\u00e1n Chappuis &#8211; Paysand\u00fa \u2013CRF 250(1\u00b0 \u201cB\u201d)<br>4\u00b0- Cristian Bauer- A. San Antonio- CRF 250<br>5\u00b0- Juan M. Arribillaga -Gualeguay- CRF 450- (2\u00b0 \u201cB\u201d)<br>6\u00b0- Pablo Brem \u2013Villa Elisa- CRF 250 (3\u00b0 B)<br>7\u00b0- Gast\u00f3n Gange- 1\u00b0 de Mayo \u2013 KXF 250 (4\u00b0 B)<br>8\u00b0- Sebasti\u00e1n Gange-1\u00b0 de Mayo \u2013YZF 250 (5\u00b0 B)<br>9\u00b0- Bruno Muller-A.SanAntonio- Suzuki RMZ 450(6\u00b0 B)<br>10\u00b0-Esteban Chappuis \u2013Paysandu \u2013CRF 250 (7\u00b0 B)<br>11\u00b0- Alejandro L\u00f3pez- Paran\u00e1 \u2013YZF 450<br>12\u00b0- Federico Bogue- Gualeguay \u2013KXF 250 (8\u00b0 B)<br>13 &#8211; Mateo Lopepe \u2013Paysand\u00fa \u2013 KXF 250 (9\u00b0 B)<br>14\u00b0- Gerardo Campodonico- Gualeguay \u2013CRF 450(10\u00b0 B)<br>15\u00b0- Gustavo Guinsel \u2013Concordia- KXF 250 (11\u00b0 B)<br>16\u00b0- Diego Elola-Paysand\u00fa- KXF 250(B)<br>17\u00b0- Daniel Alfaro \u2013 Paysand\u00fa- KTM 350 (B)<br>18\u00b0- Fernando Benedetti \u2013 Gualeguay- KXF 250 (B)<br>19\u00b0- Rodrigo Barrios \u2013 Gualeguay \u2013 YZ 125 (B)<\/p>\n\n\n\n<p>EXPERTOS \u201cA\u201d.-<br>1\u00b0- Cristian Bauer- A.San Antonio \u2013CRF 250<br>2\u00b0- Cristian Frene- C. del Uruguay\u2013 CRF 250<br>3\u00b0- Kevin Braidotti- Serodino- KXF 250<br>4\u00b0- Federico Bogue-Gualeguay- KXF 250<\/p>\n\n\n\n<p>CATEGOR\u00cdA JUNIORS OPEN .<br>1\u00b0- Sebastian Chappuis-Paysand\u00fa- CRF 250<br>2\u00b0- Mateo Lopepe- Paysand\u00fa \u2013KXF 250<br>3\u00b0- Bruno Muller- A.San Antonio \u2013RMZ 450<br>4\u00b0- Sebasti\u00e1n Gange-1\u00b0 de Mayo \u2013 YZF 250<br>5\u00b0- Mat\u00edas Alzura \u2013P\u00e9rez Mill\u00e1n \u2013CRF 250<br>6\u00b0- Mart\u00edn Lopepe- Paysand\u00fa- KXF 250<br>7\u00b0- Daian Schvindt \u2013Lucas Gonz\u00e1lez \u2013CRF 250<br>8\u00b0- Juan Pablo Racigh-Villa San Justo \u2013YZF 450<br>9\u00b0- Enzo Modernell \u2013Paysand\u00fa- KXF 250<br>10\u00b0- Alejandro Francou- Caseros \u2013KXF 250<br>11\u00b0- Ramiro Cuirolo- Perez Mill\u00e1n \u2013CRF 450<br>12\u00b0- Kevin Braidotti- Serodino- KXF 250<br>13\u00b0- Agust\u00edn Montefinale-C. del Uruguay-YZ 250<br>14\u00b0- Joel Eckerdt \u2013Villa San Justo \u2013CRF 450<br>15\u00b0- Facundo Casagrande-Gualeguay-YZF 250<br>16\u00b0- Fernando Benedetti-Gualeguay- KXF 250<br>17\u00b0- Denis Benedetti- Gualeguay- KXF 250<\/p>\n\n\n\n<p>CAT. EXPERTOS 125 cc<br>1\u00b0- Rodrigo Barrios- Gualeguay\u2013 YZ 125<br>2\u00b0- Franco Dening-Valle Mar\u00eda \u2013YZ 125<br>3\u00b0- Ignacio Irrazabal Lima-Paysand\u00fa \u2013YZ 125<br>4\u00b0- C\u00e9sar Guiffrey-Villa Elisa- YZ 125<br>5\u00b0- Gast\u00f3n Gange- 1\u00b0 de Mayo \u2013 YZ 125<\/p>\n\n\n\n<p>CATEGOR\u00cdA JUNIORS LIMITADA<br>1\u00b0- Ernesto Eckerdt \u2013Villa San Justo \u2013CRF 450<br>2\u00b0- Juan Pablo Racigh-Villa San Justo- YZF 450<br>3\u00b0- Emiliano Kranevitter- Valle Mar\u00eda \u2013Tornado 250<br>4\u00b0- Sergio A\u00f1asco \u2013Paysand\u00fa- Husqvarna 250<br>5\u00b0- Franco Denning- Valle Mar\u00eda- YZ 125<br>6\u00b0- Mart\u00edn Lopepe- Paysand\u00fa- KXF 250<br>7\u00b0-Andr\u00e9 Darricarrere-Paysand\u00fa \u2013YZ 125<br>8\u00b0- Enzo Modernell \u2013Paysand\u00fa \u2013 KXF 250<br>9\u00b0- Sebasti\u00e1n S\u00e1nchez- Gualeguay-Husqvarna 250<br>10\u00b0- Alejandro Felli- Santa F\u00e9- KXF 250<br>11\u00b0- Agust\u00edn Alfonzo \u2013C. del Uruguay-Tornado 250<br>12\u00b0- Daian Schvindt- Lucas Gonzalez \u2013 CRF 250<br>13\u00b0- Facundo Casagrande- Gualeguay- YZF 250<br>14\u00b0- Ivan Perr\u00f3n \u2013 Caseros \u2013Beta 300<br>15\u00b0- Alejandro Francou- Caseros- KXF 250<br>16\u00b0- Gonzalo Truffer- Paran\u00e1 \u2013 YZF 250<br>17\u00b0- Mat\u00edas Ballardini \u2013Caseros- Tornado 250<br>18\u00b0- Alfredo Strauch- Diamante \u2013KXF 250<br>19\u00b0- Benjam\u00edn Campod\u00f3nico \u2013Gualeguay- CRF 250<br>20\u00b0- Francisco Fern\u00e1ndez- C. del Uruguay-Beta 300<br>21\u00b0- Ivan Bonet- Santa F\u00e9- Tornado 250<br>22\u00b0- Alejandro Rasello \u2013Herrera \u2013Tornado 250<br>23\u00b0- Agust\u00edn Baumert- Santa F\u00e9 \u2013Tornado 250<br>24\u00b0- Juan Beber- Viale \u2013 CRF 250<br>25\u00b0- Denis Benedetti \u2013 Gualeguay- KXF 250<\/p>\n\n\n\n<p>CATEGOR\u00cdA EXPERTOS \u201cC\u201d<br>1\u00b0- Adri\u00e1n Mart\u00ednez \u2013Diamante -CR 125<br>2\u00b0- Leonel Reyes- C, del Uruguay- KDX 200<br>3\u00b0- Agust\u00edn Hengenreter -Gualeguaychu-KDX 200<br>4\u00b0- Ram\u00f3n Biani \u2013Paran\u00e1 \u2013Honda XLX 250<\/p>\n\n\n\n<p>CATEGOR\u00cdA MASTERS \u00a8A\u00a8<br>1\u00b0- Alejandro L\u00f3pez- Paran\u00e1 \u2013YZF 450<br>2\u00b0- Daniel Alfaro \u2013Paysand\u00fa- KTM 350<br>3\u00b0- Cristian Frene \u2013C. del Uruguay- CRF 250<br>4\u00b0- Sergio A\u00f1asco- Paysand\u00fa- Husqvarna 250<br>5\u00b0- Ramiro Cuirolo \u2013 P\u00e9rez Mill\u00e1n- CRF 450<br>6\u00b0- Adri\u00e1n Mart\u00ednez- Diamante \u2013 CR 125<br>7\u00b0- Emilio Colo- Colonia (R.O.U)- TXM 250<\/p>\n\n\n\n<p>CATEGOR\u00cdA MASTERS \u00a8B\u00a8<br>1\u00b0- Pablo Brem- Villa Elisa \u2013 CRF 250<br>2\u00b0- Sebasti\u00e1n Iregui- Gualeguaych\u00fa- CR 250<br>3\u00b0- Mat\u00edas Alzura- P\u00e9rez Mill\u00e1n \u2013CRF 250<br>4\u00b0- Pablo Ignacio Acevedo-Gch\u00fa- RMZ 450<br>5\u00b0- Alejandro Felli- Santa F\u00e9- KXF 250<br>6\u00b0- Federico Bogue \u2013Gualeguay- KXF 250<\/p>\n\n\n\n<p>CATEGOR\u00cdA MASTERS \u00a8C\u00a8<br>1\u00b0- Esteban Chappuis \u2013 Paysandu (ROU) \u2013 CRF 250<br>2\u00b0- Diego Elola- Paysand\u00fa- KXF 250<br>3\u00b0- Gerardo Campod\u00f3nico-Gualeguay-CRF 450<br>4\u00b0- Omar Amoroso-C. del Uruguay- YZF 250<br>5\u00b0- Gustavo Guinsel \u2013Concordia- KXF 250<br>6\u00b0- Leonardo Ballay- Col\u00f3n-CRF 230<br>7\u00b0- Fabi\u00e1n Villalba- Federal- KTM 250<br>8\u00b0- Diego Morressi-Paran\u00e1 \u2013YZF 250<br>9\u00b0- Oscar Gonz\u00e1lez \u2013 San Lorenzo- YZ 125<br>10\u00b0- Fernando Villagra-Paran\u00e1 -Tornado 250<br>11\u00b0- Jos\u00e9 Warnes \u2013Concordia \u2013KLX 250<br>12\u00b0- Mart\u00edn Jalma \u2013 Paysand\u00fa- CRF 250<\/p>\n\n\n\n<p>CATEGOR\u00cdA PRINCIPIANTES (sin puntaje)<br>1\u00b0- Joel Ekerdt \u2013Villa San Justo \u2013 CRF 450<br>2\u00b0- Andre Darriacarrere \u2013 Paysand\u00fa \u2013 YZ 125<br>3\u00b0- Francisco Fern\u00e1ndez- C. del Uruguay \u2013Beta 300<br>4\u00b0- Alfredo Strauch-Diamante \u2013KXF 250<br>5\u00b0- Sebasti\u00e1n S\u00e1nchez- Gualeguay- Husqvarna 250<br>6\u00b0- Juan Cruz Dusso \u2013 P\u00e9rez Mill\u00e1n \u2013KXF 250<br>7\u00b0- Iv\u00e1n Perr\u00f3n- Caseros \u2013 Beta 300<br>8\u00b0- Leonel Reyes- C. del Uruguay- KDX 200<br>9\u00b0- Ignacio Irrazabal Lima \u2013 Paysand\u00fa \u2013 Husqvarna 125<br>10\u00b0- Gonzalo Truffer- Paran\u00e1 \u2013YZF 250<br>11\u00b0- Nelson Michelena- Colonia (ROU)TXM 250<br>12\u00b0- Max Morressi \u2013Paran\u00e1 \u2013 YZF 250<br>13\u00b0- Juan Beber \u2013 Viale \u2013 CRF 250<br>14\u00b0- Ramiro Schon- Gualeguay \u2013 Tornado 250<br>15\u00b0- Agust\u00edn Bustamante \u2013Federal- YZ 125<br>16\u00b0- C\u00e9sar Guiffrey \u2013 Villa Elisa- YZ 125<br>17\u00b0- Benjam\u00edn Campod\u00f3nico-Gualeguay-CRF 250<br>18\u00b0- Iv\u00e1n Bonet- Santa F\u00e9- Tornado<br>19\u00b0- Daniel Bozzani- Gguay- GRF 250<br>20\u00b0- Valent\u00edn Fumaneri &#8211; Gguay- GRF 250<br>21\u00b0- Ram\u00f3n Biani \u2013Paran\u00e1- YZ 250<br>22\u00b0- Juan Pablo Lahigorri- San Justo \u2013 CR 125<\/p>\n\n\n\n<p>CATEGOR\u00cdA ENDURO CALLE<br>1\u00b0- Alejandro Rasello- Herrera \u2013 Tornado 250<br>2\u00b0- Emiliano Kranevitter-Valle Mar\u00eda \u2013Tornado 250<br>3\u00b0- Agust\u00edn Alfonso-C. del Uruguay- Tornado 250<br>4\u00b0- Emilio Colo- Colonia (R.O.U.)-TXM 250<br>5\u00b0- Facundo Mihlnikel \u2013Pueblo Liebig- Tornado 250<br>6\u00b0-Fernando Ballardini \u2013Caseros- Tornado 250<br>7\u00b0-Nelson Michelena- Colonia(R.O.U.)-TXM 250<br>8\u00b0-Marcos Bonv\u00edn \u2013 Col\u00f3n- CRF 230<br>9\u00b0-Rodrigo De Zan \u2013Gualeguay \u2013 RVM 250<br>10\u00b0-Valent\u00edn Fumaneri-Gualeguay-GRF 250<br>11\u00b0-Ivan Bonet \u2013Santa Fe- Tornado 250<br>12\u00b0-Juan Woeffray-C. del Uruguay-Tornado 250<br>13\u00b0- Ramiro Schon \u2013Gualeguay-Tornado 250<br>14\u00b0-Agust\u00edn Baumert- Santa F\u00e9- Tornado 250<br>15\u00b0-Daniel Bozzani \u2013Gualeguay-GRF 250<\/p>\n\n\n\n<p>Mini enduro \u2013(Exibici\u00f3n)<br>Valentino Bogue \u2013 Gualeguay<br>Facundo Vande Boshe \u2013Herrera<br>Joaquina Truffer -Paran\u00e1<\/p>\n\n\n\n<p>Info: Apema prensa<br>Fotos: Sof\u00eda Galv\u00e1n \u2013 Marisa Segovia<\/p>\n","protected":false},"excerpt":{"rendered":"<p>PASO LA 5ta. FECHA EN VILLA SAN JUSTO CON MAS DE 80 PILOTOS Y ANTE&#8230;<\/p>\n","protected":false},"author":2,"featured_media":1769,"comment_status":"open","ping_status":"open","sticky":false,"template":"","format":"standard","meta":{"footnotes":""},"categories":[20],"tags":[],"class_list":["post-1768","post","type-post","status-publish","format-standard","has-post-thumbnail","hentry","category-enduro"],"featured_image_urls":{"full":["https:\/\/deportodos.com.ar\/2023\/wp-content\/uploads\/2024\/07\/FB_IMG_1719915532785.jpg",1080,717,false],"thumbnail":["https:\/\/deportodos.com.ar\/2023\/wp-content\/uploads\/2024\/07\/FB_IMG_1719915532785-150x150.jpg",150,150,true],"medium":["https:\/\/deportodos.com.ar\/2023\/wp-content\/uploads\/2024\/07\/FB_IMG_1719915532785-300x199.jpg",300,199,true],"medium_large":["https:\/\/deportodos.com.ar\/2023\/wp-content\/uploads\/2024\/07\/FB_IMG_1719915532785-768x510.jpg",640,425,true],"large":["https:\/\/deportodos.com.ar\/2023\/wp-content\/uploads\/2024\/07\/FB_IMG_1719915532785-1024x680.jpg",640,425,true],"1536x1536":["https:\/\/deportodos.com.ar\/2023\/wp-content\/uploads\/2024\/07\/FB_IMG_1719915532785.jpg",1080,717,false],"2048x2048":["https:\/\/deportodos.com.ar\/2023\/wp-content\/uploads\/2024\/07\/FB_IMG_1719915532785.jpg",1080,717,false],"covernews-featured":["https:\/\/deportodos.com.ar\/2023\/wp-content\/uploads\/2024\/07\/FB_IMG_1719915532785-1024x680.jpg",1024,680,true],"covernews-medium":["https:\/\/deportodos.com.ar\/2023\/wp-content\/uploads\/2024\/07\/FB_IMG_1719915532785-540x340.jpg",540,340,true]},"author_info":{"display_name":"c2530142","author_link":"https:\/\/deportodos.com.ar\/2023\/author\/c2530142\/"},"category_info":"<a href=\"https:\/\/deportodos.com.ar\/2023\/category\/enduro\/\" rel=\"category tag\">Enduro<\/a>","tag_info":"Enduro","comment_count":"0","_links":{"self":[{"href":"https:\/\/deportodos.com.ar\/2023\/wp-json\/wp\/v2\/posts\/1768","targetHints":{"allow":["GET"]}}],"collection":[{"href":"https:\/\/deportodos.com.ar\/2023\/wp-json\/wp\/v2\/posts"}],"about":[{"href":"https:\/\/deportodos.com.ar\/2023\/wp-json\/wp\/v2\/types\/post"}],"author":[{"embeddable":true,"href":"https:\/\/deportodos.com.ar\/2023\/wp-json\/wp\/v2\/users\/2"}],"replies":[{"embeddable":true,"href":"https:\/\/deportodos.com.ar\/2023\/wp-json\/wp\/v2\/comments?post=1768"}],"version-history":[{"count":1,"href":"https:\/\/deportodos.com.ar\/2023\/wp-json\/wp\/v2\/posts\/1768\/revisions"}],"predecessor-version":[{"id":1770,"href":"https:\/\/deportodos.com.ar\/2023\/wp-json\/wp\/v2\/posts\/1768\/revisions\/1770"}],"wp:featuredmedia":[{"embeddable":true,"href":"https:\/\/deportodos.com.ar\/2023\/wp-json\/wp\/v2\/media\/1769"}],"wp:attachment":[{"href":"https:\/\/deportodos.com.ar\/2023\/wp-json\/wp\/v2\/media?parent=1768"}],"wp:term":[{"taxonomy":"category","embeddable":true,"href":"https:\/\/deportodos.com.ar\/2023\/wp-json\/wp\/v2\/categories?post=1768"},{"taxonomy":"post_tag","embeddable":true,"href":"https:\/\/deportodos.com.ar\/2023\/wp-json\/wp\/v2\/tags?post=1768"}],"curies":[{"name":"wp","href":"https:\/\/api.w.org\/{rel}","templated":true}]}}