{"id":1774,"date":"2024-07-03T21:57:48","date_gmt":"2024-07-03T21:57:48","guid":{"rendered":"https:\/\/deportodos.com.ar\/2023\/?p=1774"},"modified":"2024-07-11T22:48:42","modified_gmt":"2024-07-11T22:48:42","slug":"entre-rios-celebro-el-mes-olimpico","status":"publish","type":"post","link":"https:\/\/deportodos.com.ar\/2023\/entre-rios-celebro-el-mes-olimpico\/","title":{"rendered":"ENTRE R\u00cdOS CELEBR\u00d3 EL MES OL\u00cdMPICO"},"content":{"rendered":"\n<p>La provincia de Entre R\u00edos festej\u00f3 el Mes Ol\u00edmpico con actividades organizadas por el Centro de Acciones Ol\u00edmpicas&nbsp;\u00abJose Benjamin Zubiaur\u00bb, las Direcciones de Deportes de la Provincia de Entre R\u00edos, las escuelas y los Centros de Educaci\u00f3n F\u00edsica (CEF) que promueven los valores ol\u00edmpicos amistad, respeto y excelencia al tiempo que fortalecen la relaci\u00f3n entre el deporte y la educaci\u00f3n.<\/p>\n\n\n\n<p>En el Centro de Educaci\u00f3n&nbsp;F\u00edsica N\u00b0 3 \u00abMario La Nasa\u00bb, en el Club Parque Sur y en la peatonal de Concepci\u00f3n del Uruguay se realizaron actividades para promover la difusi\u00f3n de&nbsp;los Valores Ol\u00edmpicos que merced a la firma del Convenio entre el COA y el Consejo General de Educaci\u00f3n se encuentran incluidos en la curr\u00edcula escolar. M\u00e1s de 2000 j\u00f3venes participaron en encuentros recreativos de voleibol, b\u00e1squet&nbsp;3&#215;3, deporte integrado (adaptado), atletismo, ajedrez, handball y juegos de habilidades motoras.<\/p>\n\n\n\n<p>En el N\u00ba 2 Luis Mac Kay, de Gualeguay, se le realiz\u00f3 un homenaje al profesor Sergio Alfonsini, entrenador de atletismo en los Juegos Ol\u00edmpicos de Beijing 2008 donde port\u00f3 la antorcha ol\u00edmpica ante la presencia de estudiantes de las escuelas de esa localidad.<\/p>\n\n\n\n<p>En el CEF N\u00ba 33 de Villa Clara, se efectu\u00f3 una jornada de capacitaci\u00f3n y charla de reanimaci\u00f3n cardiorrespiratoria (RCP) y primeros auxilios en el taller de Adultos Mayores.<\/p>\n\n\n\n<p>En el CEF N\u00ba 22 Rosa Cardozo, de La Paz, tuvo lugar una Jornada Ol\u00edmpica para ni\u00f1os de nivel Inicial.<\/p>\n\n\n\n<p>El CEF N\u00ba 35 Profesor Juan Leonardo Etchart, de Victoria, fue sede de una jornada deportiva que convoc\u00f3 a las escuelas de la zona.<\/p>\n\n\n\n<p>La ciudad de Col\u00f3n se sum\u00f3 por primera vez a estos festejos y all\u00ed se desarrollaron actividades en las instalaciones del \u00abParque Herminio Quiros\u00bb donde 500 chicos intervinieron en forma recreativa y formativa.<\/p>\n\n\n\n<p>Las localidades de Feliciano, Villaguay y Concordia realizaron marchas alusivas.&nbsp;<\/p>\n\n\n\n<p>Mientras que qued\u00f3 pendiente la actividad en la ciudad de La Paz, donde organizado por el Rotary Club, se tendr\u00e1n&nbsp;charlas sobre Valores Ol\u00edmpicos, sostenibilidad en el deporte y deporte y medio ambiente.<\/p>\n\n\n\n<p>En todas estas actividades se entregaron los certificados de participaci\u00f3n, como as\u00ed tambi\u00e9n\u00a0medallas aleg\u00f3ricas\u00a0confeccionadas en materiales\u00a0reciclados.<\/p>\n\n\n\n<blockquote class=\"wp-block-quote is-layout-flow wp-block-quote-is-layout-flow\">\n<p><\/p>\n<cite>www.coarg.org.ar<\/cite><\/blockquote>\n","protected":false},"excerpt":{"rendered":"<p>La provincia de Entre R\u00edos festej\u00f3 el Mes Ol\u00edmpico con actividades organizadas por el Centro&#8230;<\/p>\n","protected":false},"author":2,"featured_media":1775,"comment_status":"open","ping_status":"open","sticky":false,"template":"","format":"standard","meta":{"footnotes":""},"categories":[1],"tags":[],"class_list":["post-1774","post","type-post","status-publish","format-standard","has-post-thumbnail","hentry","category-sin-categoria"],"featured_image_urls":{"full":["https:\/\/deportodos.com.ar\/2023\/wp-content\/uploads\/2024\/07\/9a750c2e1b24281cde38c9c967fd8dd2_L.jpg",300,240,false],"thumbnail":["https:\/\/deportodos.com.ar\/2023\/wp-content\/uploads\/2024\/07\/9a750c2e1b24281cde38c9c967fd8dd2_L-150x150.jpg",150,150,true],"medium":["https:\/\/deportodos.com.ar\/2023\/wp-content\/uploads\/2024\/07\/9a750c2e1b24281cde38c9c967fd8dd2_L.jpg",300,240,false],"medium_large":["https:\/\/deportodos.com.ar\/2023\/wp-content\/uploads\/2024\/07\/9a750c2e1b24281cde38c9c967fd8dd2_L.jpg",300,240,false],"large":["https:\/\/deportodos.com.ar\/2023\/wp-content\/uploads\/2024\/07\/9a750c2e1b24281cde38c9c967fd8dd2_L.jpg",300,240,false],"1536x1536":["https:\/\/deportodos.com.ar\/2023\/wp-content\/uploads\/2024\/07\/9a750c2e1b24281cde38c9c967fd8dd2_L.jpg",300,240,false],"2048x2048":["https:\/\/deportodos.com.ar\/2023\/wp-content\/uploads\/2024\/07\/9a750c2e1b24281cde38c9c967fd8dd2_L.jpg",300,240,false],"covernews-featured":["https:\/\/deportodos.com.ar\/2023\/wp-content\/uploads\/2024\/07\/9a750c2e1b24281cde38c9c967fd8dd2_L.jpg",300,240,false],"covernews-medium":["https:\/\/deportodos.com.ar\/2023\/wp-content\/uploads\/2024\/07\/9a750c2e1b24281cde38c9c967fd8dd2_L.jpg",300,240,false]},"author_info":{"display_name":"c2530142","author_link":"https:\/\/deportodos.com.ar\/2023\/author\/c2530142\/"},"category_info":"<a href=\"https:\/\/deportodos.com.ar\/2023\/category\/sin-categoria\/\" rel=\"category tag\">Sin categor\u00eda<\/a>","tag_info":"Sin categor\u00eda","comment_count":"0","_links":{"self":[{"href":"https:\/\/deportodos.com.ar\/2023\/wp-json\/wp\/v2\/posts\/1774","targetHints":{"allow":["GET"]}}],"collection":[{"href":"https:\/\/deportodos.com.ar\/2023\/wp-json\/wp\/v2\/posts"}],"about":[{"href":"https:\/\/deportodos.com.ar\/2023\/wp-json\/wp\/v2\/types\/post"}],"author":[{"embeddable":true,"href":"https:\/\/deportodos.com.ar\/2023\/wp-json\/wp\/v2\/users\/2"}],"replies":[{"embeddable":true,"href":"https:\/\/deportodos.com.ar\/2023\/wp-json\/wp\/v2\/comments?post=1774"}],"version-history":[{"count":1,"href":"https:\/\/deportodos.com.ar\/2023\/wp-json\/wp\/v2\/posts\/1774\/revisions"}],"predecessor-version":[{"id":1776,"href":"https:\/\/deportodos.com.ar\/2023\/wp-json\/wp\/v2\/posts\/1774\/revisions\/1776"}],"wp:featuredmedia":[{"embeddable":true,"href":"https:\/\/deportodos.com.ar\/2023\/wp-json\/wp\/v2\/media\/1775"}],"wp:attachment":[{"href":"https:\/\/deportodos.com.ar\/2023\/wp-json\/wp\/v2\/media?parent=1774"}],"wp:term":[{"taxonomy":"category","embeddable":true,"href":"https:\/\/deportodos.com.ar\/2023\/wp-json\/wp\/v2\/categories?post=1774"},{"taxonomy":"post_tag","embeddable":true,"href":"https:\/\/deportodos.com.ar\/2023\/wp-json\/wp\/v2\/tags?post=1774"}],"curies":[{"name":"wp","href":"https:\/\/api.w.org\/{rel}","templated":true}]}}