{"id":1777,"date":"2024-07-04T10:13:29","date_gmt":"2024-07-04T10:13:29","guid":{"rendered":"https:\/\/deportodos.com.ar\/2023\/?p=1777"},"modified":"2024-07-11T22:48:42","modified_gmt":"2024-07-11T22:48:42","slug":"luciano-vicentin-esta-en-la-lista-para-los-juegos-olimpicos","status":"publish","type":"post","link":"https:\/\/deportodos.com.ar\/2023\/luciano-vicentin-esta-en-la-lista-para-los-juegos-olimpicos\/","title":{"rendered":"LUCIANO VICENT\u00cdN EST\u00c1 EN LA LISTA PARA LOS JUEGOS OLIMPICOS"},"content":{"rendered":"\n<p><strong>El t\u00e9cnico Marcelo M\u00e9ndez brind\u00f3 la lista de 13 jugadores que viajar\u00e1n a Par\u00eds en b\u00fasqueda de la medalla de bronce conseguida en Tokio 2020, disputado en 2021 ante Brasil. El paranaense Luciano Vicent\u00edn se encuentra entre los jugadores citados.<\/strong><\/p>\n\n\n\n<p><strong>El 26 de julio empezar\u00e1n los partidos en la competencia y la Selecci\u00f3n repetir\u00e1 la base que estuvo en las tres semanas de la Voleyball Nations League.<\/strong><\/p>\n\n\n\n<p>La lista de los jugadores convocados: Luciano De Cecco, que va a ser uno de los dos abanderados de Argentina en Par\u00eds; Mat\u00edas S\u00e1nchez, Bruno Lima, Pablo Kukartsev, Agust\u00edn Loser, Nicol\u00e1s Zerba, Mart\u00edn Ramos, Luciano Vicent\u00edn, Facundo Conte, Ezequiel Palacios, Jan Mart\u00ednez, Luciano Palonsky y Santiago Danani.<\/p>\n\n\n\n<p>La citaci\u00f3n suma un jugador m\u00e1s, respecto a los que pod\u00edan estar en Tokio 2020 y ocho jugadores van a ser los que intentar\u00e1n repetir la haza\u00f1a en el pa\u00eds asi\u00e1tico: De Cecco, S\u00e1nchez, Lima, Conte, Palacios, Loser, Ramos y Danani, mientras que los que participar\u00e1n por primera vez ser\u00e1n Vicent\u00edn, Zerba, Kukartsev, Mart\u00ednez y Palonsky.<\/p>\n\n\n\n<p>El fixture de la Selecci\u00f3n<\/p>\n\n\n\n<p>Argentina vs. Estados Unidos \u2013 27\/07 \u2013 16:00.<\/p>\n\n\n\n<p>Argentina vs. Jap\u00f3n \u2013 31\/07 \u2013 08:00.<\/p>\n\n\n\n<p>Argentina vs. Alemania \u2013 02\/08 \u2013 04:00.<\/p>\n\n\n\n<blockquote class=\"wp-block-quote is-layout-flow wp-block-quote-is-layout-flow\">\n<p><\/p>\n<cite>www.unoentrerios.com.ar<\/cite><\/blockquote>\n","protected":false},"excerpt":{"rendered":"<p>El t\u00e9cnico Marcelo M\u00e9ndez brind\u00f3 la lista de 13 jugadores que viajar\u00e1n a Par\u00eds en&#8230;<\/p>\n","protected":false},"author":2,"featured_media":1778,"comment_status":"open","ping_status":"open","sticky":false,"template":"","format":"standard","meta":{"footnotes":""},"categories":[34],"tags":[],"class_list":["post-1777","post","type-post","status-publish","format-standard","has-post-thumbnail","hentry","category-voley"],"featured_image_urls":{"full":["https:\/\/deportodos.com.ar\/2023\/wp-content\/uploads\/2024\/07\/luciano-vicentin-1jpg.jpg",642,361,false],"thumbnail":["https:\/\/deportodos.com.ar\/2023\/wp-content\/uploads\/2024\/07\/luciano-vicentin-1jpg-150x150.jpg",150,150,true],"medium":["https:\/\/deportodos.com.ar\/2023\/wp-content\/uploads\/2024\/07\/luciano-vicentin-1jpg-300x169.jpg",300,169,true],"medium_large":["https:\/\/deportodos.com.ar\/2023\/wp-content\/uploads\/2024\/07\/luciano-vicentin-1jpg.jpg",640,360,false],"large":["https:\/\/deportodos.com.ar\/2023\/wp-content\/uploads\/2024\/07\/luciano-vicentin-1jpg.jpg",640,360,false],"1536x1536":["https:\/\/deportodos.com.ar\/2023\/wp-content\/uploads\/2024\/07\/luciano-vicentin-1jpg.jpg",642,361,false],"2048x2048":["https:\/\/deportodos.com.ar\/2023\/wp-content\/uploads\/2024\/07\/luciano-vicentin-1jpg.jpg",642,361,false],"covernews-featured":["https:\/\/deportodos.com.ar\/2023\/wp-content\/uploads\/2024\/07\/luciano-vicentin-1jpg.jpg",642,361,false],"covernews-medium":["https:\/\/deportodos.com.ar\/2023\/wp-content\/uploads\/2024\/07\/luciano-vicentin-1jpg-540x340.jpg",540,340,true]},"author_info":{"display_name":"c2530142","author_link":"https:\/\/deportodos.com.ar\/2023\/author\/c2530142\/"},"category_info":"<a href=\"https:\/\/deportodos.com.ar\/2023\/category\/voley\/\" rel=\"category tag\">Voley<\/a>","tag_info":"Voley","comment_count":"0","_links":{"self":[{"href":"https:\/\/deportodos.com.ar\/2023\/wp-json\/wp\/v2\/posts\/1777","targetHints":{"allow":["GET"]}}],"collection":[{"href":"https:\/\/deportodos.com.ar\/2023\/wp-json\/wp\/v2\/posts"}],"about":[{"href":"https:\/\/deportodos.com.ar\/2023\/wp-json\/wp\/v2\/types\/post"}],"author":[{"embeddable":true,"href":"https:\/\/deportodos.com.ar\/2023\/wp-json\/wp\/v2\/users\/2"}],"replies":[{"embeddable":true,"href":"https:\/\/deportodos.com.ar\/2023\/wp-json\/wp\/v2\/comments?post=1777"}],"version-history":[{"count":1,"href":"https:\/\/deportodos.com.ar\/2023\/wp-json\/wp\/v2\/posts\/1777\/revisions"}],"predecessor-version":[{"id":1779,"href":"https:\/\/deportodos.com.ar\/2023\/wp-json\/wp\/v2\/posts\/1777\/revisions\/1779"}],"wp:featuredmedia":[{"embeddable":true,"href":"https:\/\/deportodos.com.ar\/2023\/wp-json\/wp\/v2\/media\/1778"}],"wp:attachment":[{"href":"https:\/\/deportodos.com.ar\/2023\/wp-json\/wp\/v2\/media?parent=1777"}],"wp:term":[{"taxonomy":"category","embeddable":true,"href":"https:\/\/deportodos.com.ar\/2023\/wp-json\/wp\/v2\/categories?post=1777"},{"taxonomy":"post_tag","embeddable":true,"href":"https:\/\/deportodos.com.ar\/2023\/wp-json\/wp\/v2\/tags?post=1777"}],"curies":[{"name":"wp","href":"https:\/\/api.w.org\/{rel}","templated":true}]}}