{"id":1780,"date":"2024-07-05T00:52:16","date_gmt":"2024-07-05T00:52:16","guid":{"rendered":"https:\/\/deportodos.com.ar\/2023\/?p=1780"},"modified":"2024-07-11T22:48:42","modified_gmt":"2024-07-11T22:48:42","slug":"esteban-oso-lopez-enfrentara-a-jairo-el-espartano","status":"publish","type":"post","link":"https:\/\/deportodos.com.ar\/2023\/esteban-oso-lopez-enfrentara-a-jairo-el-espartano\/","title":{"rendered":"ESTEBAN \u00abOSO\u00bb L\u00d3PEZ ENFRENTARA  A JAIRO \u00abEL ESPARTANO"},"content":{"rendered":"\n<p><strong>El boxeador local ser\u00e1 protagonista de la pelea profesional y de fondo, que contar\u00e1 la velada que se llevar\u00e1 a cabo este viernes por la noche en los Galpones del Puerto.<\/strong><\/p>\n\n\n\n<p>El evento box\u00edstico es organizado por el mismo Esteban \u201cOso\u201d L\u00f3pez y tendr\u00e1 una cartelera de ocho combates amateurs, la mencionada estelar y una exhibici\u00f3n, que tendr\u00e1 a&nbsp; Jonathan \u201cEl Picante\u201d Parada en acci\u00f3n.<\/p>\n\n\n\n<p>La velada comenzar\u00e1 ma\u00f1ana a las 21 horas y se extender\u00e1 hasta cerca de las 2, ya del d\u00eda s\u00e1bado, con la pelea de fondo, que tendr\u00e1 en el cuadril\u00e1tero al p\u00fagil local Esteban \u201cOso\u201d L\u00f3pez y al paranaense Jairo \u201cEl Espartano\u201d Su\u00e1rez, en la categor\u00eda peso completo y al mejor de seis rounds.\u00a0<\/p>\n\n\n\n<p>Este jueves, desde las 18 horas, en Pasaje Umbrella (el nuevo espacio en la Vieja Terminal) se llevar\u00e1 a cabo el pesaje.<\/p>\n\n\n\n<p>Otro de los atractivos que tendr\u00e1 la velada de ma\u00f1ana ser\u00e1 el combate exhibici\u00f3n que protagonizar\u00e1n el p\u00fagil local Jonathan \u201cPicante\u201d Parada versus el bonaerense Alexis \u201cEl Terrible\u201d Torres, dos boxeadores profesionales vinculados a la promotora de Marcos \u201cChino\u201d Maidana. &nbsp;<\/p>\n\n\n\n<p>Las entradas anticipadas tienen un valor de 4000 pesos y se pueden adquirir en La Bodega Vinoteca o La Covacha Barber\u00eda.<\/p>\n\n\n\n<blockquote class=\"wp-block-quote is-layout-flow wp-block-quote-is-layout-flow\">\n<p><\/p>\n<cite>www.eldiaonline.com<\/cite><\/blockquote>\n","protected":false},"excerpt":{"rendered":"<p>El boxeador local ser\u00e1 protagonista de la pelea profesional y de fondo, que contar\u00e1 la&#8230;<\/p>\n","protected":false},"author":2,"featured_media":1781,"comment_status":"open","ping_status":"open","sticky":false,"template":"","format":"standard","meta":{"footnotes":""},"categories":[13],"tags":[],"class_list":["post-1780","post","type-post","status-publish","format-standard","has-post-thumbnail","hentry","category-boxeo"],"featured_image_urls":{"full":["https:\/\/deportodos.com.ar\/2023\/wp-content\/uploads\/2024\/07\/boxeo.jpg",1024,682,false],"thumbnail":["https:\/\/deportodos.com.ar\/2023\/wp-content\/uploads\/2024\/07\/boxeo-150x150.jpg",150,150,true],"medium":["https:\/\/deportodos.com.ar\/2023\/wp-content\/uploads\/2024\/07\/boxeo-300x200.jpg",300,200,true],"medium_large":["https:\/\/deportodos.com.ar\/2023\/wp-content\/uploads\/2024\/07\/boxeo-768x512.jpg",640,427,true],"large":["https:\/\/deportodos.com.ar\/2023\/wp-content\/uploads\/2024\/07\/boxeo.jpg",640,426,false],"1536x1536":["https:\/\/deportodos.com.ar\/2023\/wp-content\/uploads\/2024\/07\/boxeo.jpg",1024,682,false],"2048x2048":["https:\/\/deportodos.com.ar\/2023\/wp-content\/uploads\/2024\/07\/boxeo.jpg",1024,682,false],"covernews-featured":["https:\/\/deportodos.com.ar\/2023\/wp-content\/uploads\/2024\/07\/boxeo.jpg",1024,682,false],"covernews-medium":["https:\/\/deportodos.com.ar\/2023\/wp-content\/uploads\/2024\/07\/boxeo-540x340.jpg",540,340,true]},"author_info":{"display_name":"c2530142","author_link":"https:\/\/deportodos.com.ar\/2023\/author\/c2530142\/"},"category_info":"<a href=\"https:\/\/deportodos.com.ar\/2023\/category\/boxeo\/\" rel=\"category tag\">Boxeo<\/a>","tag_info":"Boxeo","comment_count":"0","_links":{"self":[{"href":"https:\/\/deportodos.com.ar\/2023\/wp-json\/wp\/v2\/posts\/1780","targetHints":{"allow":["GET"]}}],"collection":[{"href":"https:\/\/deportodos.com.ar\/2023\/wp-json\/wp\/v2\/posts"}],"about":[{"href":"https:\/\/deportodos.com.ar\/2023\/wp-json\/wp\/v2\/types\/post"}],"author":[{"embeddable":true,"href":"https:\/\/deportodos.com.ar\/2023\/wp-json\/wp\/v2\/users\/2"}],"replies":[{"embeddable":true,"href":"https:\/\/deportodos.com.ar\/2023\/wp-json\/wp\/v2\/comments?post=1780"}],"version-history":[{"count":1,"href":"https:\/\/deportodos.com.ar\/2023\/wp-json\/wp\/v2\/posts\/1780\/revisions"}],"predecessor-version":[{"id":1782,"href":"https:\/\/deportodos.com.ar\/2023\/wp-json\/wp\/v2\/posts\/1780\/revisions\/1782"}],"wp:featuredmedia":[{"embeddable":true,"href":"https:\/\/deportodos.com.ar\/2023\/wp-json\/wp\/v2\/media\/1781"}],"wp:attachment":[{"href":"https:\/\/deportodos.com.ar\/2023\/wp-json\/wp\/v2\/media?parent=1780"}],"wp:term":[{"taxonomy":"category","embeddable":true,"href":"https:\/\/deportodos.com.ar\/2023\/wp-json\/wp\/v2\/categories?post=1780"},{"taxonomy":"post_tag","embeddable":true,"href":"https:\/\/deportodos.com.ar\/2023\/wp-json\/wp\/v2\/tags?post=1780"}],"curies":[{"name":"wp","href":"https:\/\/api.w.org\/{rel}","templated":true}]}}