{"id":1815,"date":"2024-07-07T23:43:04","date_gmt":"2024-07-07T23:43:04","guid":{"rendered":"https:\/\/deportodos.com.ar\/2023\/?p=1815"},"modified":"2024-07-11T22:48:41","modified_gmt":"2024-07-11T22:48:41","slug":"garcia-britos-y-cabrera-los-ganadores-del-fronteron-en-concordia","status":"publish","type":"post","link":"https:\/\/deportodos.com.ar\/2023\/garcia-britos-y-cabrera-los-ganadores-del-fronteron-en-concordia\/","title":{"rendered":"GARC\u00cdA BRITOS Y CABRERA LOS GANADORES DEL FRONTER\u00d3N EN CONCORDIA"},"content":{"rendered":"\n<p>Este domingo se disput\u00f3 una nueva presentaci\u00f3n del Fronter\u00f3n de mountain bike, que tuvo como epicentro la ciudad de Concordia. El campeonato internacional tuvo su escala en el lago de Salto Grande, donde los ganadores de las competencias fueron Mariana Garc\u00eda Britos de Mercedes, Uruguay y el local Mat\u00edas Cabrera.<\/p>\n\n\n\n<p>La prueba tuvo su inicio en Termas del Ayu\u00ed, mientras que la llegada se realiz\u00f3 en Playa Sol. Fueron 208 los competidores que llegaron desde distintos puntos del pa\u00eds, como de Uruguay y Brasil para esta carrera que muestra un verdadero inter\u00e9s en los bikers.<\/p>\n\n\n\n<p>Pese a los anuncios de temperaturas extremadamente bajas, el clima tuvo un comportamiento aceptable por lo que hubo muchos espectadores observando el paso de los corredores. Desde la Asociaci\u00f3n Concordiense Amigos del MTB se quiere hacer un especial agradecimiento al personal policial, de la Direcci\u00f3n de Tr\u00e1nsito, Codesal, Subsecretar\u00eda de Turismo, Subsecretar\u00eda de Deportes.<\/p>\n\n\n\n<p>El circuito tuvo una longitud de 18 kil\u00f3metros y de acuerdo a las categor\u00edas se realizaron entre una y dos vueltas. Uno de los comentarios por parte de los participantes fue la aceptaci\u00f3n del trazado, ya que cuenta con diferentes grados de exigencia. De esta manera, se espera por una nueva visita del Fronter\u00f3n en 2025, luego de la muy buena convocatoria que tuvo su paso por tierras entrerrianas.<\/p>\n\n\n\n<pre class=\"wp-block-code\"><code>            RESULTADOS<\/code><\/pre>\n\n\n\n<p>MUJERES ELITE<\/p>\n\n\n\n<p>1\u00b0) Mariana Garc\u00eda Britos (Mercedes, Uruguay) con 1 hora 08\u201945\u201d<br>2\u00b0) Mercedes Almeyra (C. del Uruguay) con 1 hora 13\u201948\u201d<br>3\u00b0) Bel\u00e9n Labriola (Concordia) con 1 hora 17\u201953\u201d<br>4\u00b0) Syomara Facchin (Paysand\u00fa, Uruguay) con 1 hora 44\u201952\u201d<\/p>\n\n\n\n<p>VARONES ELITE<\/p>\n\n\n\n<p>1\u00b0) Mat\u00edas Cabrera (Concordia) con 1 hora 52\u201920\u201d<br>2\u00b0) Maximiliano Buenar (Villaguay) con 1 hora 52\u201932\u201d<br>3\u00b0) Sebasti\u00e1n Frossard (Concordia) con 1 hora 53\u201931\u201d<br>4\u00b0) Maximiliano Generali (Artigas, Uruguay) con 1 hora 55\u201959\u201d<br>5\u00b0) Julio Pasquini (Rosario) con 1 hora 56\u201900\u201d<\/p>\n\n\n\n<p>Para ver resultados completos:<\/p>\n\n\n\n<p><a href=\"https:\/\/www.cronomet.com.ar\/?cronomet=fronteron2024\">https:\/\/www.cronomet.com.ar\/?cronomet=fronteron2024<\/a><\/p>\n\n\n\n<p><\/p>\n","protected":false},"excerpt":{"rendered":"<p>Este domingo se disput\u00f3 una nueva presentaci\u00f3n del Fronter\u00f3n de mountain bike, que tuvo como&#8230;<\/p>\n","protected":false},"author":2,"featured_media":1816,"comment_status":"open","ping_status":"open","sticky":false,"template":"","format":"standard","meta":{"footnotes":""},"categories":[37],"tags":[],"class_list":["post-1815","post","type-post","status-publish","format-standard","has-post-thumbnail","hentry","category-mountain-bike"],"featured_image_urls":{"full":["https:\/\/deportodos.com.ar\/2023\/wp-content\/uploads\/2024\/07\/IMG-20240707-WA0022.jpg",1600,900,false],"thumbnail":["https:\/\/deportodos.com.ar\/2023\/wp-content\/uploads\/2024\/07\/IMG-20240707-WA0022-150x150.jpg",150,150,true],"medium":["https:\/\/deportodos.com.ar\/2023\/wp-content\/uploads\/2024\/07\/IMG-20240707-WA0022-300x169.jpg",300,169,true],"medium_large":["https:\/\/deportodos.com.ar\/2023\/wp-content\/uploads\/2024\/07\/IMG-20240707-WA0022-768x432.jpg",640,360,true],"large":["https:\/\/deportodos.com.ar\/2023\/wp-content\/uploads\/2024\/07\/IMG-20240707-WA0022-1024x576.jpg",640,360,true],"1536x1536":["https:\/\/deportodos.com.ar\/2023\/wp-content\/uploads\/2024\/07\/IMG-20240707-WA0022-1536x864.jpg",1536,864,true],"2048x2048":["https:\/\/deportodos.com.ar\/2023\/wp-content\/uploads\/2024\/07\/IMG-20240707-WA0022.jpg",1600,900,false],"covernews-featured":["https:\/\/deportodos.com.ar\/2023\/wp-content\/uploads\/2024\/07\/IMG-20240707-WA0022-1024x576.jpg",1024,576,true],"covernews-medium":["https:\/\/deportodos.com.ar\/2023\/wp-content\/uploads\/2024\/07\/IMG-20240707-WA0022-540x340.jpg",540,340,true]},"author_info":{"display_name":"c2530142","author_link":"https:\/\/deportodos.com.ar\/2023\/author\/c2530142\/"},"category_info":"<a href=\"https:\/\/deportodos.com.ar\/2023\/category\/mountain-bike\/\" rel=\"category tag\">Mountain Bike<\/a>","tag_info":"Mountain Bike","comment_count":"0","_links":{"self":[{"href":"https:\/\/deportodos.com.ar\/2023\/wp-json\/wp\/v2\/posts\/1815","targetHints":{"allow":["GET"]}}],"collection":[{"href":"https:\/\/deportodos.com.ar\/2023\/wp-json\/wp\/v2\/posts"}],"about":[{"href":"https:\/\/deportodos.com.ar\/2023\/wp-json\/wp\/v2\/types\/post"}],"author":[{"embeddable":true,"href":"https:\/\/deportodos.com.ar\/2023\/wp-json\/wp\/v2\/users\/2"}],"replies":[{"embeddable":true,"href":"https:\/\/deportodos.com.ar\/2023\/wp-json\/wp\/v2\/comments?post=1815"}],"version-history":[{"count":1,"href":"https:\/\/deportodos.com.ar\/2023\/wp-json\/wp\/v2\/posts\/1815\/revisions"}],"predecessor-version":[{"id":1817,"href":"https:\/\/deportodos.com.ar\/2023\/wp-json\/wp\/v2\/posts\/1815\/revisions\/1817"}],"wp:featuredmedia":[{"embeddable":true,"href":"https:\/\/deportodos.com.ar\/2023\/wp-json\/wp\/v2\/media\/1816"}],"wp:attachment":[{"href":"https:\/\/deportodos.com.ar\/2023\/wp-json\/wp\/v2\/media?parent=1815"}],"wp:term":[{"taxonomy":"category","embeddable":true,"href":"https:\/\/deportodos.com.ar\/2023\/wp-json\/wp\/v2\/categories?post=1815"},{"taxonomy":"post_tag","embeddable":true,"href":"https:\/\/deportodos.com.ar\/2023\/wp-json\/wp\/v2\/tags?post=1815"}],"curies":[{"name":"wp","href":"https:\/\/api.w.org\/{rel}","templated":true}]}}