{"id":1848,"date":"2024-07-11T15:43:38","date_gmt":"2024-07-11T15:43:38","guid":{"rendered":"https:\/\/deportodos.com.ar\/2023\/?p=1848"},"modified":"2024-07-11T22:48:40","modified_gmt":"2024-07-11T22:48:40","slug":"este-sabado-se-corre-el-duatlon-en-el-autodromo","status":"publish","type":"post","link":"https:\/\/deportodos.com.ar\/2023\/este-sabado-se-corre-el-duatlon-en-el-autodromo\/","title":{"rendered":"ESTE SABADO SE CORRE EL DUATLON EN EL AUTODROMO"},"content":{"rendered":"\n<p>Este s\u00e1bado desde las 14.45 hs y con la organizaci\u00f3n de la Asociaci\u00f3n Concordiense de Pruebas Combinadas se estar\u00e1 corriendo en el aut\u00f3dromo de nuestra ciudad la segunda fecha del \u201cCircuito Provincial de Duatlon Jeep\u201d con una distancia est\u00e1ndar (5k-40k-5k) y sprint (5k-20k-2.5k), mientras que desde las 13.30hs har\u00e1n su presentaci\u00f3n las categor\u00edas infantiles que lo hacen en forma participativa, sin clasificaci\u00f3n y con medallas para todos en categor\u00edas desde los 3 a 13 a\u00f1os.<\/p>\n\n\n\n<p>Gran expectativa se ha generado por esta nueva presentaci\u00f3n del duatlon Jeep que vuelve de esta manera a un escenario muy propicio para el desarrollo de esta disciplina, que permite visualizar todo el desarrollo en forma completa y que genera adem\u00e1s mucha seguridad para los corredores. Ambas disciplinas ocupan toda la extensi\u00f3n del circuito y tambi\u00e9n se corre sobre la calle de boxes.<\/p>\n\n\n\n<p>Cabe recordar que el inicio del certamen tuvo lugar en Colonia Ayu\u00ed con el triunfo en la general de los concordienses Alejandro Ricagno y Ana Mar\u00eda Brunini.<\/p>\n\n\n\n<p>Las inscripciones se vienen registrando a buen ritmo en&nbsp;<a href=\"http:\/\/www.encarrera.com.ar\/duatlon\" rel=\"noreferrer noopener\" target=\"_blank\">www.encarrera.com.ar\/duatlon<\/a>, recordando que este viernes ser\u00e1 el cierre de la misma para mayores e infantiles y tambi\u00e9n ese d\u00eda se realiza la inscripci\u00f3n presencial en \u201cLauria Rodados\u201d de 20 a 21 hs.<\/p>\n\n\n\n<p>La A.C.P.C. invita al p\u00fablico a presenciar este espect\u00e1culo que cabe destacar tiene entrada libre y gratuita.<\/p>\n\n\n\n<p>PRENSA A.C.P.C.<\/p>\n","protected":false},"excerpt":{"rendered":"<p>Este s\u00e1bado desde las 14.45 hs y con la organizaci\u00f3n de la Asociaci\u00f3n Concordiense de&#8230;<\/p>\n","protected":false},"author":2,"featured_media":1849,"comment_status":"open","ping_status":"open","sticky":false,"template":"","format":"standard","meta":{"footnotes":""},"categories":[18],"tags":[],"class_list":["post-1848","post","type-post","status-publish","format-standard","has-post-thumbnail","hentry","category-duatlon"],"featured_image_urls":{"full":["https:\/\/deportodos.com.ar\/2023\/wp-content\/uploads\/2024\/07\/logo-DUATLON-JEEP-AUTODROMO.jpg",720,265,false],"thumbnail":["https:\/\/deportodos.com.ar\/2023\/wp-content\/uploads\/2024\/07\/logo-DUATLON-JEEP-AUTODROMO-150x150.jpg",150,150,true],"medium":["https:\/\/deportodos.com.ar\/2023\/wp-content\/uploads\/2024\/07\/logo-DUATLON-JEEP-AUTODROMO-300x110.jpg",300,110,true],"medium_large":["https:\/\/deportodos.com.ar\/2023\/wp-content\/uploads\/2024\/07\/logo-DUATLON-JEEP-AUTODROMO.jpg",640,236,false],"large":["https:\/\/deportodos.com.ar\/2023\/wp-content\/uploads\/2024\/07\/logo-DUATLON-JEEP-AUTODROMO.jpg",640,236,false],"1536x1536":["https:\/\/deportodos.com.ar\/2023\/wp-content\/uploads\/2024\/07\/logo-DUATLON-JEEP-AUTODROMO.jpg",720,265,false],"2048x2048":["https:\/\/deportodos.com.ar\/2023\/wp-content\/uploads\/2024\/07\/logo-DUATLON-JEEP-AUTODROMO.jpg",720,265,false],"covernews-featured":["https:\/\/deportodos.com.ar\/2023\/wp-content\/uploads\/2024\/07\/logo-DUATLON-JEEP-AUTODROMO.jpg",720,265,false],"covernews-medium":["https:\/\/deportodos.com.ar\/2023\/wp-content\/uploads\/2024\/07\/logo-DUATLON-JEEP-AUTODROMO-540x265.jpg",540,265,true]},"author_info":{"display_name":"c2530142","author_link":"https:\/\/deportodos.com.ar\/2023\/author\/c2530142\/"},"category_info":"<a href=\"https:\/\/deportodos.com.ar\/2023\/category\/duatlon\/\" rel=\"category tag\">Duatlon<\/a>","tag_info":"Duatlon","comment_count":"0","_links":{"self":[{"href":"https:\/\/deportodos.com.ar\/2023\/wp-json\/wp\/v2\/posts\/1848","targetHints":{"allow":["GET"]}}],"collection":[{"href":"https:\/\/deportodos.com.ar\/2023\/wp-json\/wp\/v2\/posts"}],"about":[{"href":"https:\/\/deportodos.com.ar\/2023\/wp-json\/wp\/v2\/types\/post"}],"author":[{"embeddable":true,"href":"https:\/\/deportodos.com.ar\/2023\/wp-json\/wp\/v2\/users\/2"}],"replies":[{"embeddable":true,"href":"https:\/\/deportodos.com.ar\/2023\/wp-json\/wp\/v2\/comments?post=1848"}],"version-history":[{"count":1,"href":"https:\/\/deportodos.com.ar\/2023\/wp-json\/wp\/v2\/posts\/1848\/revisions"}],"predecessor-version":[{"id":1850,"href":"https:\/\/deportodos.com.ar\/2023\/wp-json\/wp\/v2\/posts\/1848\/revisions\/1850"}],"wp:featuredmedia":[{"embeddable":true,"href":"https:\/\/deportodos.com.ar\/2023\/wp-json\/wp\/v2\/media\/1849"}],"wp:attachment":[{"href":"https:\/\/deportodos.com.ar\/2023\/wp-json\/wp\/v2\/media?parent=1848"}],"wp:term":[{"taxonomy":"category","embeddable":true,"href":"https:\/\/deportodos.com.ar\/2023\/wp-json\/wp\/v2\/categories?post=1848"},{"taxonomy":"post_tag","embeddable":true,"href":"https:\/\/deportodos.com.ar\/2023\/wp-json\/wp\/v2\/tags?post=1848"}],"curies":[{"name":"wp","href":"https:\/\/api.w.org\/{rel}","templated":true}]}}