{"id":1851,"date":"2024-07-11T20:42:32","date_gmt":"2024-07-11T20:42:32","guid":{"rendered":"https:\/\/deportodos.com.ar\/2023\/?p=1851"},"modified":"2024-07-11T22:48:40","modified_gmt":"2024-07-11T22:48:40","slug":"presentacion-de-la-pesca-del-bicudo-2024","status":"publish","type":"post","link":"https:\/\/deportodos.com.ar\/2023\/presentacion-de-la-pesca-del-bicudo-2024\/","title":{"rendered":"PRESENTACI\u00d3N DE LA \u00abPESCA DEL BICUDO\u00bb 2024"},"content":{"rendered":"\n<p>El evento se llevar\u00e1 a cabo el 13 y el 14 de julio. Desde la organizaci\u00f3n, Gabriela Galarza detall\u00f3 que \u201cel s\u00e1bado se realizar\u00e1 el torneo de Costa, de 14 a 17 horas, al igual que el torneo de Kayak, de 9 a 12 y el domingo, de 8 a 13 horas, ser\u00e1 el turno del torneo Embarcados, finalizando con la entrega de premio y el almuerzo\u201d.<\/p>\n\n\n\n<p>\u201cEstamos en lo \u00faltimo, en la recta final, trabajando en conjunto con el Ente de Costanera y con el \u00e1rea de Deportes de la Municipalidad, que nos dieron un gran apoyo para este concurso\u201d, destac\u00f3 la organizadora.<\/p>\n\n\n\n<p>Seg\u00fan se inform\u00f3, el epicentro de las actividades ser\u00e1 en la Costanera local. Se espera recibir tr\u00edos y competidores de diversas partes del pa\u00eds y tambi\u00e9n de Uruguay. Vale remarcar que el evento tiene una modalidad de pesca deportiva, con un enfoque ecol\u00f3gico y todas las competencias son bajo el sistema de pesca y devoluci\u00f3n.<\/p>\n\n\n\n<p>Galarza agreg\u00f3 que la salida de las lanchas ser\u00e1 \u201cen la zona del Lavadero de Jaulas hasta terminar en la playa Nebel\u201d.<\/p>\n\n\n\n<p>En la oportunidad, Ivana P\u00e9rez, subsecretaria de Deportes, se\u00f1al\u00f3 que \u201cel intendente Azcu\u00e9 nos pidi\u00f3 expresamente que fomentemos todo este tipo de eventos relacionados al deporte, ya que queremos potenciar todo lo que es Concordia\u201d.<\/p>\n\n\n\n<p>Por su parte, Irma Mar\u00eda Perini, del Ente Costanera, expres\u00f3 su alegr\u00eda al poder recibir el evento, \u201ctratando de reacondicionar nuestros lugares de la Costanera para que sea un \u00e9xito\u201d.<\/p>\n\n\n\n<blockquote class=\"wp-block-quote is-layout-flow wp-block-quote-is-layout-flow\">\n<p><\/p>\n<cite>www.7paginas.com.ar<\/cite><\/blockquote>\n","protected":false},"excerpt":{"rendered":"<p>El evento se llevar\u00e1 a cabo el 13 y el 14 de julio. Desde la&#8230;<\/p>\n","protected":false},"author":2,"featured_media":1852,"comment_status":"open","ping_status":"open","sticky":false,"template":"","format":"standard","meta":{"footnotes":""},"categories":[23],"tags":[],"class_list":["post-1851","post","type-post","status-publish","format-standard","has-post-thumbnail","hentry","category-pesca"],"featured_image_urls":{"full":["https:\/\/deportodos.com.ar\/2023\/wp-content\/uploads\/2024\/07\/1-1.jpg",320,191,false],"thumbnail":["https:\/\/deportodos.com.ar\/2023\/wp-content\/uploads\/2024\/07\/1-1-150x150.jpg",150,150,true],"medium":["https:\/\/deportodos.com.ar\/2023\/wp-content\/uploads\/2024\/07\/1-1-300x179.jpg",300,179,true],"medium_large":["https:\/\/deportodos.com.ar\/2023\/wp-content\/uploads\/2024\/07\/1-1.jpg",320,191,false],"large":["https:\/\/deportodos.com.ar\/2023\/wp-content\/uploads\/2024\/07\/1-1.jpg",320,191,false],"1536x1536":["https:\/\/deportodos.com.ar\/2023\/wp-content\/uploads\/2024\/07\/1-1.jpg",320,191,false],"2048x2048":["https:\/\/deportodos.com.ar\/2023\/wp-content\/uploads\/2024\/07\/1-1.jpg",320,191,false],"covernews-featured":["https:\/\/deportodos.com.ar\/2023\/wp-content\/uploads\/2024\/07\/1-1.jpg",320,191,false],"covernews-medium":["https:\/\/deportodos.com.ar\/2023\/wp-content\/uploads\/2024\/07\/1-1.jpg",320,191,false]},"author_info":{"display_name":"c2530142","author_link":"https:\/\/deportodos.com.ar\/2023\/author\/c2530142\/"},"category_info":"<a href=\"https:\/\/deportodos.com.ar\/2023\/category\/pesca\/\" rel=\"category tag\">Pesca<\/a>","tag_info":"Pesca","comment_count":"0","_links":{"self":[{"href":"https:\/\/deportodos.com.ar\/2023\/wp-json\/wp\/v2\/posts\/1851","targetHints":{"allow":["GET"]}}],"collection":[{"href":"https:\/\/deportodos.com.ar\/2023\/wp-json\/wp\/v2\/posts"}],"about":[{"href":"https:\/\/deportodos.com.ar\/2023\/wp-json\/wp\/v2\/types\/post"}],"author":[{"embeddable":true,"href":"https:\/\/deportodos.com.ar\/2023\/wp-json\/wp\/v2\/users\/2"}],"replies":[{"embeddable":true,"href":"https:\/\/deportodos.com.ar\/2023\/wp-json\/wp\/v2\/comments?post=1851"}],"version-history":[{"count":1,"href":"https:\/\/deportodos.com.ar\/2023\/wp-json\/wp\/v2\/posts\/1851\/revisions"}],"predecessor-version":[{"id":1853,"href":"https:\/\/deportodos.com.ar\/2023\/wp-json\/wp\/v2\/posts\/1851\/revisions\/1853"}],"wp:featuredmedia":[{"embeddable":true,"href":"https:\/\/deportodos.com.ar\/2023\/wp-json\/wp\/v2\/media\/1852"}],"wp:attachment":[{"href":"https:\/\/deportodos.com.ar\/2023\/wp-json\/wp\/v2\/media?parent=1851"}],"wp:term":[{"taxonomy":"category","embeddable":true,"href":"https:\/\/deportodos.com.ar\/2023\/wp-json\/wp\/v2\/categories?post=1851"},{"taxonomy":"post_tag","embeddable":true,"href":"https:\/\/deportodos.com.ar\/2023\/wp-json\/wp\/v2\/tags?post=1851"}],"curies":[{"name":"wp","href":"https:\/\/api.w.org\/{rel}","templated":true}]}}