{"id":1861,"date":"2024-07-13T15:44:41","date_gmt":"2024-07-13T15:44:41","guid":{"rendered":"https:\/\/deportodos.com.ar\/2023\/?p=1861"},"modified":"2024-07-13T15:50:06","modified_gmt":"2024-07-13T15:50:06","slug":"este-finde-hah-automovilisml-en-gualeguaychu","status":"publish","type":"post","link":"https:\/\/deportodos.com.ar\/2023\/este-finde-hah-automovilisml-en-gualeguaychu\/","title":{"rendered":"ESTE FINDE HAY AUTOMOVILISMO EN GUALEGUAYCH\u00da"},"content":{"rendered":"\n<p>Ya tenemos el cronograma de c\u00f3mo ser\u00e1 la segunda presentaci\u00f3n del a\u00f1o el 13 y 14 de Julio 2024. Aprontate porque se viene un finde con todo.<br>TC del Litoral, Citro\u00ebn Competici\u00f3n, Karting Asfalto Gualeguaych\u00fa y la F\u00f3rmula 3 Entrerriana en el Aut\u00f3dromo Gualeguaych\u00fa. <\/p>\n\n\n\n<figure class=\"wp-block-image size-large\"><a href=\"https:\/\/deportodos.com.ar\/2023\/wp-content\/uploads\/2024\/07\/1000165473.jpg\"><img fetchpriority=\"high\" decoding=\"async\" width=\"819\" height=\"1024\" src=\"https:\/\/deportodos.com.ar\/2023\/wp-content\/uploads\/2024\/07\/1000165473-819x1024.jpg\" alt=\"\" class=\"wp-image-1862\" srcset=\"https:\/\/deportodos.com.ar\/2023\/wp-content\/uploads\/2024\/07\/1000165473-819x1024.jpg 819w, https:\/\/deportodos.com.ar\/2023\/wp-content\/uploads\/2024\/07\/1000165473-240x300.jpg 240w, https:\/\/deportodos.com.ar\/2023\/wp-content\/uploads\/2024\/07\/1000165473-768x960.jpg 768w, https:\/\/deportodos.com.ar\/2023\/wp-content\/uploads\/2024\/07\/1000165473-1024x1280.jpg 1024w, https:\/\/deportodos.com.ar\/2023\/wp-content\/uploads\/2024\/07\/1000165473.jpg 1080w\" sizes=\"(max-width: 819px) 100vw, 819px\" \/><\/a><\/figure>\n\n\n\n<figure class=\"wp-block-image size-large\"><a href=\"https:\/\/deportodos.com.ar\/2023\/wp-content\/uploads\/2024\/07\/1000165474.jpg\"><img decoding=\"async\" width=\"819\" height=\"1024\" src=\"https:\/\/deportodos.com.ar\/2023\/wp-content\/uploads\/2024\/07\/1000165474-819x1024.jpg\" alt=\"\" class=\"wp-image-1863\" srcset=\"https:\/\/deportodos.com.ar\/2023\/wp-content\/uploads\/2024\/07\/1000165474-819x1024.jpg 819w, https:\/\/deportodos.com.ar\/2023\/wp-content\/uploads\/2024\/07\/1000165474-240x300.jpg 240w, https:\/\/deportodos.com.ar\/2023\/wp-content\/uploads\/2024\/07\/1000165474-768x960.jpg 768w, https:\/\/deportodos.com.ar\/2023\/wp-content\/uploads\/2024\/07\/1000165474-1024x1280.jpg 1024w, https:\/\/deportodos.com.ar\/2023\/wp-content\/uploads\/2024\/07\/1000165474.jpg 1080w\" sizes=\"(max-width: 819px) 100vw, 819px\" \/><\/a><\/figure>\n","protected":false},"excerpt":{"rendered":"<p>Ya tenemos el cronograma de c\u00f3mo ser\u00e1 la segunda presentaci\u00f3n del a\u00f1o el 13 y&#8230;<\/p>\n","protected":false},"author":2,"featured_media":1864,"comment_status":"open","ping_status":"open","sticky":false,"template":"","format":"standard","meta":{"footnotes":""},"categories":[6],"tags":[],"class_list":["post-1861","post","type-post","status-publish","format-standard","has-post-thumbnail","hentry","category-automovilismo"],"featured_image_urls":{"full":["https:\/\/deportodos.com.ar\/2023\/wp-content\/uploads\/2024\/07\/FB_IMG_1720885416685.jpg",1081,720,false],"thumbnail":["https:\/\/deportodos.com.ar\/2023\/wp-content\/uploads\/2024\/07\/FB_IMG_1720885416685-150x150.jpg",150,150,true],"medium":["https:\/\/deportodos.com.ar\/2023\/wp-content\/uploads\/2024\/07\/FB_IMG_1720885416685-300x200.jpg",300,200,true],"medium_large":["https:\/\/deportodos.com.ar\/2023\/wp-content\/uploads\/2024\/07\/FB_IMG_1720885416685-768x512.jpg",640,427,true],"large":["https:\/\/deportodos.com.ar\/2023\/wp-content\/uploads\/2024\/07\/FB_IMG_1720885416685-1024x682.jpg",640,426,true],"1536x1536":["https:\/\/deportodos.com.ar\/2023\/wp-content\/uploads\/2024\/07\/FB_IMG_1720885416685.jpg",1081,720,false],"2048x2048":["https:\/\/deportodos.com.ar\/2023\/wp-content\/uploads\/2024\/07\/FB_IMG_1720885416685.jpg",1081,720,false],"covernews-featured":["https:\/\/deportodos.com.ar\/2023\/wp-content\/uploads\/2024\/07\/FB_IMG_1720885416685-1024x682.jpg",1024,682,true],"covernews-medium":["https:\/\/deportodos.com.ar\/2023\/wp-content\/uploads\/2024\/07\/FB_IMG_1720885416685-540x340.jpg",540,340,true]},"author_info":{"display_name":"c2530142","author_link":"https:\/\/deportodos.com.ar\/2023\/author\/c2530142\/"},"category_info":"<a href=\"https:\/\/deportodos.com.ar\/2023\/category\/automovilismo\/\" rel=\"category tag\">Automovilismo<\/a>","tag_info":"Automovilismo","comment_count":"0","_links":{"self":[{"href":"https:\/\/deportodos.com.ar\/2023\/wp-json\/wp\/v2\/posts\/1861","targetHints":{"allow":["GET"]}}],"collection":[{"href":"https:\/\/deportodos.com.ar\/2023\/wp-json\/wp\/v2\/posts"}],"about":[{"href":"https:\/\/deportodos.com.ar\/2023\/wp-json\/wp\/v2\/types\/post"}],"author":[{"embeddable":true,"href":"https:\/\/deportodos.com.ar\/2023\/wp-json\/wp\/v2\/users\/2"}],"replies":[{"embeddable":true,"href":"https:\/\/deportodos.com.ar\/2023\/wp-json\/wp\/v2\/comments?post=1861"}],"version-history":[{"count":2,"href":"https:\/\/deportodos.com.ar\/2023\/wp-json\/wp\/v2\/posts\/1861\/revisions"}],"predecessor-version":[{"id":1866,"href":"https:\/\/deportodos.com.ar\/2023\/wp-json\/wp\/v2\/posts\/1861\/revisions\/1866"}],"wp:featuredmedia":[{"embeddable":true,"href":"https:\/\/deportodos.com.ar\/2023\/wp-json\/wp\/v2\/media\/1864"}],"wp:attachment":[{"href":"https:\/\/deportodos.com.ar\/2023\/wp-json\/wp\/v2\/media?parent=1861"}],"wp:term":[{"taxonomy":"category","embeddable":true,"href":"https:\/\/deportodos.com.ar\/2023\/wp-json\/wp\/v2\/categories?post=1861"},{"taxonomy":"post_tag","embeddable":true,"href":"https:\/\/deportodos.com.ar\/2023\/wp-json\/wp\/v2\/tags?post=1861"}],"curies":[{"name":"wp","href":"https:\/\/api.w.org\/{rel}","templated":true}]}}