{"id":1881,"date":"2024-07-15T02:26:56","date_gmt":"2024-07-15T02:26:56","guid":{"rendered":"https:\/\/deportodos.com.ar\/2023\/?p=1881"},"modified":"2024-07-15T02:26:57","modified_gmt":"2024-07-15T02:26:57","slug":"patronato-vencio-a-colon-y-estira-su-buen-momento-como-local","status":"publish","type":"post","link":"https:\/\/deportodos.com.ar\/2023\/patronato-vencio-a-colon-y-estira-su-buen-momento-como-local\/","title":{"rendered":"PATRONATO VENCI\u00d3 A COL\u00d3N Y ESTIRA SU BUEN MOMENTO COMO LOCAL"},"content":{"rendered":"\n<p>El partido que animaron el&nbsp;<em>Patr\u00f3n<\/em>&nbsp;y el&nbsp;<em>Sabalero<\/em>&nbsp;este domingo por la tarde fue el duelo interzonal de la 23\u00b0 fecha de la Primera Nacional. Se llev\u00f3 a cabo en el estadio Presb\u00edtero Bartolom\u00e9 Grella con el arbitraje de Luis Lobo Medina.<\/p>\n\n\n\n<p><strong>Presion\u00f3 y mereci\u00f3<\/strong><\/p>\n\n\n\n<p>De arranque en el juego fue superior Patronato con una postura ofensiva con la que intent\u00f3 meter contra su propia mitad del campo a Col\u00f3n. El&nbsp;<em>Sabalero<\/em>&nbsp;tuvo dificultades al momento de salir jugando y eso qued\u00f3 de manifiesto al minuto, cuando una mala acci\u00f3n de Emanuel Dening impidi\u00f3 aprovechar el ataque inicial.<\/p>\n\n\n\n<p>Sin embargo, con los minutos el duelo se emparej\u00f3 y Col\u00f3n tuvo la primera llegada clara. Fue con un tiro de esquina ejecutado desde el costado izquierdo que encontr\u00f3 a Paolo Goltz en soledad. El hasenkampense se arroj\u00f3 de palomita y remat\u00f3 pegado al poste derecho del arco defendido por Julio Salv\u00e1. Avis\u00f3 bien el visitante.<\/p>\n\n\n\n<p>La respuesta del&nbsp;<em>Patr\u00f3n<\/em>&nbsp;fue casi inmediata con una buena asociaci\u00f3n tras un lateral. Tres toques le bastaron al&nbsp;<em>Rojinegro<\/em>&nbsp;para poner a Gustavo Turraca en posici\u00f3n de tiro. El mediocampista sac\u00f3 un fuerte remate, pero el bal\u00f3n se fue por encima del travesa\u00f1o.<\/p>\n\n\n\n<p>Luego lo tuvo Valent\u00edn Pereyra tras un buen contragolpe iniciado desde el fondo del&nbsp;<em>Patr\u00f3n<\/em>&nbsp;con un desborde por la derecha y pase al medio para la llegada de Valent\u00edn Pereyra. El atacante lleg\u00f3 a empujar el bal\u00f3n, pero lo hizo d\u00e9bil y Manuel Vicentini control\u00f3 sin problemas.<\/p>\n\n\n\n<p>La m\u00e1s clara de Col\u00f3n lleg\u00f3 despu\u00e9s de esa chance. Otra vez en una pelota parada, otra vez ejecutada desde el costado izquierdo, lleg\u00f3 a la cabeza de Ignacio Lago, que gan\u00f3 de cabeza y exigi\u00f3 a Salv\u00e1 con una estupenda estirada que rechaz\u00f3 el remate al tiro de esquina.<\/p>\n\n\n\n<p>Pero las aproximaciones no marcaban el ritmo de juego. En todo momento pareci\u00f3 ser el&nbsp;<em>Patr\u00f3n<\/em>&nbsp;el que m\u00e1s cerca estaba del gol hasta que finalmente lo consigui\u00f3. Fue a los 36, luego de un centro desde la izquierda al primer palo enviado por Emiliano Purita para la llegada a la carrera de Diego Mart\u00ednez. El lateral gan\u00f3 de cabeza y venci\u00f3 a Vicentini para el 1-0 parcial. Unos minutos antes ya hab\u00eda intentado esa jugada el&nbsp;<em>Rojinegro<\/em>, pero la ejecuci\u00f3n de Purita hab\u00eda sido ineficiente.<\/p>\n\n\n\n<p>Tras el gol, Col\u00f3n qued\u00f3 mareado y Patronato aprovech\u00f3 para sumar dos chances m\u00e1s. La primera fue un remate cruzado de Maximiliano Rueda que se fue desviado luego de una recuperaci\u00f3n en ataque. En la segunda tuvo un tiro libre Emiliano Purita, que acab\u00f3 rematando por encima del travesa\u00f1o.<\/p>\n\n\n\n<p>Sobre el final, otra vez apareci\u00f3 Julio Salv\u00e1 para evitar la ca\u00edda de la valla del&nbsp;<em>Patr\u00f3n<\/em>. Esta vez fue ayudado por Diego Mart\u00ednez, que sali\u00f3 al cruce de Toledo cuando el atacante apareci\u00f3 solo por la derecha dispuesto a definir. El defensor amortigu\u00f3 el golpe y el arquero se adue\u00f1\u00f3 de la pelota. As\u00ed termin\u00f3 el primer tiempo.<\/p>\n\n\n\n<p><strong>Aguant\u00f3 y festej\u00f3<\/strong><\/p>\n\n\n\n<p>En el complemento Iv\u00e1n Delfino mand\u00f3 a la cancha a Alexis Sabella, que cambi\u00f3 el estilo de conducci\u00f3n del conjunto&nbsp;<em>Sabalero<\/em>. Col\u00f3n tuvo m\u00e1s la pelota e impidi\u00f3 que Patronato se la saque con tanta facilidad como en el primer tiempo, pero con los minutos el&nbsp;<em>Rojinegro<\/em>&nbsp;volvi\u00f3 al partido y el juego se emparej\u00f3.<\/p>\n\n\n\n<p>Pese a eso, Toledo tuvo una chance clar\u00edsima. Una buena jugada por derecha de Sabella deriv\u00f3 en un centro al \u00e1rea para la llegada de Toledo, que gan\u00f3 de arriba y cabece\u00f3 con comodidad, pero lo hizo con la mala suerte de arrojar el bal\u00f3n justo a las manos de Salv\u00e1. El arquero control\u00f3 la pelota y evit\u00f3 el tanto.<\/p>\n\n\n\n<p>Patronato aguant\u00f3 y tambi\u00e9n cont\u00f3 con opciones para estirar la ventaja. La m\u00e1s clara de todas fue luego de una recuperaci\u00f3n del debutante Alan Bonansea (ingres\u00f3 por Dening), que habilit\u00f3 a Maximiliano Rueda. El mediocampista corri\u00f3 hacia el mano a mano y defini\u00f3 ante Vicentini, que le gan\u00f3 el duelo. Sin embargo, en el rebote volvi\u00f3 a ganar de cabeza el volante, pero su remate se fue desviado por el costado derecho.<\/p>\n\n\n\n<p>Col\u00f3n manej\u00f3 la pelota en el final, ya con Patronato resuelto a defender el resultado sin mayor inter\u00e9s en buscar ampliar la diferencia. Es por eso que pasaron los minutos sin que ocurra mucho m\u00e1s y el&nbsp;<em>Patr\u00f3n<\/em>&nbsp;cerr\u00f3 con victoria.<\/p>\n\n\n\n<p>Triunfazo de Patronato que as\u00ed lleg\u00f3 a los 27 puntos y se ubica en la 14\u00b0 posici\u00f3n de la tabla, a cinco unidades de los puestos de reducido y tres por encima de la promoci\u00f3n. Col\u00f3n, por su parte, cay\u00f3 a la tercera colocaci\u00f3n con 40 unidades, por debajo de San Telmo y Aldosivi.<\/p>\n\n\n\n<p>En la pr\u00f3xima fecha, Patronato deber\u00e1 visitar a Racing de C\u00f3rdoba; mientras que Col\u00f3n ser\u00e1 local de Estudiantes de R\u00edo Cuarto, por la Zona A y Zona B, respectivamente.<\/p>\n\n\n\n<p><strong>-S\u00cdNTESIS-<\/strong><br>Patronato&nbsp;<strong>1-0<\/strong>&nbsp;Col\u00f3n.<\/p>\n\n\n\n<p><strong>Gol:<\/strong><br>36\u2019PT: Diego Mart\u00ednez.<\/p>\n\n\n\n<p><strong>Formaciones:<br>Patronato:<\/strong>&nbsp;Julio Salv\u00e1; Emiliano Purita, Gabriel D\u00edaz, Facundo D\u00edaz, Diego Mart\u00ednez; Maximiliano Rueda, Gustavo Turraca, Valent\u00edn Pereyra; Emanuel Maciel; Franco Coronel y Emanuel Dening.<br>DT: Diego Pozo.<\/p>\n\n\n\n<p><strong>Col\u00f3n:<\/strong>&nbsp;Manuel Vicentini; Ezequiel Herrera, Paolo Goltz, Hern\u00e1n Lopes, Edhard Greising; Federico Jourd\u00e1n, Sebasti\u00e1n Pr\u00e9diger; Fabi\u00e1n Henr\u00edquez, Cristian Bernardi, Ignacio Lago; Javier Toledo.<br>DT: Iv\u00e1n Delfino.<\/p>\n\n\n\n<p><strong>Cambios:<\/strong><br>ET: ingres\u00f3 Alexis Sabella por Fabi\u00e1n Henr\u00edquez (COL).<br>10\u2019ST: ingres\u00f3 Genaro Rossi por Cristian Bernardi (COL).<br>15\u2019ST: ingres\u00f3 Mart\u00edn Ferreyra por Valent\u00edn Pereyra (PAT).<br>26\u2019ST: ingres\u00f3 Ezequiel Gonz\u00e1lez por Emanuel Maciel (PAT).<br>27\u2019ST: ingres\u00f3 Braian Guille por Federico Jourd\u00e1n (COL).<br>38\u2019ST: ingresaron Fabricio Sanguinetti, Agust\u00edn Ramos y Alan Bonansea por Emanuel Dening, Emiliano Purita y Franco Coronel (PAT); ingresaron Nicol\u00e1s Delgadillo y Oscar Garrido por Ezequiel Herrera y Edhard Greising (COL).<\/p>\n\n\n\n<p><strong>Amonestados:<\/strong><br>3\u2019PT: Fabi\u00e1n Henr\u00edquez (COL).<br>12\u2019PT: Federico Jourd\u00e1n (COL).<br>14\u2019PT: Gustavo Turraca (PAT).<br>45\u2019PT: Hern\u00e1n Lopes (COL).<br>6\u2019ST: Emiliano Purita (PAT).<br>14\u2019ST: Edhard Greising (COL).<br>46\u2019ST: Oscar Garrido (COL).<\/p>\n\n\n\n<p><strong>\u00c1rbitro:&nbsp;<\/strong>Luis Lobo Medina.<\/p>\n\n\n\n<p><strong>Estadio:<\/strong>\u00a0Presb\u00edtero Bartolom\u00e9 Grella.<\/p>\n\n\n\n<blockquote class=\"wp-block-quote is-layout-flow wp-block-quote-is-layout-flow\">\n<p><\/p>\n<cite>www.analisisdigital.com.ar<\/cite><\/blockquote>\n","protected":false},"excerpt":{"rendered":"<p>El partido que animaron el&nbsp;Patr\u00f3n&nbsp;y el&nbsp;Sabalero&nbsp;este domingo por la tarde fue el duelo interzonal de&#8230;<\/p>\n","protected":false},"author":2,"featured_media":1882,"comment_status":"open","ping_status":"open","sticky":false,"template":"","format":"standard","meta":{"footnotes":""},"categories":[36],"tags":[],"class_list":["post-1881","post","type-post","status-publish","format-standard","has-post-thumbnail","hentry","category-futbol"],"featured_image_urls":{"full":["https:\/\/deportodos.com.ar\/2023\/wp-content\/uploads\/2024\/07\/patronato_gol_8.jpg",450,300,false],"thumbnail":["https:\/\/deportodos.com.ar\/2023\/wp-content\/uploads\/2024\/07\/patronato_gol_8-150x150.jpg",150,150,true],"medium":["https:\/\/deportodos.com.ar\/2023\/wp-content\/uploads\/2024\/07\/patronato_gol_8-300x200.jpg",300,200,true],"medium_large":["https:\/\/deportodos.com.ar\/2023\/wp-content\/uploads\/2024\/07\/patronato_gol_8.jpg",450,300,false],"large":["https:\/\/deportodos.com.ar\/2023\/wp-content\/uploads\/2024\/07\/patronato_gol_8.jpg",450,300,false],"1536x1536":["https:\/\/deportodos.com.ar\/2023\/wp-content\/uploads\/2024\/07\/patronato_gol_8.jpg",450,300,false],"2048x2048":["https:\/\/deportodos.com.ar\/2023\/wp-content\/uploads\/2024\/07\/patronato_gol_8.jpg",450,300,false],"covernews-featured":["https:\/\/deportodos.com.ar\/2023\/wp-content\/uploads\/2024\/07\/patronato_gol_8.jpg",450,300,false],"covernews-medium":["https:\/\/deportodos.com.ar\/2023\/wp-content\/uploads\/2024\/07\/patronato_gol_8.jpg",450,300,false]},"author_info":{"display_name":"c2530142","author_link":"https:\/\/deportodos.com.ar\/2023\/author\/c2530142\/"},"category_info":"<a href=\"https:\/\/deportodos.com.ar\/2023\/category\/futbol\/\" rel=\"category tag\">Futbol<\/a>","tag_info":"Futbol","comment_count":"0","_links":{"self":[{"href":"https:\/\/deportodos.com.ar\/2023\/wp-json\/wp\/v2\/posts\/1881","targetHints":{"allow":["GET"]}}],"collection":[{"href":"https:\/\/deportodos.com.ar\/2023\/wp-json\/wp\/v2\/posts"}],"about":[{"href":"https:\/\/deportodos.com.ar\/2023\/wp-json\/wp\/v2\/types\/post"}],"author":[{"embeddable":true,"href":"https:\/\/deportodos.com.ar\/2023\/wp-json\/wp\/v2\/users\/2"}],"replies":[{"embeddable":true,"href":"https:\/\/deportodos.com.ar\/2023\/wp-json\/wp\/v2\/comments?post=1881"}],"version-history":[{"count":1,"href":"https:\/\/deportodos.com.ar\/2023\/wp-json\/wp\/v2\/posts\/1881\/revisions"}],"predecessor-version":[{"id":1883,"href":"https:\/\/deportodos.com.ar\/2023\/wp-json\/wp\/v2\/posts\/1881\/revisions\/1883"}],"wp:featuredmedia":[{"embeddable":true,"href":"https:\/\/deportodos.com.ar\/2023\/wp-json\/wp\/v2\/media\/1882"}],"wp:attachment":[{"href":"https:\/\/deportodos.com.ar\/2023\/wp-json\/wp\/v2\/media?parent=1881"}],"wp:term":[{"taxonomy":"category","embeddable":true,"href":"https:\/\/deportodos.com.ar\/2023\/wp-json\/wp\/v2\/categories?post=1881"},{"taxonomy":"post_tag","embeddable":true,"href":"https:\/\/deportodos.com.ar\/2023\/wp-json\/wp\/v2\/tags?post=1881"}],"curies":[{"name":"wp","href":"https:\/\/api.w.org\/{rel}","templated":true}]}}