{"id":1894,"date":"2024-07-16T15:03:11","date_gmt":"2024-07-16T15:03:11","guid":{"rendered":"https:\/\/deportodos.com.ar\/2023\/?p=1894"},"modified":"2024-08-01T15:19:29","modified_gmt":"2024-08-01T15:19:29","slug":"la-formula-3-volvio-al-autodromo-de-gualeguaychu","status":"publish","type":"post","link":"https:\/\/deportodos.com.ar\/2023\/la-formula-3-volvio-al-autodromo-de-gualeguaychu\/","title":{"rendered":"LA F\u00d3RMULA 3 VOLVI\u00d3 AL AUTODROMO DE GUALEGUAYCHU"},"content":{"rendered":"\n<figure class=\"wp-block-image\"><img decoding=\"async\" src=\"https:\/\/www.maximaonline.com.ar\/multimedia\/noticias\/img_46573_landscape_h__Gualeguaychu_1721052015.jpg\" alt=\"\"\/><\/figure>\n\n\n\n<hr class=\"wp-block-separator has-alpha-channel-opacity\"\/>\n\n\n\n<p>Con un buen marco de p\u00fablico, la F3 volvi\u00f3 a correr en Gualeguaych\u00fa con un interesante parque de m\u00e1quinas. La s\u00e9ptima fecha qued\u00f3 en manos de Juan Percara. En tanto, el piloto Julio Vel\u00e1squez de Gualeguaych\u00fa finaliz\u00f3 en el octavo puesto. Juan Leonardelli , por su parte, gan\u00f3 la octava fecha, seguido de Benjam\u00edn Traverso. Al podio lo complet\u00f3 Mario Facello.<\/p>\n\n\n\n<p>En Citro\u00ebn Competici\u00f3n, Clase A, la primera y segunda final fue para L\u00f3pez Delcausse, que trep\u00f3 a lo m\u00e1s alto del podio en dos ocasiones; mientras que Maximiliano P\u00e9rez lo hizo en la Clase B con dos victorias.<\/p>\n\n\n\n<p>En el TC del Litoral, Clase A, Juan Pablo Dalcol gan\u00f3 la cuarta fecha; mientras que Juan Manuel Farabello se qued\u00f3 con la quinta, tras haber finalizado segundo en la primera final de la doble fecha del TC del Litoral. En la Clase B, Andr\u00e9s Kohlman termin\u00f3 en el primer lugar en la cuarta y en la quinta fecha.<\/p>\n\n\n\n<p>Por su parte, en el Karting Asfalto Gualeguaych\u00fa que abri\u00f3 la jornada del domingo en el Aut\u00f3dromo, los ganadores fueron Nicol\u00e1s Tofol\u00f3n, en 110cc Mayores; Jorge Tejera en 150cc B y C y Juan Manuel Laplacette en 150cc D.<\/p>\n\n\n\n<p>Fuente: Municipalidad de Gualeguaych\u00fa<\/p>\n","protected":false},"excerpt":{"rendered":"<p>Con un buen marco de p\u00fablico, la F3 volvi\u00f3 a correr en Gualeguaych\u00fa con un&#8230;<\/p>\n","protected":false},"author":2,"featured_media":1895,"comment_status":"open","ping_status":"open","sticky":false,"template":"","format":"standard","meta":{"footnotes":""},"categories":[6],"tags":[],"class_list":["post-1894","post","type-post","status-publish","format-standard","has-post-thumbnail","hentry","category-automovilismo"],"featured_image_urls":{"full":["https:\/\/deportodos.com.ar\/2023\/wp-content\/uploads\/2024\/07\/img_46573_landscape_h__Gualeguaychu_1721052015.jpg",1200,800,false],"thumbnail":["https:\/\/deportodos.com.ar\/2023\/wp-content\/uploads\/2024\/07\/img_46573_landscape_h__Gualeguaychu_1721052015-150x150.jpg",150,150,true],"medium":["https:\/\/deportodos.com.ar\/2023\/wp-content\/uploads\/2024\/07\/img_46573_landscape_h__Gualeguaychu_1721052015-300x200.jpg",300,200,true],"medium_large":["https:\/\/deportodos.com.ar\/2023\/wp-content\/uploads\/2024\/07\/img_46573_landscape_h__Gualeguaychu_1721052015-768x512.jpg",640,427,true],"large":["https:\/\/deportodos.com.ar\/2023\/wp-content\/uploads\/2024\/07\/img_46573_landscape_h__Gualeguaychu_1721052015-1024x683.jpg",640,427,true],"1536x1536":["https:\/\/deportodos.com.ar\/2023\/wp-content\/uploads\/2024\/07\/img_46573_landscape_h__Gualeguaychu_1721052015.jpg",1200,800,false],"2048x2048":["https:\/\/deportodos.com.ar\/2023\/wp-content\/uploads\/2024\/07\/img_46573_landscape_h__Gualeguaychu_1721052015.jpg",1200,800,false],"covernews-featured":["https:\/\/deportodos.com.ar\/2023\/wp-content\/uploads\/2024\/07\/img_46573_landscape_h__Gualeguaychu_1721052015-1024x683.jpg",1024,683,true],"covernews-medium":["https:\/\/deportodos.com.ar\/2023\/wp-content\/uploads\/2024\/07\/img_46573_landscape_h__Gualeguaychu_1721052015-540x340.jpg",540,340,true]},"author_info":{"display_name":"c2530142","author_link":"https:\/\/deportodos.com.ar\/2023\/author\/c2530142\/"},"category_info":"<a href=\"https:\/\/deportodos.com.ar\/2023\/category\/automovilismo\/\" rel=\"category tag\">Automovilismo<\/a>","tag_info":"Automovilismo","comment_count":"0","_links":{"self":[{"href":"https:\/\/deportodos.com.ar\/2023\/wp-json\/wp\/v2\/posts\/1894","targetHints":{"allow":["GET"]}}],"collection":[{"href":"https:\/\/deportodos.com.ar\/2023\/wp-json\/wp\/v2\/posts"}],"about":[{"href":"https:\/\/deportodos.com.ar\/2023\/wp-json\/wp\/v2\/types\/post"}],"author":[{"embeddable":true,"href":"https:\/\/deportodos.com.ar\/2023\/wp-json\/wp\/v2\/users\/2"}],"replies":[{"embeddable":true,"href":"https:\/\/deportodos.com.ar\/2023\/wp-json\/wp\/v2\/comments?post=1894"}],"version-history":[{"count":1,"href":"https:\/\/deportodos.com.ar\/2023\/wp-json\/wp\/v2\/posts\/1894\/revisions"}],"predecessor-version":[{"id":1896,"href":"https:\/\/deportodos.com.ar\/2023\/wp-json\/wp\/v2\/posts\/1894\/revisions\/1896"}],"wp:featuredmedia":[{"embeddable":true,"href":"https:\/\/deportodos.com.ar\/2023\/wp-json\/wp\/v2\/media\/1895"}],"wp:attachment":[{"href":"https:\/\/deportodos.com.ar\/2023\/wp-json\/wp\/v2\/media?parent=1894"}],"wp:term":[{"taxonomy":"category","embeddable":true,"href":"https:\/\/deportodos.com.ar\/2023\/wp-json\/wp\/v2\/categories?post=1894"},{"taxonomy":"post_tag","embeddable":true,"href":"https:\/\/deportodos.com.ar\/2023\/wp-json\/wp\/v2\/tags?post=1894"}],"curies":[{"name":"wp","href":"https:\/\/api.w.org\/{rel}","templated":true}]}}