{"id":1905,"date":"2024-07-18T13:19:38","date_gmt":"2024-07-18T13:19:38","guid":{"rendered":"https:\/\/deportodos.com.ar\/2023\/?p=1905"},"modified":"2024-08-01T15:19:29","modified_gmt":"2024-08-01T15:19:29","slug":"campeonato-sudamericano-de-natacion-en-aguas-frias-en-la-recta-final","status":"publish","type":"post","link":"https:\/\/deportodos.com.ar\/2023\/campeonato-sudamericano-de-natacion-en-aguas-frias-en-la-recta-final\/","title":{"rendered":"CAMPEONATO SUDAMERICANO DE NATACION EN AGUAS FRIAS EN LA RECTA FINAL"},"content":{"rendered":"\n<p>Pocas horas faltan para que el espejo de aguas del Lago de Salto Grande sea el escenario del inicio del Campeonato Sudamericano de Nataci\u00f3n en Aguas Abiertas Fr\u00edas bajo el nombre de CONCORDIA NADA EN INVIERNO el pr\u00f3ximo fin de semana del 20 y 21 de julio.<\/p>\n\n\n\n<p>Evento declarado de Inter\u00e9s Deportivo Municipal por el Concejo Deliberante de Concordia<\/p>\n\n\n\n<p>La actividad tendr\u00e1 epicentro en el Camping de SIATRASAG, en el sector de Seno Yacar\u00e9.<\/p>\n\n\n\n<p>Ser\u00e1n m\u00e1s de 190 los participantes con origen en 85 ciudades de 13 provincias argentinas, algunas tan lejanas como La Rioja y Neuqu\u00e9n y localidades de la Rca. Oriental del Uruguay, Chile, Brasil y Colombia.<\/p>\n\n\n\n<p>Las actividades comenzaran el s\u00e1bado 20 a partir de las 12 horas con la recepci\u00f3n y acreditaci\u00f3n de los nadadores, entrega de kits, charla t\u00e9cnica, prueba de ambientaci\u00f3n sobre 500 metros, charla motivacional a cargo del 4 veces campe\u00f3n mundial de aguas abiertas e integrante del Hall de la Fama de la Nataci\u00f3n Mundial CLAUDIO PLIT y refrigerio de confraternidad.<\/p>\n\n\n\n<p>En tanto que el d\u00eda domingo a partir de 8:45 hs. se continua con la acreditaci\u00f3n, entrega de chips electr\u00f3nicos para la clasificaci\u00f3n y pintado de n\u00fameros.<\/p>\n\n\n\n<p>A las 10:30 hs se realizar\u00e1 la prueba de 1000 metros sobre un circuito boyado y a las 11:15 hs ser\u00e1 el turno de la prueba de 2000 metros, que ser\u00e1n dos vueltas al circuito.<\/p>\n\n\n\n<p>En ambas distancias los participantes podr\u00e1n hacerlo con traje de neopreno, aunque la mayor\u00eda est\u00e1 inscripto sin traje, en cuero como vulgarmente se dice en el ambiente de las aguas fr\u00edas.<\/p>\n\n\n\n<p>La entrega de premios, reconocimientos y sorteos est\u00e1 prevista para las 13:30 horas.<\/p>\n\n\n\n<p>Es esta la primera vez que desde el Ente Rector de la especialidad, NAF Argentina, se impulsa la realizaci\u00f3n de un Campeonato Sudamericano para dar mayor fortaleza a una disciplina en franco desarrollo en los pa\u00edses involucrados en su organizaci\u00f3n.<\/p>\n\n\n\n<p>Resultando un gran honor, a la vez de importante compromiso y esfuerzo, que la Organizaci\u00f3n local, Concordia y la provincia de Entre R\u00edos sean los elegidos para llevar adelante el cap\u00edtulo argentino del 1er. Campeonato Sudamericano, en simultaneo con el Campeonato Argentino.<\/p>\n\n\n\n<p>Cabe mencionar que el CAMPEONATO SUDAMERICANO de Aguas Fr\u00edas consta de tres fechas puntuables, la realizada el pasado 23 de junio en Puerto Chalupa, Chile. La fecha de Concordia y el cierre ser\u00e1 en Montevideo ROU el 28 de setiembre.<\/p>\n\n\n\n<p>CLAUDIO PLIT<\/p>\n\n\n\n<p>La presencia del 4 veces campe\u00f3n mundial de aguas abiertas, integrante del Hall de la Fama de la Nataci\u00f3n Internacional, protagonista y referente excluyente de la especialidad desde hace 4 d\u00e9cadas Claudio PLIT ser\u00e1 un punto muy destacado para la jornada del Sudamericano de Concordia.<\/p>\n\n\n\n<p>Casualmente, hace exactamente un mes, Plit estuvo participando de la emblem\u00e1tica Maratona Acu\u00e1tica Capri-Napoles que a trav\u00e9s de 35 km une la Isla de Capri con el puerto de N\u00e1poles en el Mar Tirreno. Siendo Plit el argentino con mayor cantidad de presencias en esa prueba y quien m\u00e1s veces la gano como profesional: 4.<\/p>\n\n\n\n<p>Sera Plit el encargado de la charla motivacional a los participantes del d\u00eda s\u00e1bado, seguramente oportunidad para prolongar la tertulia con innumerables vivencias y an\u00e9cdotas. Nadando el d\u00eda domingo la prueba de 2000mts.<\/p>\n\n\n\n<p>LOCALES:<\/p>\n\n\n\n<p>Un importante n\u00famero de nadadores concordienses ser\u00e1n protagonistas de esta doble jornada, nucleados en NAF Concordia equipo liderado por las profesoras Eliana Medina y Soledad Pedro, que cumplir\u00e1n el doble papel de competidores y anfitriones del evento.<\/p>\n\n\n\n<p>Desde la organizaci\u00f3n, en conjunto de NAF Concordia y Nataci\u00f3n Rio Uruguay, se reconoce el acompa\u00f1amiento brindado desde Subsecretaria de Deportes, Subsecretaria de Turismo, Servicio de Emergencias de la Municipalidad, CODESAL, SIATRASAG, Municipio de Estancia Grande, Prefectura Salto Grande y el apoyo de numerosas empresas y comercios locales y nacionales.<\/p>\n","protected":false},"excerpt":{"rendered":"<p>Pocas horas faltan para que el espejo de aguas del Lago de Salto Grande sea&#8230;<\/p>\n","protected":false},"author":2,"featured_media":1906,"comment_status":"open","ping_status":"open","sticky":false,"template":"","format":"standard","meta":{"footnotes":""},"categories":[49],"tags":[],"class_list":["post-1905","post","type-post","status-publish","format-standard","has-post-thumbnail","hentry","category-aguas-abiertas"],"featured_image_urls":{"full":["https:\/\/deportodos.com.ar\/2023\/wp-content\/uploads\/2024\/07\/WhatsApp-Image-2024-07-18-at-10.15.58.jpeg",1080,1080,false],"thumbnail":["https:\/\/deportodos.com.ar\/2023\/wp-content\/uploads\/2024\/07\/WhatsApp-Image-2024-07-18-at-10.15.58-150x150.jpeg",150,150,true],"medium":["https:\/\/deportodos.com.ar\/2023\/wp-content\/uploads\/2024\/07\/WhatsApp-Image-2024-07-18-at-10.15.58-300x300.jpeg",300,300,true],"medium_large":["https:\/\/deportodos.com.ar\/2023\/wp-content\/uploads\/2024\/07\/WhatsApp-Image-2024-07-18-at-10.15.58-768x768.jpeg",640,640,true],"large":["https:\/\/deportodos.com.ar\/2023\/wp-content\/uploads\/2024\/07\/WhatsApp-Image-2024-07-18-at-10.15.58-1024x1024.jpeg",640,640,true],"1536x1536":["https:\/\/deportodos.com.ar\/2023\/wp-content\/uploads\/2024\/07\/WhatsApp-Image-2024-07-18-at-10.15.58.jpeg",1080,1080,false],"2048x2048":["https:\/\/deportodos.com.ar\/2023\/wp-content\/uploads\/2024\/07\/WhatsApp-Image-2024-07-18-at-10.15.58.jpeg",1080,1080,false],"covernews-featured":["https:\/\/deportodos.com.ar\/2023\/wp-content\/uploads\/2024\/07\/WhatsApp-Image-2024-07-18-at-10.15.58-1024x1024.jpeg",1024,1024,true],"covernews-medium":["https:\/\/deportodos.com.ar\/2023\/wp-content\/uploads\/2024\/07\/WhatsApp-Image-2024-07-18-at-10.15.58-540x340.jpeg",540,340,true]},"author_info":{"display_name":"c2530142","author_link":"https:\/\/deportodos.com.ar\/2023\/author\/c2530142\/"},"category_info":"<a href=\"https:\/\/deportodos.com.ar\/2023\/category\/aguas-abiertas\/\" rel=\"category tag\">Aguas abiertas<\/a>","tag_info":"Aguas abiertas","comment_count":"0","_links":{"self":[{"href":"https:\/\/deportodos.com.ar\/2023\/wp-json\/wp\/v2\/posts\/1905","targetHints":{"allow":["GET"]}}],"collection":[{"href":"https:\/\/deportodos.com.ar\/2023\/wp-json\/wp\/v2\/posts"}],"about":[{"href":"https:\/\/deportodos.com.ar\/2023\/wp-json\/wp\/v2\/types\/post"}],"author":[{"embeddable":true,"href":"https:\/\/deportodos.com.ar\/2023\/wp-json\/wp\/v2\/users\/2"}],"replies":[{"embeddable":true,"href":"https:\/\/deportodos.com.ar\/2023\/wp-json\/wp\/v2\/comments?post=1905"}],"version-history":[{"count":1,"href":"https:\/\/deportodos.com.ar\/2023\/wp-json\/wp\/v2\/posts\/1905\/revisions"}],"predecessor-version":[{"id":1907,"href":"https:\/\/deportodos.com.ar\/2023\/wp-json\/wp\/v2\/posts\/1905\/revisions\/1907"}],"wp:featuredmedia":[{"embeddable":true,"href":"https:\/\/deportodos.com.ar\/2023\/wp-json\/wp\/v2\/media\/1906"}],"wp:attachment":[{"href":"https:\/\/deportodos.com.ar\/2023\/wp-json\/wp\/v2\/media?parent=1905"}],"wp:term":[{"taxonomy":"category","embeddable":true,"href":"https:\/\/deportodos.com.ar\/2023\/wp-json\/wp\/v2\/categories?post=1905"},{"taxonomy":"post_tag","embeddable":true,"href":"https:\/\/deportodos.com.ar\/2023\/wp-json\/wp\/v2\/tags?post=1905"}],"curies":[{"name":"wp","href":"https:\/\/api.w.org\/{rel}","templated":true}]}}