{"id":1926,"date":"2024-07-22T00:07:48","date_gmt":"2024-07-22T00:07:48","guid":{"rendered":"https:\/\/deportodos.com.ar\/2023\/?p=1926"},"modified":"2024-08-01T15:18:59","modified_gmt":"2024-08-01T15:18:59","slug":"el-karting-entrerriano-agito-la-paz","status":"publish","type":"post","link":"https:\/\/deportodos.com.ar\/2023\/el-karting-entrerriano-agito-la-paz\/","title":{"rendered":"EL KARTING ENTRERRIANO AGITO LA PAZ"},"content":{"rendered":"\n<p><strong>El Campeonato Entrerriano de Karting cumpli\u00f3 con su quinta fecha anual en el kart\u00f3dromo pace\u00f1o, donde Emilio L\u00f3pez Ferro, Malco Estebenet, Franco Cecchini, Gonzalo Callejas, Uriel Rodr\u00edguez, Pablo Zapata y Mario G\u00f3mez obtuvieron los triunfos finales.<\/strong><\/p>\n\n\n\n<p>Exactamente tres meses despu\u00e9s de la visita anterior, el Auto Club La Paz volvi\u00f3 a recibir al certamen de karting m\u00e1s importante de la provincia, que present\u00f3 casi 150 karts y grandes espect\u00e1culos en pista.<\/p>\n\n\n\n<p>Despu\u00e9s de que las once series abrieran el fuego dominical, vendr\u00eda la acci\u00f3n principal de la jornada, con la disputa de siete finales. Nuevamente, la pionera fue la de la 150cc Promocional, donde prevaleci\u00f3 Emilio L\u00f3pez Ferro (segundo triunfo en el a\u00f1o) en un desenlace memorable y por s\u00f3lo 48 mil\u00e9simas sobre su escolta Tiziano Cantero.<\/p>\n\n\n\n<p>M\u00e1s tarde, los carrerones de la 150cc Mayores \u201cB\u201d, ganados por Malco Estebenet (segunda victoria consecutiva) y Franco Cecchini (tercera en este 2024), este \u00faltimo por apenas 61 mil\u00e9simas con respecto al segundo Ezequiel S\u00e1nchez. A continuaci\u00f3n vendr\u00eda otra gran batalla, la de la 110cc Escuela, con el segundo triunfo anual de Gonzalo Callejas.<\/p>\n\n\n\n<p>Luego fue el turno de la 150cc Junior \u201cA\u201d, con la segunda victoria seguida de Uriel Rodr\u00edguez. Y, para cerrar el domingo, las electrizantes competencias de la 150cc Mayores \u201cC\u201d, donde vencer\u00edan Pablo Zapata (cuatro de cinco en esta temporada) y el primerizo Mario G\u00f3mez (por casi inexistente diferencia de 43 mil\u00e9simas sobre Ricardo Narcisi).<\/p>\n\n\n\n<p>Cabe aclarar que en esta fecha no fue de la partida la 125cc Internacional, por no reunir el n\u00famero m\u00ednimo de participantes.<\/p>\n\n\n\n<p>Resultados finales EXTRAOFICIALES sujetos a verificaci\u00f3n t\u00e9cnica y deportiva:<\/p>\n\n\n\n<p><strong>\u2013&nbsp;<u>150cc Promocional (18 karts):<\/u><\/strong>&nbsp;1\u00b0Emilio L\u00f3pez Ferro, 2\u00b0Tiziano Cantero, 3\u00b0Francesco Charreun\/\/ 4\u00b0Mateo Fern\u00e1ndez, 5\u00b0Gustavo Grimaldi, 6\u00b0Jerem\u00edas Esquivel, 7\u00b0Gaspar Maschio, 8\u00b0Ger\u00f3nimo Zilloni, 9\u00b0Bruno Masetto, 10\u00b0Kamila Hilltt.<\/p>\n\n\n\n<p><strong>\u2013&nbsp;<u>150cc Mayores \u201cB\u201d- Final 1 (21):<\/u><\/strong>&nbsp;1\u00b0Malco Estebenet, 2\u00b0Julio Vel\u00e1zquez, 3\u00b0Agust\u00edn De Zan\/\/ 4\u00b0Mat\u00edas Mouchet, 5\u00b0Lucas Ronconi, 6\u00b0Alejo Weiss, 7\u00b0Manuel Milera, 8\u00b0Sof\u00eda Percara, 9\u00b0Juan Angerosa, 10\u00b0Eric Jacob.<\/p>\n\n\n\n<p><strong>\u2013&nbsp;<u>150cc Mayores \u201cB\u201d- Final 2 (21):<\/u><\/strong>&nbsp;1\u00b0Franco Cecchini, 2\u00b0Ezequiel S\u00e1nchez, 3\u00b0Franco Balbuena\/\/ 4\u00b0Luca Fiorotto, 5\u00b0Ulises Pauletti, 6\u00b0Franco Geminiani, 7\u00b0Gast\u00f3n Bon\u00edn, 8\u00b0Lucas Romero, 9\u00b0Franco Bozo, 10\u00b0Dai\u00e1n Favre.<\/p>\n\n\n\n<p><strong>\u2013&nbsp;<u>110cc Escuela (13):<\/u><\/strong>&nbsp;1\u00b0Gonzalo Callejas (URU), 2\u00b0Benjam\u00edn Iglesias, 3\u00b0Luis Barrientos\/\/ 4\u00b0\u00c1lvaro Sabisky, 5\u00b0Vicente Allodi, 6\u00b0Lorenzo Piacenza, 7\u00b0M\u00e1ximo Montiel, 8\u00b0Santiago Secchi, 9\u00b0Santiago Stivanello, 10\u00b0Valentino Benigni.<\/p>\n\n\n\n<p><strong>\u2013&nbsp;<u>150cc Junior \u201cA\u201d (26):<\/u><\/strong>&nbsp;1\u00b0Uriel Rodr\u00edguez, 2\u00b0Joaqu\u00edn Pagola Jacob, 3\u00b0Juan Manuel Laplacette\/\/ 4\u00b0Bautista Milevcic, 5\u00b0Enzo De Zan, 6\u00b0Camilo Lound, 7\u00b0Benjam\u00edn Squaglia, 8\u00b0Tom\u00e1s Arosio, 9\u00b0Dami\u00e1n Cleppe, 10\u00b0Felipe Saloj.<\/p>\n\n\n\n<p><strong>\u2013&nbsp;<u>150cc Mayores \u201cC\u201d- Final 1 (21):<\/u><\/strong>&nbsp;1\u00b0Pablo Zapata, 2\u00b0Leonardo Palombizio, 3\u00b0Paulo Alfaro\/\/ 4\u00b0Mart\u00edn Palavecino, 5\u00b0Jonathan Loskin, 6\u00b0Estanislao Ceballos, 7\u00b0Federico Solda, 8\u00b0Pablo Gabas, 9\u00b0Eugenio Manassero, 10\u00b0Jorge Mario Typek.<\/p>\n\n\n\n<p><strong>\u2013&nbsp;<u>150cc Mayores \u201cC\u201d- Final 2 (20):<\/u><\/strong>&nbsp;1\u00b0Mario G\u00f3mez, 2\u00b0Ricardo Narcisi, 3\u00b0Omar Mart\u00ednez\/\/ 4\u00b0Nicol\u00e1s Broggi, 5\u00b0Facundo Palombizio, 6\u00b0Gabriel Denoni, 7\u00b0Juan Pablo Tomassi, 8\u00b0Cristian Quir\u00f3s, 9\u00b0Juan Augusto Bilbao, 10\u00b0Carlos Jos\u00e9 L\u00f3pez.<\/p>\n\n\n\n<p><strong>\u2013&nbsp;<u>Copa M\u00e1ster 150cc (10):<\/u><\/strong>&nbsp;1\u00b0Omar Mart\u00ednez, 2\u00b0Mart\u00edn Palavecino, 3\u00b0Gabriel Denoni\/\/ 4\u00b0Cristian Quir\u00f3s, 5\u00b0Carlos Jos\u00e9 L\u00f3pez, 6\u00b0Santiago Antivero, 7\u00b0Alejandro P\u00e9rez, 8\u00b0Francisco Michelli, 9\u00b0Luis Viviani, 10\u00b0Leonardo Castro<\/p>\n\n\n\n<p>La pr\u00f3xima fecha ser\u00e1 el 24 y 25 de agosto en Concepci\u00f3n del Uruguay<\/p>\n\n\n\n<p>PRENSA ACEKP: Rodrigo Bouvet<\/p>\n\n\n\n<p>FOTOS: Andr\u00e9s Queirolo<\/p>\n\n\n\n<blockquote class=\"wp-block-quote is-layout-flow wp-block-quote-is-layout-flow\">\n<blockquote class=\"wp-block-quote is-layout-flow wp-block-quote-is-layout-flow\">\n<p>www.kartingentrerriano.com.ar<\/p>\n<\/blockquote>\n<\/blockquote>\n\n\n\n<blockquote class=\"wp-block-quote is-layout-flow wp-block-quote-is-layout-flow\"><\/blockquote>\n\n\n\n<blockquote class=\"wp-block-quote is-layout-flow wp-block-quote-is-layout-flow\">\n<blockquote class=\"wp-block-quote is-layout-flow wp-block-quote-is-layout-flow\"><\/blockquote>\n<\/blockquote>\n","protected":false},"excerpt":{"rendered":"<p>El Campeonato Entrerriano de Karting cumpli\u00f3 con su quinta fecha anual en el kart\u00f3dromo pace\u00f1o,&#8230;<\/p>\n","protected":false},"author":2,"featured_media":1929,"comment_status":"open","ping_status":"open","sticky":false,"template":"","format":"standard","meta":{"footnotes":""},"categories":[48],"tags":[],"class_list":["post-1926","post","type-post","status-publish","format-standard","has-post-thumbnail","hentry","category-karting"],"featured_image_urls":{"full":["https:\/\/deportodos.com.ar\/2023\/wp-content\/uploads\/2024\/07\/IMG-20240721-WA0061.jpg",1600,1066,false],"thumbnail":["https:\/\/deportodos.com.ar\/2023\/wp-content\/uploads\/2024\/07\/IMG-20240721-WA0061-150x150.jpg",150,150,true],"medium":["https:\/\/deportodos.com.ar\/2023\/wp-content\/uploads\/2024\/07\/IMG-20240721-WA0061-300x200.jpg",300,200,true],"medium_large":["https:\/\/deportodos.com.ar\/2023\/wp-content\/uploads\/2024\/07\/IMG-20240721-WA0061-768x512.jpg",640,427,true],"large":["https:\/\/deportodos.com.ar\/2023\/wp-content\/uploads\/2024\/07\/IMG-20240721-WA0061-1024x682.jpg",640,426,true],"1536x1536":["https:\/\/deportodos.com.ar\/2023\/wp-content\/uploads\/2024\/07\/IMG-20240721-WA0061-1536x1023.jpg",1536,1023,true],"2048x2048":["https:\/\/deportodos.com.ar\/2023\/wp-content\/uploads\/2024\/07\/IMG-20240721-WA0061.jpg",1600,1066,false],"covernews-featured":["https:\/\/deportodos.com.ar\/2023\/wp-content\/uploads\/2024\/07\/IMG-20240721-WA0061-1024x682.jpg",1024,682,true],"covernews-medium":["https:\/\/deportodos.com.ar\/2023\/wp-content\/uploads\/2024\/07\/IMG-20240721-WA0061-540x340.jpg",540,340,true]},"author_info":{"display_name":"c2530142","author_link":"https:\/\/deportodos.com.ar\/2023\/author\/c2530142\/"},"category_info":"<a href=\"https:\/\/deportodos.com.ar\/2023\/category\/karting\/\" rel=\"category tag\">Karting<\/a>","tag_info":"Karting","comment_count":"0","_links":{"self":[{"href":"https:\/\/deportodos.com.ar\/2023\/wp-json\/wp\/v2\/posts\/1926","targetHints":{"allow":["GET"]}}],"collection":[{"href":"https:\/\/deportodos.com.ar\/2023\/wp-json\/wp\/v2\/posts"}],"about":[{"href":"https:\/\/deportodos.com.ar\/2023\/wp-json\/wp\/v2\/types\/post"}],"author":[{"embeddable":true,"href":"https:\/\/deportodos.com.ar\/2023\/wp-json\/wp\/v2\/users\/2"}],"replies":[{"embeddable":true,"href":"https:\/\/deportodos.com.ar\/2023\/wp-json\/wp\/v2\/comments?post=1926"}],"version-history":[{"count":2,"href":"https:\/\/deportodos.com.ar\/2023\/wp-json\/wp\/v2\/posts\/1926\/revisions"}],"predecessor-version":[{"id":1930,"href":"https:\/\/deportodos.com.ar\/2023\/wp-json\/wp\/v2\/posts\/1926\/revisions\/1930"}],"wp:featuredmedia":[{"embeddable":true,"href":"https:\/\/deportodos.com.ar\/2023\/wp-json\/wp\/v2\/media\/1929"}],"wp:attachment":[{"href":"https:\/\/deportodos.com.ar\/2023\/wp-json\/wp\/v2\/media?parent=1926"}],"wp:term":[{"taxonomy":"category","embeddable":true,"href":"https:\/\/deportodos.com.ar\/2023\/wp-json\/wp\/v2\/categories?post=1926"},{"taxonomy":"post_tag","embeddable":true,"href":"https:\/\/deportodos.com.ar\/2023\/wp-json\/wp\/v2\/tags?post=1926"}],"curies":[{"name":"wp","href":"https:\/\/api.w.org\/{rel}","templated":true}]}}