{"id":1938,"date":"2024-07-22T09:55:13","date_gmt":"2024-07-22T09:55:13","guid":{"rendered":"https:\/\/deportodos.com.ar\/2023\/?p=1938"},"modified":"2024-08-01T15:18:57","modified_gmt":"2024-08-01T15:18:57","slug":"exequiel-bastidas-gano-el-turismo-pista-en-parana","status":"publish","type":"post","link":"https:\/\/deportodos.com.ar\/2023\/exequiel-bastidas-gano-el-turismo-pista-en-parana\/","title":{"rendered":"EXEQUIEL BASTIDAS GAN\u00d3 EL TURISMO PISTA EN PARAN\u00c1"},"content":{"rendered":"\n<p>Este domingo se llev\u00f3 a cabo la sexta final de la temporada del Turismo Pista. En el Aut\u00f3dromo Ciudad de Paran\u00e1, las tres categor\u00edas midieron a sus pilotos a lo largo de la ma\u00f1ana y entrado el mediod\u00eda en la capital entrerriana. Clase 1, Clase 2 y Clase 3 pusieron en pista a sus pilotos para determinar al mejor del fin de semana.<\/p>\n\n\n\n<p>En la Clase 3 se impuso el paranaense Exequiel Bastidas. El \u00faltimo campe\u00f3n acab\u00f3 llev\u00e1ndose todos los puntos: gan\u00f3 la clasificaci\u00f3n, venci\u00f3 en su serie (la segunda m\u00e1s veloz) y luego se impuso en la final para acabar con todos los puntos en su poder. De esta manera, contin\u00faa liderando la tabla de posiciones.<\/p>\n\n\n\n<p>En la carrera que el paranaense finaliz\u00f3 en 26 minutos, 28 segundos y 258 mil\u00e9simas, &nbsp;lo siguieron Santiago Tambucci y Mat\u00edas Canapino. El primero, que qued\u00f3 a 783 mil\u00e9simas, fue el principal escollo de Bastidas para la victoria, ya que debi\u00f3 pelear con \u00e9l primero por el segundo lugar y luego por el liderazgo; Canapino, por su parte, qued\u00f3 a seis segundos y 413 mil\u00e9simas e hizo negocio al aprovechar la ca\u00edda de pilotos que iban por delante de \u00e9l para crecer en las posiciones.<\/p>\n\n\n\n<p>En el campeonato, el l\u00edder sigue siendo Bastidas con 178,5 puntos. Tom\u00f3 m\u00e1s distancia de su escolta, que ahora es Tambucci con 134 unidades; mientras que el tercero es Adri\u00e1n Oubi\u00f1a, con 134 puntos.<\/p>\n\n\n\n<p>Luego de esta final habr\u00e1 que esperar un mes m\u00e1s para la s\u00e9ptima fecha. Ser\u00e1 el fin de semana del 23 al 25 de agosto en el aut\u00f3dromo de Rosario.<\/p>\n\n\n\n<p><strong>Resultados &#8211; Turismo Pista &#8211; Clase 3 &#8211; Fecha 6 (en Paran\u00e1)<\/strong><br><strong>1\u00b0) Exequiel Bastidas (Toyota):<\/strong>&nbsp;<strong>26\u201928\u201d258\/1000.<\/strong><br>2\u00b0) Santiago Tambucci (Renault): a 783\/1000.<br>3\u00b0) Mat\u00edas Canapino (Chevrolet): a 6\u201d413\/1000.<br>4\u00b0) Pablo Collazo (Volkswagen): a 6\u201d751\/1000.<br>5\u00b0) Federico Hermida (Toyota): a 11\u201d342\/1000.<\/p>\n\n\n\n<p><strong>Campeonato &#8211; Turismo Pista<\/strong><br><strong>1\u00b0) Exequiel Bastidas (Renault): 178,5 puntos.<\/strong><br>2\u00b0) Santiago Tambucci (Renault): 134.<br>3\u00b0) Adri\u00e1n Oubi\u00f1a (Renault): 132.<br>4\u00b0) Jorge Possiel (Toyota): 119.<br>5\u00b0) Tom\u00e1s Mart\u00edn (Toyota): a 112,5.<\/p>\n\n\n\n<p><strong>Clase 2<\/strong><br>En la Clase 2 lo m\u00e1s destacado pas\u00f3 por lo hecho por Joaqu\u00edn Melo, que fue el primero en completar los 14 giros de competencia en 27 minutos, 13 segundos y 644 mil\u00e9simas.<\/p>\n\n\n\n<p>El de Ford se qued\u00f3 con la victoria seguido de Lucas Bayala (a un segundo y 747 mil\u00e9simas) y Alan Buchholz (a tres segundos y 432 mil\u00e9simas), que completaron el podio.<\/p>\n\n\n\n<p>En cuanto a los entrerrianos, el m\u00e1s destacado fue Fabricio Scatena, que qued\u00f3 12\u00b0. M\u00e1s atr\u00e1s aparecieron Yair Etcheveste, que termin\u00f3 14\u00b0, Favio Grin\u00f3vero, que finaliz\u00f3 25\u00b0 y Brian Dodera, que abandon\u00f3.<\/p>\n\n\n\n<p>En el campeonato el l\u00edder es Fernando Iglesias con 155 puntos, seguido de Bayala con 152 y Jos\u00e9 Costamagna, con 145,5. El entrerriano que m\u00e1s arriba est\u00e1 es Etcheveste, und\u00e9cimo con 99 puntos. Scatena tiene 26,5, Dodera suma 18 y Grin\u00f3vero tiene solo una unidad.<\/p>\n\n\n\n<p><strong>Clase 1<\/strong><br>En la carrera entre Fiat Uno, el ganador de la jornada fue Nicol\u00e1s Benito. El de Olavarr\u00eda complet\u00f3 la carrera tras 20 minutos, 39 segundos y 358 mil\u00e9simas, con lo que se qued\u00f3 con la victoria tras 10 giros de competencia.<\/p>\n\n\n\n<p>En pista no fue as\u00ed, ya que el primero en cruzar la bandera a cuadros fue Francisco Su\u00e1rez, a quien sancionaron con un puesto de recargo luego de dejar sin pista a Benito durante la competencia. Esto provoc\u00f3 que quedara como escolta. El tercero fue Joaqu\u00edn Deucedes.<\/p>\n\n\n\n<p>En la tabla de posiciones, Su\u00e1rez sigue liderando con tres victorias en la temporada y 214 puntos en total. El segundo es Felipe Rey, con 170,5; y el tercero es Juli\u00e1n Mart\u00ednez, que suma 109,5.<\/p>\n\n\n\n<blockquote class=\"wp-block-quote is-layout-flow wp-block-quote-is-layout-flow\">\n<blockquote class=\"wp-block-quote is-layout-flow wp-block-quote-is-layout-flow\">\n<p>www.analisisdigital.com.ar<\/p>\n<\/blockquote>\n<\/blockquote>\n","protected":false},"excerpt":{"rendered":"<p>Este domingo se llev\u00f3 a cabo la sexta final de la temporada del Turismo Pista&#8230;.<\/p>\n","protected":false},"author":2,"featured_media":1939,"comment_status":"open","ping_status":"open","sticky":false,"template":"","format":"standard","meta":{"footnotes":""},"categories":[6],"tags":[],"class_list":["post-1938","post","type-post","status-publish","format-standard","has-post-thumbnail","hentry","category-automovilismo"],"featured_image_urls":{"full":["https:\/\/deportodos.com.ar\/2023\/wp-content\/uploads\/2024\/07\/exequiel_bastidas_22.jpg",450,300,false],"thumbnail":["https:\/\/deportodos.com.ar\/2023\/wp-content\/uploads\/2024\/07\/exequiel_bastidas_22-150x150.jpg",150,150,true],"medium":["https:\/\/deportodos.com.ar\/2023\/wp-content\/uploads\/2024\/07\/exequiel_bastidas_22-300x200.jpg",300,200,true],"medium_large":["https:\/\/deportodos.com.ar\/2023\/wp-content\/uploads\/2024\/07\/exequiel_bastidas_22.jpg",450,300,false],"large":["https:\/\/deportodos.com.ar\/2023\/wp-content\/uploads\/2024\/07\/exequiel_bastidas_22.jpg",450,300,false],"1536x1536":["https:\/\/deportodos.com.ar\/2023\/wp-content\/uploads\/2024\/07\/exequiel_bastidas_22.jpg",450,300,false],"2048x2048":["https:\/\/deportodos.com.ar\/2023\/wp-content\/uploads\/2024\/07\/exequiel_bastidas_22.jpg",450,300,false],"covernews-featured":["https:\/\/deportodos.com.ar\/2023\/wp-content\/uploads\/2024\/07\/exequiel_bastidas_22.jpg",450,300,false],"covernews-medium":["https:\/\/deportodos.com.ar\/2023\/wp-content\/uploads\/2024\/07\/exequiel_bastidas_22.jpg",450,300,false]},"author_info":{"display_name":"c2530142","author_link":"https:\/\/deportodos.com.ar\/2023\/author\/c2530142\/"},"category_info":"<a href=\"https:\/\/deportodos.com.ar\/2023\/category\/automovilismo\/\" rel=\"category tag\">Automovilismo<\/a>","tag_info":"Automovilismo","comment_count":"0","_links":{"self":[{"href":"https:\/\/deportodos.com.ar\/2023\/wp-json\/wp\/v2\/posts\/1938","targetHints":{"allow":["GET"]}}],"collection":[{"href":"https:\/\/deportodos.com.ar\/2023\/wp-json\/wp\/v2\/posts"}],"about":[{"href":"https:\/\/deportodos.com.ar\/2023\/wp-json\/wp\/v2\/types\/post"}],"author":[{"embeddable":true,"href":"https:\/\/deportodos.com.ar\/2023\/wp-json\/wp\/v2\/users\/2"}],"replies":[{"embeddable":true,"href":"https:\/\/deportodos.com.ar\/2023\/wp-json\/wp\/v2\/comments?post=1938"}],"version-history":[{"count":1,"href":"https:\/\/deportodos.com.ar\/2023\/wp-json\/wp\/v2\/posts\/1938\/revisions"}],"predecessor-version":[{"id":1940,"href":"https:\/\/deportodos.com.ar\/2023\/wp-json\/wp\/v2\/posts\/1938\/revisions\/1940"}],"wp:featuredmedia":[{"embeddable":true,"href":"https:\/\/deportodos.com.ar\/2023\/wp-json\/wp\/v2\/media\/1939"}],"wp:attachment":[{"href":"https:\/\/deportodos.com.ar\/2023\/wp-json\/wp\/v2\/media?parent=1938"}],"wp:term":[{"taxonomy":"category","embeddable":true,"href":"https:\/\/deportodos.com.ar\/2023\/wp-json\/wp\/v2\/categories?post=1938"},{"taxonomy":"post_tag","embeddable":true,"href":"https:\/\/deportodos.com.ar\/2023\/wp-json\/wp\/v2\/tags?post=1938"}],"curies":[{"name":"wp","href":"https:\/\/api.w.org\/{rel}","templated":true}]}}