{"id":1958,"date":"2024-07-26T12:12:25","date_gmt":"2024-07-26T12:12:25","guid":{"rendered":"https:\/\/deportodos.com.ar\/2023\/?p=1958"},"modified":"2024-08-01T15:18:55","modified_gmt":"2024-08-01T15:18:55","slug":"gimnasia-recibira-el-domingo-a-douglas-que-cambio-de-dt","status":"publish","type":"post","link":"https:\/\/deportodos.com.ar\/2023\/gimnasia-recibira-el-domingo-a-douglas-que-cambio-de-dt\/","title":{"rendered":"GIMNASIA RECIBIR\u00c1 EL DOMINGO A DOUGLAS QUE CAMBI\u00d3 DE DT"},"content":{"rendered":"\n<p>Gimnasia y Esgrima se prepara la segunda fecha de la Rev\u00e1lida y el domingo a partir de las 15:30 hs enfrentar\u00e1 a Douglas Haig de Pergamino con la idea de sumar los primeros puntos en esta nueva fase del torneo. El Lobo cay\u00f3 en la primera fecha 2 a 1 ante Boca Unidos de Corrientes y tiene por delante un partido important\u00edsimo en su lucha por mantener la categor\u00eda.<\/p>\n\n\n\n<p>El encuentro entre el Lobo y Douglas ser\u00e1 dirigido por el cordob\u00e9s C\u00e9sar Ceballos, quien estar\u00e1 acompa\u00f1ado por Mat\u00edas Balmaceda (R\u00edo Tercero) y Marcos Guzm\u00e1n (Pascanas).<\/p>\n\n\n\n<p>Por su parte, Depro viajar\u00e1 a Sunchales para medirse ante Uni\u00f3n, tambi\u00e9n el domingo a las 15:30 hs. Este partido tendr\u00e1 como \u00e1rbitro a Marcos Liuzzi, de Ayacucho. El equipo de Hern\u00e1n Orcellet cay\u00f3 en la primera fecha 2 a 0 frente a Douglas Haig en el \u201cDelio Esteban Cardozo\u201d.<\/p>\n\n\n\n<p>Programaci\u00f3n Fecha 2 \u2013 Rev\u00e1lida B.<\/p>\n\n\n\n<p>S\u00e1bado<\/p>\n\n\n\n<p>15:00 hs Independiente (Chivilcoy) \u2013 Crucero del Norte (Misiones).<\/p>\n\n\n\n<p>\u00c1rbitro: Francisco Brian Rekers (Liga: C\u00f3rdoba).<br>Asistente 1: Mariano Ramon Gonzalez (Liga: Santa Fe).<br>Asistente 2: Robertino Rosas (Liga: Esperanza).<br>Cuarto \u00e1rbitro: Agustin Vegetti (Liga: Santa Fe).<\/p>\n\n\n\n<p>Domingo<\/p>\n\n\n\n<p>15:30 hs Gimnasia y Esgrima \u2013 Douglas Haig (Pergamino).<\/p>\n\n\n\n<p>\u00c1rbitro: Cesar Antonio Ceballos (Liga: C\u00f3rdoba).<br>Asistente 1: Matias Ezequiel Balmaceda (Liga: R\u00edo Tercero).<br>Asistente 2: Marcos David Guzman (Liga: Pascanas).<br>Cuarto \u00e1rbitro: Maria Belen Bevilacqua (Liga: R\u00edo Cuarto).<\/p>\n\n\n\n<p>15:30 hs Uni\u00f3n (Sunchales) \u2013 Depro.<\/p>\n\n\n\n<p>\u00c1rbitro: Marcos Ignacio Liuzzi (Liga: Ayacucho).<br>Asistente 1: Martin Daniel Nardelli (Liga: Luj\u00e1n).<br>Asistente 2: Angel Esteban Ayala (Liga: Corrientes).<br>Cuarto \u00e1rbitro: Oscar Ariel Bono (Liga: Jun\u00edn).<\/p>\n\n\n\n<p>16:00 hs Sarmiento (Resistencia) \u2013 Boca Unidos (Corrientes).<\/p>\n\n\n\n<p>\u00c1rbitro: Nelson Matias Bejas (Liga: Tucum\u00e1n).<br>Asistente 1: Leila Romina Arga\u00f1araz (Liga: Tucum\u00e1n).<br>Asistente 2: Jos\u00e9 Daniel Ponce (Liga: Tucum\u00e1n).<br>Cuarto \u00e1rbitro: Rodrigo Ballestero (Liga: Tucum\u00e1n).<\/p>\n\n\n\n<p>16:30 hs Juventud Antoniana (Salta) \u2013 El Linque\u00f1o.<\/p>\n\n\n\n<p>\u00c1rbitro: Maximiliano Gabriel Silcan Jerez (Liga: Catamarca).<br>Asistente 1: Ezequiel Augusto Aguero (Liga: Catamarca).<br>Asistente 2: Jorge Antonio Sayago (Liga: Santiago Del Estero).<br>Cuarto \u00e1rbitro: Nestor Fabian Caceres (Liga: Santiago Del Estero.<\/p>\n\n\n\n<blockquote class=\"wp-block-quote is-layout-flow wp-block-quote-is-layout-flow\">\n<p>www.lacalle.com.ar<\/p>\n<\/blockquote>\n","protected":false},"excerpt":{"rendered":"<p>Gimnasia y Esgrima se prepara la segunda fecha de la Rev\u00e1lida y el domingo a&#8230;<\/p>\n","protected":false},"author":2,"featured_media":1959,"comment_status":"open","ping_status":"open","sticky":false,"template":"","format":"standard","meta":{"footnotes":""},"categories":[36],"tags":[],"class_list":["post-1958","post","type-post","status-publish","format-standard","has-post-thumbnail","hentry","category-futbol"],"featured_image_urls":{"full":["https:\/\/deportodos.com.ar\/2023\/wp-content\/uploads\/2024\/07\/gimn6-3-696x514-1.webp",696,514,false],"thumbnail":["https:\/\/deportodos.com.ar\/2023\/wp-content\/uploads\/2024\/07\/gimn6-3-696x514-1-150x150.webp",150,150,true],"medium":["https:\/\/deportodos.com.ar\/2023\/wp-content\/uploads\/2024\/07\/gimn6-3-696x514-1-300x222.webp",300,222,true],"medium_large":["https:\/\/deportodos.com.ar\/2023\/wp-content\/uploads\/2024\/07\/gimn6-3-696x514-1.webp",640,473,false],"large":["https:\/\/deportodos.com.ar\/2023\/wp-content\/uploads\/2024\/07\/gimn6-3-696x514-1.webp",640,473,false],"1536x1536":["https:\/\/deportodos.com.ar\/2023\/wp-content\/uploads\/2024\/07\/gimn6-3-696x514-1.webp",696,514,false],"2048x2048":["https:\/\/deportodos.com.ar\/2023\/wp-content\/uploads\/2024\/07\/gimn6-3-696x514-1.webp",696,514,false],"covernews-featured":["https:\/\/deportodos.com.ar\/2023\/wp-content\/uploads\/2024\/07\/gimn6-3-696x514-1.webp",696,514,false],"covernews-medium":["https:\/\/deportodos.com.ar\/2023\/wp-content\/uploads\/2024\/07\/gimn6-3-696x514-1-540x340.webp",540,340,true]},"author_info":{"display_name":"c2530142","author_link":"https:\/\/deportodos.com.ar\/2023\/author\/c2530142\/"},"category_info":"<a href=\"https:\/\/deportodos.com.ar\/2023\/category\/futbol\/\" rel=\"category tag\">Futbol<\/a>","tag_info":"Futbol","comment_count":"0","_links":{"self":[{"href":"https:\/\/deportodos.com.ar\/2023\/wp-json\/wp\/v2\/posts\/1958","targetHints":{"allow":["GET"]}}],"collection":[{"href":"https:\/\/deportodos.com.ar\/2023\/wp-json\/wp\/v2\/posts"}],"about":[{"href":"https:\/\/deportodos.com.ar\/2023\/wp-json\/wp\/v2\/types\/post"}],"author":[{"embeddable":true,"href":"https:\/\/deportodos.com.ar\/2023\/wp-json\/wp\/v2\/users\/2"}],"replies":[{"embeddable":true,"href":"https:\/\/deportodos.com.ar\/2023\/wp-json\/wp\/v2\/comments?post=1958"}],"version-history":[{"count":1,"href":"https:\/\/deportodos.com.ar\/2023\/wp-json\/wp\/v2\/posts\/1958\/revisions"}],"predecessor-version":[{"id":1960,"href":"https:\/\/deportodos.com.ar\/2023\/wp-json\/wp\/v2\/posts\/1958\/revisions\/1960"}],"wp:featuredmedia":[{"embeddable":true,"href":"https:\/\/deportodos.com.ar\/2023\/wp-json\/wp\/v2\/media\/1959"}],"wp:attachment":[{"href":"https:\/\/deportodos.com.ar\/2023\/wp-json\/wp\/v2\/media?parent=1958"}],"wp:term":[{"taxonomy":"category","embeddable":true,"href":"https:\/\/deportodos.com.ar\/2023\/wp-json\/wp\/v2\/categories?post=1958"},{"taxonomy":"post_tag","embeddable":true,"href":"https:\/\/deportodos.com.ar\/2023\/wp-json\/wp\/v2\/tags?post=1958"}],"curies":[{"name":"wp","href":"https:\/\/api.w.org\/{rel}","templated":true}]}}