{"id":2020,"date":"2024-08-03T21:26:54","date_gmt":"2024-08-03T21:26:54","guid":{"rendered":"https:\/\/deportodos.com.ar\/2023\/?p=2020"},"modified":"2024-08-03T21:26:55","modified_gmt":"2024-08-03T21:26:55","slug":"maraton-tecnologica-2024","status":"publish","type":"post","link":"https:\/\/deportodos.com.ar\/2023\/maraton-tecnologica-2024\/","title":{"rendered":"MARAT\u00d3N TECNOL\u00d3GICA 2024"},"content":{"rendered":"\n<p>Se disput\u00f3 est\u00e9 s\u00e1bado 3 de agosto la 7\u00b0 Edici\u00f3n de la Marat\u00f3n Tecnol\u00f3gica en la sede de la UTN. Los ganadores en la categor\u00eda caballeros fueron Luis Videla de Gualeguay, escoltado por Juan Bravo de Col\u00f3n y el tercer puesto fue para Maximiliano Hilarza de Concepcion del Uruguay, en tanto en la categor\u00eda Damas gan\u00f3 la competencia Soledad Qui\u00f1ones de Basavilbaso, escoltada por las uruguayenses Florencia Cabrera y Tatiana Diaz.<\/p>\n\n\n\n<p>Participaron m\u00e1s de 170 corredores en las prueba principal de 8k y la aer\u00f3bica 5k en el marco de la 3\u00b0 Fecha del Circuito de Pedestrismo; organizada por la Facultad Regional de Concepci\u00f3n del Uruguay con la coordinaci\u00f3n de la Direcci\u00f3n de Deportes Municipal.<\/p>\n\n\n\n<p>DAMAS 8K<\/p>\n\n\n\n<p>1) Malvina Soledad Qui\u00f1onez (Basso) 33:38<br>2) Florencia Cabrera (C. del U.) 33:49<br>3) Tatiana D\u00edaz (C. del U.) 34:49<br>4) Magdalena Slootmans (C. del U.) 36:05<br>5) Mariana Simovich (C. del U.) 37:12<br>6) Yanina Woeffray (San Jos\u00e9) 38:40<br>7) Lorena Elisabet Venini (C. del U.) 38:59<br>8) Samanta Kloster (C. del U.) 39:43<br>9) Giuliana Fochesatto (San Jos\u00e9) 40:38<br>10) Mar\u00eda Antonella Mendieta (C. del U.) 40:56<\/p>\n\n\n\n<p>CABALLEROS 8K<\/p>\n\n\n\n<p>1) Luis Mar\u00eda Videla (Gualeguay) 27:31<br>2) Juan Bravo (Col\u00f3n) 28:56<br>3) Maximiliano Hilarza (C. del U.) 29:59<br>4) Gabriel Gonz\u00e1lez (Gualeguay) 30:15<br>5) Marco Daniel Moreno (Caseros) 30:50<br>6) Mart\u00edn Ibarra (Gualeguay) 30:51<br>7) Alejandro Godoy (Concordia) 31:11<br>8) Carlos Alberto Martinelli (Gch\u00fa) 31:20<br>9) Mauro Burgos (San Jos\u00e9) 31:28<br>10) Juan Pablo C\u00e1ceres (Urdinarrain) 31:41<\/p>\n\n\n\n<p>&#x23f1;&#xfe0f; Resultados \/ MARATON TECNOLOGICA UTN:<\/p>\n\n\n\n<p>General 8 km &#x27a1;&#xfe0f; cronomet.com.ar\/?cronomet=utn-8g<\/p>\n\n\n\n<p>Categorias 8 km &#x27a1;&#xfe0f; cronomet.com.ar\/?cronomet=utn-8c<\/p>\n\n\n\n<p>Comunidad UTN 8 km &#x27a1;&#xfe0f; cronomet.com.ar\/?cronomet=utn-co<\/p>\n","protected":false},"excerpt":{"rendered":"<p>Se disput\u00f3 est\u00e9 s\u00e1bado 3 de agosto la 7\u00b0 Edici\u00f3n de la Marat\u00f3n Tecnol\u00f3gica en&#8230;<\/p>\n","protected":false},"author":2,"featured_media":2021,"comment_status":"open","ping_status":"open","sticky":false,"template":"","format":"standard","meta":{"footnotes":""},"categories":[5],"tags":[],"class_list":["post-2020","post","type-post","status-publish","format-standard","has-post-thumbnail","hentry","category-atletismo"],"featured_image_urls":{"full":["https:\/\/deportodos.com.ar\/2023\/wp-content\/uploads\/2024\/08\/FB_IMG_1722720371760.jpg",1080,608,false],"thumbnail":["https:\/\/deportodos.com.ar\/2023\/wp-content\/uploads\/2024\/08\/FB_IMG_1722720371760-150x150.jpg",150,150,true],"medium":["https:\/\/deportodos.com.ar\/2023\/wp-content\/uploads\/2024\/08\/FB_IMG_1722720371760-300x169.jpg",300,169,true],"medium_large":["https:\/\/deportodos.com.ar\/2023\/wp-content\/uploads\/2024\/08\/FB_IMG_1722720371760-768x432.jpg",640,360,true],"large":["https:\/\/deportodos.com.ar\/2023\/wp-content\/uploads\/2024\/08\/FB_IMG_1722720371760-1024x576.jpg",640,360,true],"1536x1536":["https:\/\/deportodos.com.ar\/2023\/wp-content\/uploads\/2024\/08\/FB_IMG_1722720371760.jpg",1080,608,false],"2048x2048":["https:\/\/deportodos.com.ar\/2023\/wp-content\/uploads\/2024\/08\/FB_IMG_1722720371760.jpg",1080,608,false],"covernews-featured":["https:\/\/deportodos.com.ar\/2023\/wp-content\/uploads\/2024\/08\/FB_IMG_1722720371760-1024x576.jpg",1024,576,true],"covernews-medium":["https:\/\/deportodos.com.ar\/2023\/wp-content\/uploads\/2024\/08\/FB_IMG_1722720371760-540x340.jpg",540,340,true]},"author_info":{"display_name":"c2530142","author_link":"https:\/\/deportodos.com.ar\/2023\/author\/c2530142\/"},"category_info":"<a href=\"https:\/\/deportodos.com.ar\/2023\/category\/atletismo\/\" rel=\"category tag\">Atletismo<\/a>","tag_info":"Atletismo","comment_count":"0","_links":{"self":[{"href":"https:\/\/deportodos.com.ar\/2023\/wp-json\/wp\/v2\/posts\/2020","targetHints":{"allow":["GET"]}}],"collection":[{"href":"https:\/\/deportodos.com.ar\/2023\/wp-json\/wp\/v2\/posts"}],"about":[{"href":"https:\/\/deportodos.com.ar\/2023\/wp-json\/wp\/v2\/types\/post"}],"author":[{"embeddable":true,"href":"https:\/\/deportodos.com.ar\/2023\/wp-json\/wp\/v2\/users\/2"}],"replies":[{"embeddable":true,"href":"https:\/\/deportodos.com.ar\/2023\/wp-json\/wp\/v2\/comments?post=2020"}],"version-history":[{"count":1,"href":"https:\/\/deportodos.com.ar\/2023\/wp-json\/wp\/v2\/posts\/2020\/revisions"}],"predecessor-version":[{"id":2022,"href":"https:\/\/deportodos.com.ar\/2023\/wp-json\/wp\/v2\/posts\/2020\/revisions\/2022"}],"wp:featuredmedia":[{"embeddable":true,"href":"https:\/\/deportodos.com.ar\/2023\/wp-json\/wp\/v2\/media\/2021"}],"wp:attachment":[{"href":"https:\/\/deportodos.com.ar\/2023\/wp-json\/wp\/v2\/media?parent=2020"}],"wp:term":[{"taxonomy":"category","embeddable":true,"href":"https:\/\/deportodos.com.ar\/2023\/wp-json\/wp\/v2\/categories?post=2020"},{"taxonomy":"post_tag","embeddable":true,"href":"https:\/\/deportodos.com.ar\/2023\/wp-json\/wp\/v2\/tags?post=2020"}],"curies":[{"name":"wp","href":"https:\/\/api.w.org\/{rel}","templated":true}]}}