{"id":2048,"date":"2024-08-07T21:37:32","date_gmt":"2024-08-07T21:37:32","guid":{"rendered":"https:\/\/deportodos.com.ar\/2023\/?p=2048"},"modified":"2024-08-07T21:37:34","modified_gmt":"2024-08-07T21:37:34","slug":"otro-fin-de-semana-mas-con-actividad-en-el-parque-autodromo","status":"publish","type":"post","link":"https:\/\/deportodos.com.ar\/2023\/otro-fin-de-semana-mas-con-actividad-en-el-parque-autodromo\/","title":{"rendered":"OTRO FIN DE SEMANA M\u00c1S CON ACTIVIDAD EN EL PARQUE AUT\u00d3DROMO"},"content":{"rendered":"\n<p>Este s\u00e1bado y domingo, el Parque Aut\u00f3dromo Ciudad de Concordia tendr\u00e1 actividad en pista. En este caso con la visita de las categor\u00edas m\u00e1s convocantes de la provincia. El turno, en este caso, es para el Competici\u00f3n Especial Entrerriana y sus 3 divisionales, la F\u00f3rmula 3 Entrerriana y el TC Pista Entrerriano, entre otras. La actividad oficial se concentrar\u00e1 con un amplio cronograma desde la ma\u00f1ana sabatina, mientras que las no oficiales se dar\u00e1n el d\u00eda viernes. Entrada general y boxes $4500, socios del club con cuotas al d\u00eda, menores de 12 a\u00f1os, jubilados con carnet y personas con discapacidades diferentes, no abonan ingreso.<\/p>\n\n\n\n<p>Ser\u00e1 un nuevo fin de semana con automovilismo en Concordia, en una seguidilla de actividades que tendr\u00e1 continuidad hasta fines de septiembre. Luego del paso de las Picadas de Motos y Autos, este \u00faltimo fin de semana, se viene las divisionales con mayor parque automotor de la provincia. Ser\u00e1n 6 categor\u00edas en total entre las 3 divisionales del Competici\u00f3n Especial, F\u00f3rmula 3 Entrerriana, TC Pista y F\u00f3rmula Entrerriana.<\/p>\n\n\n\n<p>La actividad en pista con el cronograma oficial comenzar\u00e1 el d\u00eda s\u00e1bado 10 de agosto por la ma\u00f1ana con las pruebas libres, para darle continuidad con las clasificaciones y la 1\u00aa final del fin de semana de la 3 Entrerriana. El domingo ser\u00e1 de series y finales.<\/p>\n\n\n\n<p>El d\u00eda viernes a partir de las 8 de la ma\u00f1ana se habilitar\u00e1 el ingreso para los equipos y p\u00fablico en general, para luego a partir de las 10 horas se habilite el circuito para los Pruebas Comunitarias.<\/p>\n\n\n\n<p>PRECIO ENTRADAS PARA LOS 3 D\u00cdAS<br>Entradas $4500<br>Estacionamientos $2000<br>Motorhome $18000<\/p>\n\n\n\n<p>Socios del club con cuotas al d\u00eda, menores de 12 a\u00f1os, jubilados con carnet y personas con discapacidades diferentes, no abonan ingreso.<\/p>\n\n\n\n<p>AGENDA DEL PARQUE AUT\u00d3DROMO CIUDAD DE CONCORDIA<br>Agosto<br>10 y 11 &#8211; CE Entrerriano, F3 Entrerriana y TC Pista Entrerriano<br>17 y 18 &#8211; 4\u00aa\/5\u00aa Fecha Karting Regional AKAC<br>24 y 25 &#8211; Campeonato Argentino de Motos de Velocidad<\/p>\n\n\n\n<p>Septiembre<br>07\/09 \u2013 Categor\u00eda a confirmar<br>14\/09 &#8211; Picadas de Motos y Autos<br>21\/09 &#8211; 7\u00aa Fecha Turismo Internacional, SP 1000 Nueva Generaci\u00f3n y TC 850 Entrerriano<br>28\/09 &#8211; 2\u00aa Edici\u00f3n Track Day Motos Concordia<\/p>\n\n\n\n<p>Ph: Competici\u00f3n Especial Entrerriano<\/p>\n","protected":false},"excerpt":{"rendered":"<p>Este s\u00e1bado y domingo, el Parque Aut\u00f3dromo Ciudad de Concordia tendr\u00e1 actividad en pista. En&#8230;<\/p>\n","protected":false},"author":2,"featured_media":2049,"comment_status":"open","ping_status":"open","sticky":false,"template":"","format":"standard","meta":{"footnotes":""},"categories":[6],"tags":[],"class_list":["post-2048","post","type-post","status-publish","format-standard","has-post-thumbnail","hentry","category-automovilismo"],"featured_image_urls":{"full":["https:\/\/deportodos.com.ar\/2023\/wp-content\/uploads\/2024\/08\/IMG-20240807-WA0037.jpg",1600,1067,false],"thumbnail":["https:\/\/deportodos.com.ar\/2023\/wp-content\/uploads\/2024\/08\/IMG-20240807-WA0037-150x150.jpg",150,150,true],"medium":["https:\/\/deportodos.com.ar\/2023\/wp-content\/uploads\/2024\/08\/IMG-20240807-WA0037-300x200.jpg",300,200,true],"medium_large":["https:\/\/deportodos.com.ar\/2023\/wp-content\/uploads\/2024\/08\/IMG-20240807-WA0037-768x512.jpg",640,427,true],"large":["https:\/\/deportodos.com.ar\/2023\/wp-content\/uploads\/2024\/08\/IMG-20240807-WA0037-1024x683.jpg",640,427,true],"1536x1536":["https:\/\/deportodos.com.ar\/2023\/wp-content\/uploads\/2024\/08\/IMG-20240807-WA0037-1536x1024.jpg",1536,1024,true],"2048x2048":["https:\/\/deportodos.com.ar\/2023\/wp-content\/uploads\/2024\/08\/IMG-20240807-WA0037.jpg",1600,1067,false],"covernews-featured":["https:\/\/deportodos.com.ar\/2023\/wp-content\/uploads\/2024\/08\/IMG-20240807-WA0037-1024x683.jpg",1024,683,true],"covernews-medium":["https:\/\/deportodos.com.ar\/2023\/wp-content\/uploads\/2024\/08\/IMG-20240807-WA0037-540x340.jpg",540,340,true]},"author_info":{"display_name":"c2530142","author_link":"https:\/\/deportodos.com.ar\/2023\/author\/c2530142\/"},"category_info":"<a href=\"https:\/\/deportodos.com.ar\/2023\/category\/automovilismo\/\" rel=\"category tag\">Automovilismo<\/a>","tag_info":"Automovilismo","comment_count":"0","_links":{"self":[{"href":"https:\/\/deportodos.com.ar\/2023\/wp-json\/wp\/v2\/posts\/2048","targetHints":{"allow":["GET"]}}],"collection":[{"href":"https:\/\/deportodos.com.ar\/2023\/wp-json\/wp\/v2\/posts"}],"about":[{"href":"https:\/\/deportodos.com.ar\/2023\/wp-json\/wp\/v2\/types\/post"}],"author":[{"embeddable":true,"href":"https:\/\/deportodos.com.ar\/2023\/wp-json\/wp\/v2\/users\/2"}],"replies":[{"embeddable":true,"href":"https:\/\/deportodos.com.ar\/2023\/wp-json\/wp\/v2\/comments?post=2048"}],"version-history":[{"count":1,"href":"https:\/\/deportodos.com.ar\/2023\/wp-json\/wp\/v2\/posts\/2048\/revisions"}],"predecessor-version":[{"id":2050,"href":"https:\/\/deportodos.com.ar\/2023\/wp-json\/wp\/v2\/posts\/2048\/revisions\/2050"}],"wp:featuredmedia":[{"embeddable":true,"href":"https:\/\/deportodos.com.ar\/2023\/wp-json\/wp\/v2\/media\/2049"}],"wp:attachment":[{"href":"https:\/\/deportodos.com.ar\/2023\/wp-json\/wp\/v2\/media?parent=2048"}],"wp:term":[{"taxonomy":"category","embeddable":true,"href":"https:\/\/deportodos.com.ar\/2023\/wp-json\/wp\/v2\/categories?post=2048"},{"taxonomy":"post_tag","embeddable":true,"href":"https:\/\/deportodos.com.ar\/2023\/wp-json\/wp\/v2\/tags?post=2048"}],"curies":[{"name":"wp","href":"https:\/\/api.w.org\/{rel}","templated":true}]}}